{"id":4453,"date":"2022-05-20T04:59:11","date_gmt":"2022-05-20T07:59:11","guid":{"rendered":"https:\/\/vimagazine.com.br\/?p=4453"},"modified":"2022-05-20T05:10:53","modified_gmt":"2022-05-20T08:10:53","slug":"deputado-distrital-fala-com-exclusividade-sobre-a-causa-lgbtqi-e-outros-assuntos","status":"publish","type":"post","link":"https:\/\/vimagazine.com.br\/?p=4453","title":{"rendered":"\u00a0\u00a0 Deputado distrital fala com exclusividade sobre a causa LGBTQI+ e outros assuntos"},"content":{"rendered":"\n<p><\/p>\n\n\n\n<p>&nbsp;&nbsp; <strong>F\u00e1bio F\u00e9lix Silveira<\/strong> \u00e9 formado em Servi\u00e7o Social pela Universidade de Bras\u00edlia, atualmente doutorando pela UNB (Universidade de Bras\u00edlia). \u00c9 professor e pol\u00edtico brasileiro eleito \u00e0 C\u00e2mara Legislativa do Distrito Federal pelo PSOL em 2018. \u00c9 ativista dos direitos LGBTQI+ e, \u00e9 servidor p\u00fablico do sistema socioeducativo do DF.<\/p>\n\n\n\n<p><\/p>\n\n\n\n<p>\u00a0\u00a0Em meio a um contexto marcado por preconceitos aos movimentos <strong>LGBTQI+<\/strong>, que eu entrevistei com exclusividade, o Deputado distrital, <strong>F\u00e1bio F\u00e9lix<\/strong>. Na oportunidade, o entrevistado fala sobre preconceito, seus projetos dentre outras quest\u00f5es.<\/p>\n\n\n\n<p><\/p>\n\n\n\n<p><strong><em>O que o levou a ingressar na pol\u00edtica e quais s\u00e3o os seus principais projetos para o ano de 2022?<\/em><\/strong><\/p>\n\n\n\n<p><\/p>\n\n\n\n<p><strong>&nbsp;R:<\/strong> Eu comecei a minha atua\u00e7\u00e3o pol\u00edtica muito jovem, no movimento estudantil, quando ingressei no curso de servi\u00e7o social da Universidade de Bras\u00edlia. Na UnB eu me uni \u00e0s pessoas que articulavam a cria\u00e7\u00e3o do PSOL, coordenei o Diret\u00f3rio Central dos Estudantes da (DCE) e participei ativamente da hist\u00f3rica ocupa\u00e7\u00e3o da Reitoria da UnB, em 2008. A universidade foi muito importante para mim, para o meu engajamento pol\u00edtico.<\/p>\n\n\n\n<p><\/p>\n\n\n\n<p>&nbsp; &#8211; A universidade p\u00fablica me deu a chance de participar de espa\u00e7os que mobilizavam as tem\u00e1ticas antirracista, feministas e LGBTI+. Lembro com orgulho que fundamos o primeiro grupo LGBTI+ da UnB, o Klaus. No Centro Acad\u00eamico de Servi\u00e7o Social e no DCE, criamos muitos espa\u00e7os que pressionavam a UnB a pensar a diversidade e a quest\u00e3o de g\u00eanero como temas estruturais. Foi ali que eu n\u00e3o tive mais d\u00favidas: para transformar a sociedade, a gente precisa fazer a luta coletiva.<\/p>\n\n\n\n<p><\/p>\n\n\n\n<p>&nbsp;&#8211; Em 2018, fui eleito o primeiro parlamentar orgulhosamente gay a ocupar uma cadeira no poder legislativo do DF. Com o in\u00edcio do meu mandato, demos tamb\u00e9m in\u00edcio a um movimento coletivo de lutas por direitos humanos na cidade.<\/p>\n\n\n\n<p><\/p>\n\n\n\n<p>&nbsp;&nbsp; &#8211; Atuamos em muitas pautas, tendo sido um mandato que atuou na linha de frente do enfrentamento da pandemia e da luta por vacina. Tamb\u00e9m travei batalhas em defesa dos servidores p\u00fablicos e contra os feminic\u00eddios que crescem assustadoramente no Distrito Federal.<\/p>\n\n\n\n<p><\/p>\n\n\n\n<p>&nbsp; &#8211; Em 2022, queremos dar sequ\u00eancia a esse projeto vitorioso de transforma\u00e7\u00e3o social e me lancei pr\u00e9-candidato \u00e0 reelei\u00e7\u00e3o como deputado Distrital.<\/p>\n\n\n\n<p><\/p>\n\n\n\n<p><strong><em>Como o senhor avalia o preconceito contra o p\u00fablico LGBTQI+ e o que o senhor tem feito para combater as intoler\u00e2ncias que temos assistido?<\/em><\/strong><\/p>\n\n\n\n<p><\/p>\n\n\n\n<p><strong>&nbsp;R: <\/strong>A viol\u00eancia contra a popula\u00e7\u00e3o LGBTI sempre foi recorrente no nosso pa\u00eds, sobretudo por falta de pol\u00edticas p\u00fablicas estruturais que enxerguem essa comunidade como sujeitos de direitos.<\/p>\n\n\n\n<p><\/p>\n\n\n\n<p>&nbsp; &#8211; Com a elei\u00e7\u00e3o de Bolsonaro para presidente, um chefe de Estado que j\u00e1 declarou que tem orgulho de ser LGBTf\u00f3bico, essa viol\u00eancia recrudesceu de forma muito perigosa. Se antes as pessoas tinham vergonha de externar seus preconceitos, agora o fazem como parte de uma disputa cultural para empurrar as LGBTIs de volta para arm\u00e1rio e para um espa\u00e7o de invisibilidade.&nbsp;&nbsp;&nbsp;<\/p>\n\n\n\n<p><\/p>\n\n\n\n<p>&nbsp;&nbsp; &#8211; Como presidente da Comiss\u00e3o de Direitos Humanos, consegui criar uma conex\u00e3o muito grande com as pessoas em situa\u00e7\u00e3o de vulnerabilidade e viol\u00eancia. Isso inclui as LGBTs. Temos atuado muito fortemente no enfrentamento da LGBTFobia n\u00e3o s\u00f3 no DF, mas no Brasil.<\/p>\n\n\n\n<p><\/p>\n\n\n\n<p>&nbsp;&nbsp; &#8211; Processei Bolsonaro algumas vezes por homotransfobia e luto contra o \u00f3dio LGBTF\u00f3bico de muitas maneiras.<\/p>\n\n\n\n<p><\/p>\n\n\n\n<p>&nbsp; &#8211; Recebemos muitas den\u00fancias na CDH, cobramos a identifica\u00e7\u00e3o dos violadores e acompanhamos todo o processo de investiga\u00e7\u00e3o at\u00e9 a responsabiliza\u00e7\u00e3o de quem comete LGBTIFobia.<\/p>\n\n\n\n<p><\/p>\n\n\n\n<p>&nbsp; &#8211; Conseguimos transformar a Comiss\u00e3o de Direitos Humanos em refer\u00eancia na defesa da dignidade das pessoas.<\/p>\n\n\n\n<p><\/p>\n\n\n\n<p><strong><em>Quais s\u00e3o os seus projetos principais para a inclus\u00e3o de todos que s\u00e3o v\u00edtimas de preconceito?<\/em><\/strong><\/p>\n\n\n\n<p><\/p>\n\n\n\n<p>&nbsp;<strong>R:<\/strong> N\u00f3s aprovamos leis importantes e estamos lutando para aprovar outros projetos que ampliam direitos de pessoas vulner\u00e1veis e em situa\u00e7\u00e3o de viol\u00eancia, garantindo prote\u00e7\u00e3o e dignidade.<\/p>\n\n\n\n<p><\/p>\n\n\n\n<p>&nbsp;&#8211; Atuamos no enfrentamento do racismo, do machismo, da <strong>LGBTFobia<\/strong>, do preconceito e da viol\u00eancia contra pessoas autistas e com defici\u00eancia. Tamb\u00e9m atuamos contra a tortura e em defesa da dignidade das pessoas em priva\u00e7\u00e3o de liberdade, adolescentes em medida socioeducativa e suas fam\u00edlias.<\/p>\n\n\n\n<p><\/p>\n\n\n\n<p>&nbsp; &#8211; Posso citar a aprova\u00e7\u00e3o de leis como a que garante o nome social em concursos p\u00fablicos e em toda a documenta\u00e7\u00e3o p\u00f3s-morte. Tamb\u00e9m aprovamos a semana de preven\u00e7\u00e3o ao suic\u00eddio LGBTI nas escolas e o ensino da lei Maria da Penha de forma sistem\u00e1tica nas escolas do DF.<\/p>\n\n\n\n<p><\/p>\n\n\n\n<p>&nbsp; &#8211; Estamos lutando para implementar um programa de enfrentamento do racismo no DF e a cria\u00e7\u00e3o de uma rede de prote\u00e7\u00e3o \u00e0s <strong>LGBTIs <\/strong>do DF. Fui criador e relator da CPI do Feminic\u00eddio e, ao final do trabalho, encaminhei mais de 80 recomenda\u00e7\u00f5es ao poder p\u00fablico, al\u00e9m de aprova\u00e7\u00e3o de leis importantes como a que criou o <strong>\u201cPrograma \u00d3rf\u00e3os do Feminic\u00eddio<\/strong>\u201d.<\/p>\n\n\n\n<p><\/p>\n\n\n\n<p>&nbsp;&#8211; S\u00e3o muitas as conquistas e vamos seguir atuando na defesa dos direitos humanos.<\/p>\n\n\n\n<p><\/p>\n\n\n\n<p><strong><em>Como o senhor avalia a forma com que o governo atual tem tratado a causa LGBTQIA+?<\/em><\/strong><\/p>\n\n\n\n<p><\/p>\n\n\n\n<p>&nbsp;&nbsp; <strong>R:<\/strong> Bolsonaro \u00e9 um dos maiores violadores de Direitos Humanos que j\u00e1 ocupou cargos p\u00fablicos no Brasil. Assim como tem desmontado toda a rede de prote\u00e7\u00e3o a mulheres, crian\u00e7as e adolescentes ataca sistematicamente a popula\u00e7\u00e3o LGBTI+. Seja por meio de discursos LGBTIF\u00f3bicos, respons\u00e1veis por acionar gatilhos de viol\u00eancia na sociedade, ou por meio do desmonte de pol\u00edticas p\u00fablicas.<\/p>\n\n\n\n<p><\/p>\n\n\n\n<p>&nbsp; &#8211; As principais reivindica\u00e7\u00f5es hist\u00f3ricas do movimento, como o direito ao casamento civil, ado\u00e7\u00e3o, criminaliza\u00e7\u00e3o da LGBTfobia e o reconhecimento da identidade de g\u00eanero, s\u00f3 est\u00e3o garantidas gra\u00e7as \u00e0s decis\u00f5es do judici\u00e1rio. N\u00e3o h\u00e1 leis aprovadas no Congresso Nacional que assegurem todas essas conquistas na lei, o que nos deixa numa situa\u00e7\u00e3o de inseguran\u00e7a jur\u00eddica, podendo haver retrocessos nessas conquistas a depender das mudan\u00e7as nas composi\u00e7\u00f5es do sistema judici\u00e1rio e do pr\u00f3prio parlamento.<\/p>\n\n\n\n<p><\/p>\n\n\n\n<p>&nbsp;&nbsp; &#8211; S\u00f3 derrotando esse projeto pol\u00edtico nocivo, criminoso, que se sustenta estimulando o \u00f3dio social \u00e9 que vamos conseguir avan\u00e7ar na defesa e amplia\u00e7\u00e3o de direitos da popula\u00e7\u00e3o LGBTI+.<\/p>\n\n\n\n<p><\/p>\n\n\n\n<p><strong><em>O preconceito contra quem tem outra orienta\u00e7\u00e3o sexual \u00e9 algo muito claro na cultura, da\u00ed imaginar que seja estrutural. O que o senhor acha?<\/em><\/strong><\/p>\n\n\n\n<p><\/p>\n\n\n\n<p><strong>&nbsp;&nbsp; R:<\/strong> A LGBTIFobia \u00e9 sim um problema estrutural e que precisa ser desconstru\u00eddo de forma institucional e culturalmente. Existem setores da sociedade que criam p\u00e2nicos morais sobre a sexualidade e a identidade de g\u00eanero que foge ao padr\u00e3o estabelecido socialmente, promovendo desinforma\u00e7\u00e3o e \u00f3dio contra segmentos historicamente estigmatizados.<\/p>\n\n\n\n<p><\/p>\n\n\n\n<p>&nbsp;&#8211; O Estado precisa adotar mecanismos de combate da LGBTIFobia e de promo\u00e7\u00e3o da diversidade. Precisamos de pol\u00edticas p\u00fablicas fortes, principalmente nas \u00e1reas da sa\u00fade, educa\u00e7\u00e3o e seguran\u00e7a p\u00fablica, garantindo inclusive o debate da diversidade e do respeito nas escolas p\u00fablicas.<\/p>\n\n\n\n<p><\/p>\n\n\n\n<p>&nbsp; &#8211; A amplia\u00e7\u00e3o da representatividade nos espa\u00e7os de poder tamb\u00e9m \u00e9 fundamental para garantir que essas pol\u00edticas p\u00fablicas incluam as necessidades de pessoas trans e travestis, por exemplo. \u00c9 necess\u00e1rio travar uma disputa pol\u00edtica e cultural contra a homofobia e a transfobia que est\u00e1 crescendo e sendo estimulada por atores pol\u00edticos em busca de dividendos eleitorais.<\/p>\n\n\n\n<p><\/p>\n\n\n\n<p><strong><em>Atualmente est\u00e1 em discuss\u00e3o a import\u00e2ncia da ado\u00e7\u00e3o do passaporte da vacina.&nbsp; O senhor \u00e9 a favor do passaporte da vacina?&nbsp; Quais as raz\u00f5es para que o passaporte da vacina seja exigido na sua concep\u00e7\u00e3o?<\/em><\/strong><\/p>\n\n\n\n<p><\/p>\n\n\n\n<p><strong>R:<\/strong> Eu sou presidente da Comiss\u00e3o da Vacina da C\u00e2mara Legislativa do DF. Lutei muito para acelerar o processo de vacina\u00e7\u00e3o na cidade e apresentei um projeto de Lei que cria o Passaporte da Vacina no Distrito Federal. \u00c9 uma medida extremamente necess\u00e1ria para proteger a coletividade.<\/p>\n\n\n\n<p><\/p>\n\n\n\n<p><strong><em>Quais as suas pondera\u00e7\u00f5es finais e as suas perspectivas para o futuro?<\/em><\/strong><\/p>\n\n\n\n<p><\/p>\n\n\n\n<p><strong>&nbsp;R:<\/strong> Este ano, minhas energias est\u00e3o 100% focadas em um objetivo maior: derrotar Bolsonaro.<\/p>\n\n\n\n<p><\/p>\n\n\n\n<p>&nbsp;&#8211; O Brasil precisa virar essa p\u00e1gina para que voltemos a enfrentar os problemas que realmente importam, como a infla\u00e7\u00e3o, o aumento da mis\u00e9ria, o desemprego, a viol\u00eancia contra minorias sociais.<\/p>\n\n\n\n<p><\/p>\n\n\n\n<p>&nbsp;&#8211; Tamb\u00e9m precisamos construir um movimento capaz de derrotar Ibaneis Rocha no DF, por se tratar de um governo que andou muito lado a lado com Bolsonaro, deixando a popula\u00e7\u00e3o abandonada.<\/p>\n\n\n\n<p><\/p>\n\n\n\n<p>&nbsp;&#8211; Minha pr\u00e9-candidatura \u00e0 reelei\u00e7\u00e3o se d\u00e1 muito no sentido de ajudar a organizar essa mobiliza\u00e7\u00e3o no DF. Vamos com tudo pra derrotar Bolsonaro e Ibaneis.<\/p>\n\n\n\n<p><\/p>\n\n\n\n<p>Saiba mais sobre o Deputado, <strong>Fabio Felix<\/strong>, acessando as suas p\u00e1ginas no Instagram. Clique <a href=\"https:\/\/www.instagram.com\/fabiofelixdf\/\">aqui<\/a>. &nbsp;Projetos. Acesse <a href=\"https:\/\/fabiofelix.financie.de\/\">aqui<\/a>.<\/p>\n\n\n\n<p><\/p>\n\n\n\n<p>Jo\u00e3o Costa. Acesse <a href=\"https:\/\/www.instagram.com\/joaocostaooficial\/\">aqui<\/a>.<\/p>\n","protected":false},"excerpt":{"rendered":"<p>&nbsp;&nbsp; F\u00e1bio F\u00e9lix Silveira \u00e9 formado em Servi\u00e7o Social pela Universidade de Bras\u00edlia, atualmente doutorando&#8230;<\/p>\n","protected":false},"author":2,"featured_media":4454,"comment_status":"closed","ping_status":"open","sticky":false,"template":"","format":"standard","meta":{"om_disable_all_campaigns":false,"_monsterinsights_skip_tracking":false,"_monsterinsights_sitenote_active":false,"_monsterinsights_sitenote_note":"","_monsterinsights_sitenote_category":0,"spay_email":""},"categories":[31],"tags":[311,310,155],"jetpack_featured_media_url":"https:\/\/vimagazine.com.br\/wp-content\/uploads\/2022\/05\/62d4bb8f-75fe-4f5d-acad-b80fc4f2ee3b.jpg","_links":{"self":[{"href":"https:\/\/vimagazine.com.br\/index.php?rest_route=\/wp\/v2\/posts\/4453"}],"collection":[{"href":"https:\/\/vimagazine.com.br\/index.php?rest_route=\/wp\/v2\/posts"}],"about":[{"href":"https:\/\/vimagazine.com.br\/index.php?rest_route=\/wp\/v2\/types\/post"}],"author":[{"embeddable":true,"href":"https:\/\/vimagazine.com.br\/index.php?rest_route=\/wp\/v2\/users\/2"}],"replies":[{"embeddable":true,"href":"https:\/\/vimagazine.com.br\/index.php?rest_route=%2Fwp%2Fv2%2Fcomments&post=4453"}],"version-history":[{"count":2,"href":"https:\/\/vimagazine.com.br\/index.php?rest_route=\/wp\/v2\/posts\/4453\/revisions"}],"predecessor-version":[{"id":4456,"href":"https:\/\/vimagazine.com.br\/index.php?rest_route=\/wp\/v2\/posts\/4453\/revisions\/4456"}],"wp:featuredmedia":[{"embeddable":true,"href":"https:\/\/vimagazine.com.br\/index.php?rest_route=\/wp\/v2\/media\/4454"}],"wp:attachment":[{"href":"https:\/\/vimagazine.com.br\/index.php?rest_route=%2Fwp%2Fv2%2Fmedia&parent=4453"}],"wp:term":[{"taxonomy":"category","embeddable":true,"href":"https:\/\/vimagazine.com.br\/index.php?rest_route=%2Fwp%2Fv2%2Fcategories&post=4453"},{"taxonomy":"post_tag","embeddable":true,"href":"https:\/\/vimagazine.com.br\/index.php?rest_route=%2Fwp%2Fv2%2Ftags&post=4453"}],"curies":[{"name":"wp","href":"https:\/\/api.w.org\/{rel}","templated":true}]}}