{"id":4463,"date":"2022-05-20T12:36:48","date_gmt":"2022-05-20T15:36:48","guid":{"rendered":"https:\/\/vimagazine.com.br\/?p=4463"},"modified":"2022-05-20T12:36:53","modified_gmt":"2022-05-20T15:36:53","slug":"balneario-camboriu-recebe-pela-primeira-vez-a-fenin-fashion-maior-feira-da-industria-da-moda-nacional","status":"publish","type":"post","link":"https:\/\/vimagazine.com.br\/?p=4463","title":{"rendered":"BALNE\u00c1RIO CAMBORI\u00da RECEBE PELA PRIMEIRA VEZ A FENIN FASHION &#8211; MAIOR FEIRA DA IND\u00daSTRIA DA MODA NACIONAL"},"content":{"rendered":"\n<p><\/p>\n\n\n\n<p style=\"font-size:18px\">Abrindo a agenda de grandes feiras do Expocentro Balne\u00e1rio Cambori\u00fa, a\u00a0<strong>FENIN FASHION BALNE\u00c1RIO CAMBORI\u00da<\/strong>, promete movimentar a cidade e regi\u00e3o. S\u00e3o esperados cerca de 15 mil lojistas de todo o pa\u00eds, nos dias 1, 2 e 3 de junho.<br>A FENIN FASHION \u00e9 a maior e mais conceituada\u00a0feira da ind\u00fastria de moda realizada para lojistas de confec\u00e7\u00e3o em compras do Brasil,\u00a0e tem o objetivo de fomentar o mercado da moda. Em sua 27\u00aa edi\u00e7\u00e3o, mais de 250 marcas ir\u00e3o apresentar as tend\u00eancias das cole\u00e7\u00f5es ver\u00e3o e alto ver\u00e3o 2022\/2023. \u201cSempre fizemos duas edi\u00e7\u00f5es da FENIN FASHION, uma de inverno que acontece em Gramado e uma de ver\u00e3o que nos \u00faltimos anos foi em S\u00e3o Paulo e agora trouxemos para Balne\u00e1rio Cambori\u00fa. Al\u00e9m do Expocentro ser um espa\u00e7o ideal para receber grandes eventos, a cidade tem uma \u00f3 tima infraestrutura com hot\u00e9is, restaurantes e um com\u00e9rcio excelente, e ainda vale salientar, a localiza\u00e7\u00e3o geogr\u00e1fica, Balne\u00e1rio Cambori\u00fa fica pr\u00f3xima de 3 grandes aeroportos e tem uma rodovia duplicada, o que a torna um dos melhores destinos para o turismo de eventos e neg\u00f3cios\u201d, ressalta Julio Viana, diretor da EXPOVEST, realizadora da feira.<\/p>\n\n\n\n<figure class=\"wp-block-image size-large\"><img width=\"681\" height=\"1024\" src=\"https:\/\/vimagazine.com.br\/wp-content\/uploads\/2022\/05\/3-Julio-Viana-Fenin-Fashion-foto-de-Liane-Neves-681x1024.jpg\" alt=\"\" class=\"wp-image-4464\" srcset=\"https:\/\/vimagazine.com.br\/wp-content\/uploads\/2022\/05\/3-Julio-Viana-Fenin-Fashion-foto-de-Liane-Neves-681x1024.jpg 681w, https:\/\/vimagazine.com.br\/wp-content\/uploads\/2022\/05\/3-Julio-Viana-Fenin-Fashion-foto-de-Liane-Neves-200x300.jpg 200w, https:\/\/vimagazine.com.br\/wp-content\/uploads\/2022\/05\/3-Julio-Viana-Fenin-Fashion-foto-de-Liane-Neves-768x1155.jpg 768w, https:\/\/vimagazine.com.br\/wp-content\/uploads\/2022\/05\/3-Julio-Viana-Fenin-Fashion-foto-de-Liane-Neves-1021x1536.jpg 1021w, https:\/\/vimagazine.com.br\/wp-content\/uploads\/2022\/05\/3-Julio-Viana-Fenin-Fashion-foto-de-Liane-Neves-1024x1540.jpg 1024w, https:\/\/vimagazine.com.br\/wp-content\/uploads\/2022\/05\/3-Julio-Viana-Fenin-Fashion-foto-de-Liane-Neves.jpg 1197w\" sizes=\"(max-width: 681px) 100vw, 681px\" \/><figcaption>Julio Viana &#8211; Fenin Fashion <\/figcaption><\/figure>\n\n\n\n<p style=\"font-size:18px\"><br>Estar\u00e3o presentes na feira os segmentos de moda e confec\u00e7\u00e3o em geral, jeanswear e streetwear.<br>A FENIN FASHION \u00e9 uma feira destinada a lojistas e o credenciamento pode ser feito presencialmente na feira ou pelo site\u00a0<a href=\"https:\/\/mail.hostinger.com\/#NOP\">www.fenin.com.br<\/a>.<br><\/p>\n\n\n\n<figure class=\"wp-block-image size-large\"><img width=\"1024\" height=\"681\" src=\"https:\/\/vimagazine.com.br\/wp-content\/uploads\/2022\/05\/6-DSC_0302-Fenin-Fashion-foto-de-Liane-Neves-1024x681.jpg\" alt=\"\" class=\"wp-image-4466\" srcset=\"https:\/\/vimagazine.com.br\/wp-content\/uploads\/2022\/05\/6-DSC_0302-Fenin-Fashion-foto-de-Liane-Neves-1024x681.jpg 1024w, https:\/\/vimagazine.com.br\/wp-content\/uploads\/2022\/05\/6-DSC_0302-Fenin-Fashion-foto-de-Liane-Neves-300x199.jpg 300w, https:\/\/vimagazine.com.br\/wp-content\/uploads\/2022\/05\/6-DSC_0302-Fenin-Fashion-foto-de-Liane-Neves-768x510.jpg 768w, https:\/\/vimagazine.com.br\/wp-content\/uploads\/2022\/05\/6-DSC_0302-Fenin-Fashion-foto-de-Liane-Neves-1536x1021.jpg 1536w, https:\/\/vimagazine.com.br\/wp-content\/uploads\/2022\/05\/6-DSC_0302-Fenin-Fashion-foto-de-Liane-Neves.jpg 1920w\" sizes=\"(max-width: 1024px) 100vw, 1024px\" \/><\/figure>\n\n\n\n<p style=\"font-size:18px\">A\u00a0<strong>FENIN<\/strong>\u00a0\u00a0\u00e9 o maior encontro profissional da comunidade t\u00eaxtil e de vestu\u00e1rio da Am\u00e9rica Latina. A feira\u00a0\u00e9 dirigida principalmente para os lojistas de todo o pa\u00eds em compras.\u00a0<\/p>\n\n\n\n<p class=\"has-normal-font-size\"><br><strong>Data: 1, 2 e 3 de junho<br>Hor\u00e1rio: 10h \u00e0s 19h (\u00daltimo dia da feira encerra \u00e0s 17h)<br>Local: Expocentro Balne\u00e1rio Cambori\u00fa<br>Endere\u00e7o: Av. Marginal Oeste S\/N &#8211; Nova Esperan\u00e7a, Balne\u00e1rio Cambori\u00fa \u2013 SC<br>Credenciamento:\u00a0<a href=\"https:\/\/mail.hostinger.com\/#NOP\">www.fenin.com.br<\/a><br>@feninfeiras<\/strong><\/p>\n\n\n\n<p class=\"has-normal-font-size\"><strong>Fotos: <\/strong>Liane Neves <\/p>\n","protected":false},"excerpt":{"rendered":"<p>Abrindo a agenda de grandes feiras do Expocentro Balne\u00e1rio Cambori\u00fa, a\u00a0FENIN FASHION BALNE\u00c1RIO CAMBORI\u00da, promete&#8230;<\/p>\n","protected":false},"author":1,"featured_media":4465,"comment_status":"closed","ping_status":"open","sticky":false,"template":"","format":"standard","meta":{"om_disable_all_campaigns":false,"_monsterinsights_skip_tracking":false,"_monsterinsights_sitenote_active":false,"_monsterinsights_sitenote_note":"","_monsterinsights_sitenote_category":0,"spay_email":""},"categories":[75],"tags":[312,313,77,102,79,63,60],"jetpack_featured_media_url":"https:\/\/vimagazine.com.br\/wp-content\/uploads\/2022\/05\/FENIN_22.jpg","_links":{"self":[{"href":"https:\/\/vimagazine.com.br\/index.php?rest_route=\/wp\/v2\/posts\/4463"}],"collection":[{"href":"https:\/\/vimagazine.com.br\/index.php?rest_route=\/wp\/v2\/posts"}],"about":[{"href":"https:\/\/vimagazine.com.br\/index.php?rest_route=\/wp\/v2\/types\/post"}],"author":[{"embeddable":true,"href":"https:\/\/vimagazine.com.br\/index.php?rest_route=\/wp\/v2\/users\/1"}],"replies":[{"embeddable":true,"href":"https:\/\/vimagazine.com.br\/index.php?rest_route=%2Fwp%2Fv2%2Fcomments&post=4463"}],"version-history":[{"count":1,"href":"https:\/\/vimagazine.com.br\/index.php?rest_route=\/wp\/v2\/posts\/4463\/revisions"}],"predecessor-version":[{"id":4467,"href":"https:\/\/vimagazine.com.br\/index.php?rest_route=\/wp\/v2\/posts\/4463\/revisions\/4467"}],"wp:featuredmedia":[{"embeddable":true,"href":"https:\/\/vimagazine.com.br\/index.php?rest_route=\/wp\/v2\/media\/4465"}],"wp:attachment":[{"href":"https:\/\/vimagazine.com.br\/index.php?rest_route=%2Fwp%2Fv2%2Fmedia&parent=4463"}],"wp:term":[{"taxonomy":"category","embeddable":true,"href":"https:\/\/vimagazine.com.br\/index.php?rest_route=%2Fwp%2Fv2%2Fcategories&post=4463"},{"taxonomy":"post_tag","embeddable":true,"href":"https:\/\/vimagazine.com.br\/index.php?rest_route=%2Fwp%2Fv2%2Ftags&post=4463"}],"curies":[{"name":"wp","href":"https:\/\/api.w.org\/{rel}","templated":true}]}}