{"id":4472,"date":"2022-05-21T09:40:16","date_gmt":"2022-05-21T12:40:16","guid":{"rendered":"https:\/\/vimagazine.com.br\/?p=4472"},"modified":"2022-05-21T09:40:19","modified_gmt":"2022-05-21T12:40:19","slug":"cantor-jhotape-gravou-seu-primeiro-dvd-em-fortaleza-em-bar-de-wesley-safadao","status":"publish","type":"post","link":"https:\/\/vimagazine.com.br\/?p=4472","title":{"rendered":"Cantor Jhotap\u00ea gravou seu primeiro DVD em Fortaleza, em bar de Wesley Safad\u00e3o"},"content":{"rendered":"\n<p>Cantor mineiro grava o seu primeiro DVD, intitulado \u201cPiseiro Brega\u201d em Fortaleza em um dos points da cidade o Rancho do Po\u00e7o, Bar do cantor Wesley Safad\u00e3o nesta quinta-feira (18).<br>Jhotap\u00ea traz em seu projeto um formato de releitura de m\u00fasicas que marcaram gera\u00e7\u00f5es em v\u00e1rios estilos musicais, transformando tudo em \u201cPiseiro\u201d e acompanhado de um super. ballet que tem integrantes que passaram em bandas renomadas como Avi\u00f5es do Forr\u00f3, Garota Safada e L\u00e9o Magalh\u00e3es.<\/p>\n\n\n\n<p>Fotos Ag.fpontes\/ Divulga\u00e7\u00e3o<\/p>\n\n\n\n<figure class=\"wp-block-image size-large\"><img width=\"1024\" height=\"682\" src=\"https:\/\/vimagazine.com.br\/wp-content\/uploads\/2022\/05\/IMG-20220519-WA0027-1024x682.jpg\" alt=\"\" class=\"wp-image-4474\" srcset=\"https:\/\/vimagazine.com.br\/wp-content\/uploads\/2022\/05\/IMG-20220519-WA0027-1024x682.jpg 1024w, https:\/\/vimagazine.com.br\/wp-content\/uploads\/2022\/05\/IMG-20220519-WA0027-300x200.jpg 300w, https:\/\/vimagazine.com.br\/wp-content\/uploads\/2022\/05\/IMG-20220519-WA0027-768x512.jpg 768w, https:\/\/vimagazine.com.br\/wp-content\/uploads\/2022\/05\/IMG-20220519-WA0027.jpg 1280w\" sizes=\"(max-width: 1024px) 100vw, 1024px\" \/><\/figure>\n\n\n\n<figure class=\"wp-block-image size-large\"><img width=\"1024\" height=\"682\" src=\"https:\/\/vimagazine.com.br\/wp-content\/uploads\/2022\/05\/IMG-20220519-WA0041-1024x682.jpg\" alt=\"\" class=\"wp-image-4475\" srcset=\"https:\/\/vimagazine.com.br\/wp-content\/uploads\/2022\/05\/IMG-20220519-WA0041-1024x682.jpg 1024w, https:\/\/vimagazine.com.br\/wp-content\/uploads\/2022\/05\/IMG-20220519-WA0041-300x200.jpg 300w, https:\/\/vimagazine.com.br\/wp-content\/uploads\/2022\/05\/IMG-20220519-WA0041-768x512.jpg 768w, https:\/\/vimagazine.com.br\/wp-content\/uploads\/2022\/05\/IMG-20220519-WA0041.jpg 1280w\" sizes=\"(max-width: 1024px) 100vw, 1024px\" \/><\/figure>\n","protected":false},"excerpt":{"rendered":"<p>Cantor mineiro grava o seu primeiro DVD, intitulado \u201cPiseiro Brega\u201d em Fortaleza em um dos&#8230;<\/p>\n","protected":false},"author":3,"featured_media":4473,"comment_status":"closed","ping_status":"open","sticky":false,"template":"","format":"standard","meta":{"om_disable_all_campaigns":false,"_monsterinsights_skip_tracking":false,"_monsterinsights_sitenote_active":false,"_monsterinsights_sitenote_note":"","_monsterinsights_sitenote_category":0,"spay_email":""},"categories":[1],"tags":[],"jetpack_featured_media_url":"https:\/\/vimagazine.com.br\/wp-content\/uploads\/2022\/05\/IMG-20220519-WA0030-e1653136684311.jpg","_links":{"self":[{"href":"https:\/\/vimagazine.com.br\/index.php?rest_route=\/wp\/v2\/posts\/4472"}],"collection":[{"href":"https:\/\/vimagazine.com.br\/index.php?rest_route=\/wp\/v2\/posts"}],"about":[{"href":"https:\/\/vimagazine.com.br\/index.php?rest_route=\/wp\/v2\/types\/post"}],"author":[{"embeddable":true,"href":"https:\/\/vimagazine.com.br\/index.php?rest_route=\/wp\/v2\/users\/3"}],"replies":[{"embeddable":true,"href":"https:\/\/vimagazine.com.br\/index.php?rest_route=%2Fwp%2Fv2%2Fcomments&post=4472"}],"version-history":[{"count":1,"href":"https:\/\/vimagazine.com.br\/index.php?rest_route=\/wp\/v2\/posts\/4472\/revisions"}],"predecessor-version":[{"id":4476,"href":"https:\/\/vimagazine.com.br\/index.php?rest_route=\/wp\/v2\/posts\/4472\/revisions\/4476"}],"wp:featuredmedia":[{"embeddable":true,"href":"https:\/\/vimagazine.com.br\/index.php?rest_route=\/wp\/v2\/media\/4473"}],"wp:attachment":[{"href":"https:\/\/vimagazine.com.br\/index.php?rest_route=%2Fwp%2Fv2%2Fmedia&parent=4472"}],"wp:term":[{"taxonomy":"category","embeddable":true,"href":"https:\/\/vimagazine.com.br\/index.php?rest_route=%2Fwp%2Fv2%2Fcategories&post=4472"},{"taxonomy":"post_tag","embeddable":true,"href":"https:\/\/vimagazine.com.br\/index.php?rest_route=%2Fwp%2Fv2%2Ftags&post=4472"}],"curies":[{"name":"wp","href":"https:\/\/api.w.org\/{rel}","templated":true}]}}