{"id":4692,"date":"2022-06-16T14:02:52","date_gmt":"2022-06-16T17:02:52","guid":{"rendered":"https:\/\/vimagazine.com.br\/?p=4692"},"modified":"2022-06-16T14:02:56","modified_gmt":"2022-06-16T17:02:56","slug":"sextou-com-a-feijoada-chateau-la-villette-em-campos-do-jordao","status":"publish","type":"post","link":"https:\/\/vimagazine.com.br\/?p=4692","title":{"rendered":"Sextou com a \u201cFeijoada Chateau La Villette\u201d em Campos do Jord\u00e3o"},"content":{"rendered":"\n<p><\/p>\n\n\n\n<p><\/p>\n\n\n\n<p style=\"font-size:18px\"><strong><em>Evento, que acontece nesta sexta-feira (17) de emenda de feriado, inclui open bar\/food e uma super programa\u00e7\u00e3o com shows de Luana Camarah e dos Dj\u2019s Bruno B2, Gabriel Naufel, Whynot e Elekfantz.<\/em><\/strong><\/p>\n\n\n\n<p style=\"font-size:18px\">Contagem regressiva para um dos eventos mais esperados de Campos do Jord\u00e3o\/SP: a 11\u00aa edi\u00e7\u00e3o da badalada \u201cFeijoada do Chateau La Villette\u201d, que acontece nesta sexta-feira (17 de junho), das 13h \u00e0s 22h, durante o feriado prolongado de Corpus Christi.<\/p>\n\n\n\n<p style=\"font-size:18px\">Com direito a shows e open bar\/food, a Feijoada acontece no melhor estilo de Campos num cen\u00e1rio deslumbrante das montanhas da Serra da Mantiqueira.<\/p>\n\n\n\n<p style=\"font-size:18px\"><strong>LINE-UP<\/strong> \u2013 A programa\u00e7\u00e3o inclui shows que prometem esquentar Campos: Luana Camarah \/banda e os Dj\u2019s Bruno B2, Gabriel Naufel, Whynot e Elekfantz. Uma super programa\u00e7\u00e3o para ningu\u00e9m ficar parado!<\/p>\n\n\n\n<p style=\"font-size:18px\">Para acompanhar a feijoada, no open bar est\u00e3o inclusos drinks e bebidas&#8211; como Baden Baden, Campari, Countreau, Befeeter, Ros\u00e9 Piscine, Monin, Cacha\u00e7a 1922, Chivas, Red bul, Azuma Kirine e Aperol, assim como sucos, refrigerantes e \u00e1gua.<\/p>\n\n\n\n<p style=\"font-size:18px\">Com v\u00e1rias ilhas de degusta\u00e7\u00e3o, o evento \u00e9 fechado para 600 pessoas, numa parceria com o restaurante Le Foyer, que fica dentro do Chateau.&nbsp;<\/p>\n\n\n\n<p>Os convites podem ser adquiridos pelo Sympla (<a href=\"https:\/\/www.sympla.com.br\/feijoada-la-villette--2022-edition__1551451\">https:\/\/www.sympla.com.br\/feijoada-la-villette&#8211;2022-edition__1551451<\/a>). Mais informa\u00e7\u00f5es pelo telefone (12) 3663-1444.<\/p>\n\n\n\n<figure class=\"wp-container-2 wp-block-gallery-1 wp-block-gallery columns-2 is-cropped\"><ul class=\"blocks-gallery-grid\"><li class=\"blocks-gallery-item\"><figure><img width=\"1024\" height=\"576\" src=\"https:\/\/vimagazine.com.br\/wp-content\/uploads\/2022\/06\/WhatsApp-Image-2022-06-16-at-13.55.24-1024x576.jpeg\" alt=\"\" data-id=\"4693\" data-full-url=\"https:\/\/vimagazine.com.br\/wp-content\/uploads\/2022\/06\/WhatsApp-Image-2022-06-16-at-13.55.24.jpeg\" data-link=\"https:\/\/vimagazine.com.br\/?attachment_id=4693\" class=\"wp-image-4693\" srcset=\"https:\/\/vimagazine.com.br\/wp-content\/uploads\/2022\/06\/WhatsApp-Image-2022-06-16-at-13.55.24-1024x576.jpeg 1024w, https:\/\/vimagazine.com.br\/wp-content\/uploads\/2022\/06\/WhatsApp-Image-2022-06-16-at-13.55.24-300x169.jpeg 300w, https:\/\/vimagazine.com.br\/wp-content\/uploads\/2022\/06\/WhatsApp-Image-2022-06-16-at-13.55.24-768x432.jpeg 768w, https:\/\/vimagazine.com.br\/wp-content\/uploads\/2022\/06\/WhatsApp-Image-2022-06-16-at-13.55.24.jpeg 1280w\" sizes=\"(max-width: 1024px) 100vw, 1024px\" \/><\/figure><\/li><li class=\"blocks-gallery-item\"><figure><img width=\"1024\" height=\"576\" src=\"https:\/\/vimagazine.com.br\/wp-content\/uploads\/2022\/06\/WhatsApp-Image-2022-06-16-at-13.55.23-1-1024x576.jpeg\" alt=\"\" data-id=\"4694\" data-full-url=\"https:\/\/vimagazine.com.br\/wp-content\/uploads\/2022\/06\/WhatsApp-Image-2022-06-16-at-13.55.23-1.jpeg\" data-link=\"https:\/\/vimagazine.com.br\/?attachment_id=4694\" class=\"wp-image-4694\" srcset=\"https:\/\/vimagazine.com.br\/wp-content\/uploads\/2022\/06\/WhatsApp-Image-2022-06-16-at-13.55.23-1-1024x576.jpeg 1024w, https:\/\/vimagazine.com.br\/wp-content\/uploads\/2022\/06\/WhatsApp-Image-2022-06-16-at-13.55.23-1-300x169.jpeg 300w, https:\/\/vimagazine.com.br\/wp-content\/uploads\/2022\/06\/WhatsApp-Image-2022-06-16-at-13.55.23-1-768x432.jpeg 768w, https:\/\/vimagazine.com.br\/wp-content\/uploads\/2022\/06\/WhatsApp-Image-2022-06-16-at-13.55.23-1.jpeg 1280w\" sizes=\"(max-width: 1024px) 100vw, 1024px\" \/><\/figure><\/li><li class=\"blocks-gallery-item\"><figure><img width=\"1024\" height=\"576\" src=\"https:\/\/vimagazine.com.br\/wp-content\/uploads\/2022\/06\/WhatsApp-Image-2022-06-16-at-13.55.23-1024x576.jpeg\" alt=\"\" data-id=\"4695\" data-full-url=\"https:\/\/vimagazine.com.br\/wp-content\/uploads\/2022\/06\/WhatsApp-Image-2022-06-16-at-13.55.23.jpeg\" data-link=\"https:\/\/vimagazine.com.br\/?attachment_id=4695\" class=\"wp-image-4695\" srcset=\"https:\/\/vimagazine.com.br\/wp-content\/uploads\/2022\/06\/WhatsApp-Image-2022-06-16-at-13.55.23-1024x576.jpeg 1024w, https:\/\/vimagazine.com.br\/wp-content\/uploads\/2022\/06\/WhatsApp-Image-2022-06-16-at-13.55.23-300x169.jpeg 300w, https:\/\/vimagazine.com.br\/wp-content\/uploads\/2022\/06\/WhatsApp-Image-2022-06-16-at-13.55.23-768x432.jpeg 768w, https:\/\/vimagazine.com.br\/wp-content\/uploads\/2022\/06\/WhatsApp-Image-2022-06-16-at-13.55.23.jpeg 1280w\" sizes=\"(max-width: 1024px) 100vw, 1024px\" \/><\/figure><\/li><li class=\"blocks-gallery-item\"><figure><img width=\"1024\" height=\"576\" src=\"https:\/\/vimagazine.com.br\/wp-content\/uploads\/2022\/06\/WhatsApp-Image-2022-06-16-at-13.55.21-1024x576.jpeg\" alt=\"\" data-id=\"4696\" data-full-url=\"https:\/\/vimagazine.com.br\/wp-content\/uploads\/2022\/06\/WhatsApp-Image-2022-06-16-at-13.55.21.jpeg\" data-link=\"https:\/\/vimagazine.com.br\/?attachment_id=4696\" class=\"wp-image-4696\" srcset=\"https:\/\/vimagazine.com.br\/wp-content\/uploads\/2022\/06\/WhatsApp-Image-2022-06-16-at-13.55.21-1024x576.jpeg 1024w, https:\/\/vimagazine.com.br\/wp-content\/uploads\/2022\/06\/WhatsApp-Image-2022-06-16-at-13.55.21-300x169.jpeg 300w, https:\/\/vimagazine.com.br\/wp-content\/uploads\/2022\/06\/WhatsApp-Image-2022-06-16-at-13.55.21-768x432.jpeg 768w, https:\/\/vimagazine.com.br\/wp-content\/uploads\/2022\/06\/WhatsApp-Image-2022-06-16-at-13.55.21-1536x865.jpeg 1536w, https:\/\/vimagazine.com.br\/wp-content\/uploads\/2022\/06\/WhatsApp-Image-2022-06-16-at-13.55.21.jpeg 1599w\" sizes=\"(max-width: 1024px) 100vw, 1024px\" \/><\/figure><\/li><\/ul><\/figure>\n\n\n\n<p style=\"font-size:18px\"><strong>11\u00aa Feijoada Chateau La Villette<\/strong><\/p>\n\n\n\n<p style=\"font-size:18px\">Data: 17 de junho, das 13h \u00e0s 22h<\/p>\n\n\n\n<p style=\"font-size:18px\">Local: Chateau La Villette, \u00e0 Rua Cant\u00eddio Pereira de Castro, n\u00famero 100, na Vila Everest, em Campos do Jord\u00e3o\/SP<\/p>\n\n\n\n<p style=\"font-size:18px\">&nbsp;Instagram: @chateau_a_villette \/ @restaurante_le_foyer<\/p>\n\n\n\n<p style=\"font-size:18px\">&#8211; Convites antecipados pelo Sympla<\/p>\n\n\n\n<p>FOTOS\/DIVULGA\u00c7\u00c3O<\/p>\n\n\n\n<p style=\"font-size:12px\">ASSESSORIA DE IMPRENSA<\/p>\n\n\n\n<p style=\"font-size:12px\">Ana Mattos \u2013 Texteria Imprensa<\/p>\n\n\n\n<p style=\"font-size:12px\">(12) 981562947<\/p>\n\n\n\n<p style=\"font-size:12px\">@texteriaimprensa<\/p>\n","protected":false},"excerpt":{"rendered":"<p>Evento, que acontece nesta sexta-feira (17) de emenda de feriado, inclui open bar\/food e uma&#8230;<\/p>\n","protected":false},"author":35,"featured_media":4697,"comment_status":"closed","ping_status":"open","sticky":false,"template":"","format":"standard","meta":{"om_disable_all_campaigns":false,"_monsterinsights_skip_tracking":false,"_monsterinsights_sitenote_active":false,"_monsterinsights_sitenote_note":"","_monsterinsights_sitenote_category":0,"spay_email":""},"categories":[1],"tags":[],"jetpack_featured_media_url":"https:\/\/vimagazine.com.br\/wp-content\/uploads\/2022\/06\/WhatsApp-Image-2022-06-16-at-13.55.24-1.jpeg","_links":{"self":[{"href":"https:\/\/vimagazine.com.br\/index.php?rest_route=\/wp\/v2\/posts\/4692"}],"collection":[{"href":"https:\/\/vimagazine.com.br\/index.php?rest_route=\/wp\/v2\/posts"}],"about":[{"href":"https:\/\/vimagazine.com.br\/index.php?rest_route=\/wp\/v2\/types\/post"}],"author":[{"embeddable":true,"href":"https:\/\/vimagazine.com.br\/index.php?rest_route=\/wp\/v2\/users\/35"}],"replies":[{"embeddable":true,"href":"https:\/\/vimagazine.com.br\/index.php?rest_route=%2Fwp%2Fv2%2Fcomments&post=4692"}],"version-history":[{"count":1,"href":"https:\/\/vimagazine.com.br\/index.php?rest_route=\/wp\/v2\/posts\/4692\/revisions"}],"predecessor-version":[{"id":4698,"href":"https:\/\/vimagazine.com.br\/index.php?rest_route=\/wp\/v2\/posts\/4692\/revisions\/4698"}],"wp:featuredmedia":[{"embeddable":true,"href":"https:\/\/vimagazine.com.br\/index.php?rest_route=\/wp\/v2\/media\/4697"}],"wp:attachment":[{"href":"https:\/\/vimagazine.com.br\/index.php?rest_route=%2Fwp%2Fv2%2Fmedia&parent=4692"}],"wp:term":[{"taxonomy":"category","embeddable":true,"href":"https:\/\/vimagazine.com.br\/index.php?rest_route=%2Fwp%2Fv2%2Fcategories&post=4692"},{"taxonomy":"post_tag","embeddable":true,"href":"https:\/\/vimagazine.com.br\/index.php?rest_route=%2Fwp%2Fv2%2Ftags&post=4692"}],"curies":[{"name":"wp","href":"https:\/\/api.w.org\/{rel}","templated":true}]}}