{"id":4787,"date":"2022-06-24T18:27:03","date_gmt":"2022-06-24T21:27:03","guid":{"rendered":"https:\/\/vimagazine.com.br\/?p=4787"},"modified":"2022-06-24T18:27:06","modified_gmt":"2022-06-24T21:27:06","slug":"grupo-signatores-estreia-filme-com-protagonismo-negro-e-surdo-em-festival-na-franca","status":"publish","type":"post","link":"https:\/\/vimagazine.com.br\/?p=4787","title":{"rendered":"Grupo Signatores estreia filme com protagonismo negro e surdo em festival na Fran\u00e7a"},"content":{"rendered":"\n<p><em>\u201cEntre Palha\u00e7os e Parafusos\u201d \u00e9 uma realiza\u00e7\u00e3o do Grupo Signatores, refer\u00eancia em produ\u00e7\u00f5es art\u00edsticas bil\u00edngues no Brasil (Libras e Portugu\u00eas). Filme faz parte da programa\u00e7\u00e3o do Clin d\u2019Oeil Festival 2022, que come\u00e7a no dia 30 de junho, na Fran\u00e7a<\/em><\/p>\n\n\n\n<p>O curta-metragem <strong>Entre Palha\u00e7os e Parafusos<\/strong> \u00e9 a produ\u00e7\u00e3o audiovisual que representa o Brasil na competi\u00e7\u00e3o de cinema do <strong>Clin d\u2019Oeil Festival 2022<\/strong>, festival internacional de artes em l\u00ednguas de sinais que ocorre em Reims, na Fran\u00e7a, de 30 de junho a 3 de julho. Realizado pelo Grupo Signatores e produzido pela produtora catarinense Od\u00f9 Articuladora Cultural em parceria com a Quimera Produ\u00e7\u00f5es Art\u00edsticas, de Porto Alegre, \u00e9 o \u00fanico filme nacional a concorrer nas categorias \u201cMelhor Diretor\u201d e \u201cMelhor Filme\u201d.&nbsp;<\/p>\n\n\n\n<p>Com dire\u00e7\u00e3o de <strong>Adriana Somacal<\/strong>, o curta-metragem de cinco minutos apresenta uma narrativa baseada no cotidiano de <strong>M\u00e1rcio de Lima<\/strong>, um homem surdo, negro e perif\u00e9rico que passa os dias trabalhando em uma f\u00e1brica e sonhando em ser um artista de circo. Diferente dos parafusos que ajusta diariamente, M\u00e1rcio n\u00e3o se encaixa nas engrenagens do seu cotidiano. Em sua tentativa de ludibriar a falta de comunica\u00e7\u00e3o e as opress\u00f5es vividas dentro do trabalho, encontra formas inusitadas de enxergar o mundo ao seu redor a partir dos olhos sonhadores de um palha\u00e7o.<\/p>\n\n\n\n<p><strong>Roteiro foi criado a partir da hist\u00f3ria de ator surdo que sonha em ser palha\u00e7o<\/strong><\/p>\n\n\n\n<p>Em 2012, o Grupo Signatores visitou uma empresa para divulgar a oferta de vagas para oficinas de teatro para surdos. Entre os funcion\u00e1rios surdos da empresa, M\u00e1rcio de Lima teve interesse e passou a participar do grupo. Como parte da metodologia da oficina, havia o objetivo de realizar a montagem final de um espet\u00e1culo. Foi criada ent\u00e3o uma apresenta\u00e7\u00e3o constru\u00edda a partir de entrevistas e relatos de experi\u00eancias dos participantes surdos, o espet\u00e1culo &#8220;Mem\u00f3ria na Ponta dos Dedos&#8221;. Desde 2012, M\u00e1rcio participou em outras montagens do Grupo Signatores, como &#8220;O Ensaio de Alice&#8221; (2013) e &#8220;Alice no Pa\u00eds das Maravilhas&#8221; (2015).&nbsp;<\/p>\n\n\n\n<p>Compartilhando experi\u00eancias ao longo do processo, M\u00e1rcio contou sobre como era o cotidiano de trabalhar em uma empresa, apertando parafusos o dia inteiro, e como era dif\u00edcil sua rela\u00e7\u00e3o com os outros funcion\u00e1rios ouvintes. O ator surdo sempre compartilhou que tinha o sonho de ser palha\u00e7o, o que motivou Adriana Somacal na escrita do roteiro do curta-metragem &#8220;Entre Palha\u00e7os e Parafusos&#8221; em 2021, tamb\u00e9m assinado por J\u00e9ferson Rachewsky. Depois, o curta foi filmado em apenas um dia.<\/p>\n\n\n\n<p>\u201cJ\u00e1 hav\u00edamos participado da Mostra de Palha\u00e7aria, fomentada pela Quimera Produ\u00e7\u00f5es Art\u00edsticas em 2020, com uma breve cena protagonizada por Marcio. Posteriormente, o grupo recebeu o convite para participar da Ocupa\u00e7\u00e3o Benjamin de Oliveira, promovida pelo Ita\u00fa Cultural, onde foi proposta a seguinte pergunta: &#8220;Quem s\u00e3o os Benjamins de hoje?&#8221; (em refer\u00eancia ao artista conhecido por ser o primeiro palha\u00e7o negro do Brasil). O tempo de pr\u00e9-produ\u00e7\u00e3o foi o maior desafio durante o processo. A equipe s\u00f3 teve acesso, por exemplo, ao local de grava\u00e7\u00e3o no dia das filmagens, em uma di\u00e1ria de domingo\u201d, diz Mateus Sousa, produtor cultural e membro da Od\u00f9 Articuladora e do Grupo Signatores.<\/p>\n\n\n\n<p><strong>Entre Palha\u00e7os e Parafusos<\/strong><strong><br><\/strong><\/p>\n\n\n\n<p>Dura\u00e7\u00e3o: 5 min 25 seg<\/p>\n\n\n\n<p>Classifica\u00e7\u00e3o: 12 anos<\/p>\n\n\n\n<p>Elenco: M\u00e1rcio de Lima e Walter Diehl<\/p>\n\n\n\n<p>Realiza\u00e7\u00e3o: Grupo Signatores<\/p>\n\n\n\n<p>Produ\u00e7\u00e3o: Od\u00f9 Articuladora Cultural e Quimera Produ\u00e7\u00f5es Art\u00edsticas<\/p>\n\n\n\n<p>Patroc\u00ednio: Ita\u00fa Cultural<\/p>\n\n\n\n<p><strong>Festival \u00e9 refer\u00eancia mundial em arte e cultura surda<\/strong><\/p>\n\n\n\n<p>O Clin d&#8217;Oeil \u00e9 um festival criado em 2003, que acontece a cada dois anos durante quatro dias, divididos em nichos art\u00edsticos: teatro, dan\u00e7a, cinema, artes visuais, performances de rua, etc. O objetivo do evento \u00e9 reunir as comunidades surdas ao redor do mundo, compartilhar e premiar produ\u00e7\u00f5es art\u00edsticas em l\u00ednguas de sinais, a fim de visibilizar o potencial art\u00edstico de pessoas surdas.<\/p>\n\n\n\n<p>\u201c\u00c9 um grande marco para o Grupo Signatores participar do maior festival de arte e cultura surda do mundo e poder levar o curta-metragem para representar o Brasil na \u00e1rea do audiovisual, retratando o cotidiano de um trabalhador e artista surdo brasileiro. O Clin d&#8217;Oeil Festival contar\u00e1 com a participa\u00e7\u00e3o de outros artistas brasileiros, mas o filme &#8220;Entre Palha\u00e7os e Parafusos&#8221; representa o Brasil na competi\u00e7\u00e3o de cinema do evento\u201d, afirma a diretora Adriana Somacal.<\/p>\n\n\n\n<p><strong>GRUPO SIGNATORES<\/strong><\/p>\n\n\n\n<p>Formado em 2010, na cidade de Porto Alegre (RS), o Grupo Signatores surgiu do interesse comum dos seus participantes em investigar os processos de constru\u00e7\u00e3o da est\u00e9tica art\u00edstica pr\u00f3pria da cultura surda. Na cultura surda, a express\u00e3o corporal vai al\u00e9m de uma forma de comunica\u00e7\u00e3o, ela faz parte da constru\u00e7\u00e3o gramatical da l\u00edngua dos surdos, a L\u00edngua Brasileira de Sinais (LIBRAS). A possibilidade de experimenta\u00e7\u00e3o na interface da utiliza\u00e7\u00e3o corporal da l\u00edngua de sinais e da linguagem c\u00eanica foi o ponto de partida para a pesquisa do Signatores, que hoje atua tamb\u00e9m no meio audiovisual.<\/p>\n\n\n\n<p>O grupo tem como proposta incentivar a forma\u00e7\u00e3o de docentes e pesquisadores na \u00e1rea teatral e aproximar jovens e adultos surdos da arte, investigando as possibilidades de cria\u00e7\u00e3o art\u00edstica dos surdos. O Signatores vem da jun\u00e7\u00e3o das palavras \u201csigno\u201d e \u201catores\u201d, o nome tamb\u00e9m \u00e9 um trocadilho com as palavras \u201csignat\u00e1rio\u201d e \u201csignatura\u201d, havendo as duas palavras a origem em latim \u201csignare\u201d (aquele que assina); o ator que assina: o ator\/autor \u00e9 o seu pr\u00f3prio trabalho, um \u201csignator\u201d.&nbsp;<\/p>\n\n\n\n<p>Desde 2020, o Signatores migrou para a \u00e1rea do audiovisual, e segue com novas produ\u00e7\u00f5es de curta-metragem e document\u00e1rios bil\u00edngues (Libras e Portugu\u00eas), protagonizados pela comunidade surda. Com o curta-metragem h\u00edbrido &#8220;Romeu e Julieta (2022)&#8221;, uma produ\u00e7\u00e3o em L\u00edngua Brasileira de Sinais, o curta-metragem &#8220;Entre Palha\u00e7os e Parafusos (2021)&#8221; e no document\u00e1rio &#8220;Iyalod\u00eas: Di\u00e1logos sobre maternidade, surdez e negritude (2022)&#8221;, produ\u00e7\u00e3o voltada a discutir a maternidade de m\u00e3es surdas, pretas e de periferia.<\/p>\n\n\n\n<p><strong>ADRIANA SOMACAL &#8211; DIRETORA<\/strong><\/p>\n\n\n\n<p>Adriana de Moura Somacal &#8211; Diretora de artes c\u00eanicas e audiovisual. Doutoranda em Teatro pela Universidade de Santa Catarina (CEART\/UDESC), Mestre e Licenciada em Teatro pela Universidade Federal do Rio Grande do Sul (PPGEDU\/UFRGS). Professora de Teatro Bil\u00edngue no Instituto Federal de Santa Catarina &#8211; Campus Palho\u00e7a Bil\u00edngue (L\u00edngua Brasileira de Sinais\/L\u00edngua Portuguesa). Dirigiu o curta-metragem h\u00edbrido &#8220;Romeu e Julieta (2022)&#8221;, uma produ\u00e7\u00e3o em L\u00edngua Brasileira de Sinais desenvolvida a partir de sua pesquisa de doutorado sobre Shakespeare em Libras, na Universidade do Estado de Santa Catarina &#8211; CEART\/UDESC. Atuou como diretora no curta-metragem &#8220;Entre Palha\u00e7os e Parafusos (2021)&#8221; e no document\u00e1rio &#8220;Iyalod\u00eas: Di\u00e1logos sobre maternidade, surdez e negritude (2022)&#8221;, produ\u00e7\u00e3o voltada a discutir a maternidade de m\u00e3es surdas, pretas e de periferia. Atua h\u00e1 12 anos como diretora de artes c\u00eanicas no Grupo Signatores, onde desenvolve uma pesquisa na \u00e1rea das artes c\u00eanicas e audiovisuais com surdos e as pe\u00e7as de teatro &#8220;Alice no Pa\u00eds das Maravilhas&#8221; (2015), &#8220;O ensaio de Alice&#8221; (2013), &#8220;Mem\u00f3ria na ponta dos dedos&#8221; (2012), &#8220;Aventuras no Reino Surdo&#8221; (2011).<\/p>\n\n\n\n<p>Yasmine Holanda Fiorini<br><strong><a href=\"https:\/\/yasss.com.br\/\" target=\"_blank\" rel=\"noreferrer noopener\">yasss<\/a><\/strong><br><strong><a href=\"https:\/\/www.instagram.com\/yasmineholanda\/\" target=\"_blank\" rel=\"noreferrer noopener\">@yasmineholanda<\/a><\/strong><\/p>\n","protected":false},"excerpt":{"rendered":"<p>\u201cEntre Palha\u00e7os e Parafusos\u201d \u00e9 uma realiza\u00e7\u00e3o do Grupo Signatores, refer\u00eancia em produ\u00e7\u00f5es art\u00edsticas bil\u00edngues&#8230;<\/p>\n","protected":false},"author":3,"featured_media":4788,"comment_status":"closed","ping_status":"open","sticky":false,"template":"","format":"standard","meta":{"om_disable_all_campaigns":false,"_monsterinsights_skip_tracking":false,"_monsterinsights_sitenote_active":false,"_monsterinsights_sitenote_note":"","_monsterinsights_sitenote_category":0,"spay_email":""},"categories":[1],"tags":[],"jetpack_featured_media_url":"https:\/\/vimagazine.com.br\/wp-content\/uploads\/2022\/06\/Foto-Still-do-Filme-Entre-Palhacos-e-Parafusos-2021-e1656105962652.jpg","_links":{"self":[{"href":"https:\/\/vimagazine.com.br\/index.php?rest_route=\/wp\/v2\/posts\/4787"}],"collection":[{"href":"https:\/\/vimagazine.com.br\/index.php?rest_route=\/wp\/v2\/posts"}],"about":[{"href":"https:\/\/vimagazine.com.br\/index.php?rest_route=\/wp\/v2\/types\/post"}],"author":[{"embeddable":true,"href":"https:\/\/vimagazine.com.br\/index.php?rest_route=\/wp\/v2\/users\/3"}],"replies":[{"embeddable":true,"href":"https:\/\/vimagazine.com.br\/index.php?rest_route=%2Fwp%2Fv2%2Fcomments&post=4787"}],"version-history":[{"count":1,"href":"https:\/\/vimagazine.com.br\/index.php?rest_route=\/wp\/v2\/posts\/4787\/revisions"}],"predecessor-version":[{"id":4789,"href":"https:\/\/vimagazine.com.br\/index.php?rest_route=\/wp\/v2\/posts\/4787\/revisions\/4789"}],"wp:featuredmedia":[{"embeddable":true,"href":"https:\/\/vimagazine.com.br\/index.php?rest_route=\/wp\/v2\/media\/4788"}],"wp:attachment":[{"href":"https:\/\/vimagazine.com.br\/index.php?rest_route=%2Fwp%2Fv2%2Fmedia&parent=4787"}],"wp:term":[{"taxonomy":"category","embeddable":true,"href":"https:\/\/vimagazine.com.br\/index.php?rest_route=%2Fwp%2Fv2%2Fcategories&post=4787"},{"taxonomy":"post_tag","embeddable":true,"href":"https:\/\/vimagazine.com.br\/index.php?rest_route=%2Fwp%2Fv2%2Ftags&post=4787"}],"curies":[{"name":"wp","href":"https:\/\/api.w.org\/{rel}","templated":true}]}}