{"id":4802,"date":"2022-06-29T12:09:51","date_gmt":"2022-06-29T15:09:51","guid":{"rendered":"https:\/\/vimagazine.com.br\/?p=4802"},"modified":"2022-06-29T12:09:55","modified_gmt":"2022-06-29T15:09:55","slug":"mafe-protagoniza-alice-o-musical-com-direcao-de-fernanda-chamma","status":"publish","type":"post","link":"https:\/\/vimagazine.com.br\/?p=4802","title":{"rendered":"Maf\u00ea protagoniza &#8220;Alice, o musical&#8221; com dire\u00e7\u00e3o de Fernanda Chamma"},"content":{"rendered":"\n<p><\/p>\n\n\n\n<p><\/p>\n\n\n\n<p class=\"has-medium-font-size\"><em><strong>Atriz mirim Maf\u00ea estreou em mais um espet\u00e1culo, desta vez protagonizando a nova produ\u00e7\u00e3o do Est\u00fadio Broadway, &#8220;Alice, o musical&#8221;, dando vida \u00e0 Alice.<\/strong><\/em><\/p>\n\n\n\n<p><\/p>\n\n\n\n<p style=\"font-size:18px\">Alice, o musical&#8221; \u00e9 um espet\u00e1culo in\u00e9dito baseado na obra de Lewis Carroll. Com adapta\u00e7\u00e3o de Mar\u00edlia Toledo e letras e m\u00fasicas originais de Vin\u00edcius Loyola, a montagem conta com dois elencos de jovens atores que se intercalam a cada apresenta\u00e7\u00e3o com dire\u00e7\u00e3o de Daniela Stirbulov e coreografias de Thiago Gar\u00e7a.<\/p>\n\n\n\n<p style=\"font-size:18px\">Personagens ic\u00f4nicos como Gato que Ri, Coelho, Rainha de Copas, Lebre de Mar\u00e7o, Chapeleiro Maluco entre muitos outros contam a hist\u00f3ria no Pa\u00eds das Maravilhas vista por um \u00e2ngulo musical. O espet\u00e1culo tem dire\u00e7\u00e3o geral de Fernanda Chamma, que supervisiona e cria momentos mirabolantes de divers\u00e3o para toda a fam\u00edlia. Produzir um cl\u00e1ssico \u00e9 um desafio para o Est\u00fadio Broadway que incentiva os atores a desbravarem a obra.<\/p>\n\n\n\n<p style=\"font-size:18px\">Maria Fernanda, a Maf\u00ea, \u00e9 atriz, cantora e dan\u00e7arina. Uma garota apaixonada pela arte, se descobriu no Teatro Musical atrav\u00e9s do Est\u00fadio Broadway. Integrou o elenco dos espet\u00e1culos &#8220;Matilda in Concert&#8221;, &#8220;Jo\u00e3o e Maria \u2013 O Musical&#8221; e &#8220;Christmas Show&#8221;, todos sob dire\u00e7\u00e3o geral de Fernanda Chamma. Deu vida a Bianca em &#8220;A Megera Domada \u2013 O Musical&#8221;, do Est\u00fadio Broadway, e atuou como rep\u00f3rter mirim e apresentadora do programa &#8220;O Tudo Mix&#8221; da TV Osasco.<\/p>\n\n\n\n<p style=\"font-size:18px\"><strong>Ficha T\u00e9cnica:<\/strong><\/p>\n\n\n\n<p style=\"font-size:18px\">Dire\u00e7\u00e3o Geral: Fernanda Chamma<\/p>\n\n\n\n<p style=\"font-size:18px\">Texto: Mar\u00edlia Toledo<\/p>\n\n\n\n<p style=\"font-size:18px\">Dire\u00e7\u00e3o: Daniela Stirbulov<\/p>\n\n\n\n<p style=\"font-size:18px\">Dire\u00e7\u00e3o Musical e letras: Vin\u00edcius Loyola<\/p>\n\n\n\n<p style=\"font-size:18px\">Coreografias: Thiago Gar\u00e7a<\/p>\n\n\n\n<p style=\"font-size:18px\"><strong>Servi\u00e7o:<\/strong><\/p>\n\n\n\n<p style=\"font-size:18px\">Curta temporada<\/p>\n\n\n\n<p style=\"font-size:18px\">At\u00e9 03 de julho<\/p>\n\n\n\n<p style=\"font-size:18px\">S\u00e1bado, \u00e0s 16h e 19; e domingo, \u00e0s 15h e 18h<\/p>\n\n\n\n<p style=\"font-size:18px\">Teatro Cassiano Gabus Mendes (Avenida Jules Rimet. Est\u00e1dio do Morumbi &#8211; Port\u00e3o 7. Morumbi, SP)<\/p>\n\n\n\n<p style=\"font-size:18px\">Ingressos a partir de R$25,00<\/p>\n\n\n\n<p style=\"font-size:18px\">Vendas online:&nbsp;<a href=\"https:\/\/www.eventbrite.com.br\/cc\/alice-o-musical-394089\" target=\"_blank\" rel=\"noreferrer noopener\">https:\/\/www.eventbrite.com.br\/cc\/alice-o-musical-394089<\/a><\/p>\n","protected":false},"excerpt":{"rendered":"<p>Atriz mirim Maf\u00ea estreou em mais um espet\u00e1culo, desta vez protagonizando a nova produ\u00e7\u00e3o do&#8230;<\/p>\n","protected":false},"author":1,"featured_media":4803,"comment_status":"closed","ping_status":"open","sticky":false,"template":"","format":"standard","meta":{"om_disable_all_campaigns":false,"_monsterinsights_skip_tracking":false,"_monsterinsights_sitenote_active":false,"_monsterinsights_sitenote_note":"","_monsterinsights_sitenote_category":0,"spay_email":""},"categories":[27],"tags":[],"jetpack_featured_media_url":"https:\/\/vimagazine.com.br\/wp-content\/uploads\/2022\/06\/mafe.jpeg","_links":{"self":[{"href":"https:\/\/vimagazine.com.br\/index.php?rest_route=\/wp\/v2\/posts\/4802"}],"collection":[{"href":"https:\/\/vimagazine.com.br\/index.php?rest_route=\/wp\/v2\/posts"}],"about":[{"href":"https:\/\/vimagazine.com.br\/index.php?rest_route=\/wp\/v2\/types\/post"}],"author":[{"embeddable":true,"href":"https:\/\/vimagazine.com.br\/index.php?rest_route=\/wp\/v2\/users\/1"}],"replies":[{"embeddable":true,"href":"https:\/\/vimagazine.com.br\/index.php?rest_route=%2Fwp%2Fv2%2Fcomments&post=4802"}],"version-history":[{"count":1,"href":"https:\/\/vimagazine.com.br\/index.php?rest_route=\/wp\/v2\/posts\/4802\/revisions"}],"predecessor-version":[{"id":4804,"href":"https:\/\/vimagazine.com.br\/index.php?rest_route=\/wp\/v2\/posts\/4802\/revisions\/4804"}],"wp:featuredmedia":[{"embeddable":true,"href":"https:\/\/vimagazine.com.br\/index.php?rest_route=\/wp\/v2\/media\/4803"}],"wp:attachment":[{"href":"https:\/\/vimagazine.com.br\/index.php?rest_route=%2Fwp%2Fv2%2Fmedia&parent=4802"}],"wp:term":[{"taxonomy":"category","embeddable":true,"href":"https:\/\/vimagazine.com.br\/index.php?rest_route=%2Fwp%2Fv2%2Fcategories&post=4802"},{"taxonomy":"post_tag","embeddable":true,"href":"https:\/\/vimagazine.com.br\/index.php?rest_route=%2Fwp%2Fv2%2Ftags&post=4802"}],"curies":[{"name":"wp","href":"https:\/\/api.w.org\/{rel}","templated":true}]}}