{"id":4808,"date":"2022-06-30T14:34:18","date_gmt":"2022-06-30T17:34:18","guid":{"rendered":"https:\/\/vimagazine.com.br\/?p=4808"},"modified":"2022-06-30T14:34:22","modified_gmt":"2022-06-30T17:34:22","slug":"congresso-latino-americano-de-sorvetes-comeca-no-dia-6-de-julho-as-9h-via-streaming","status":"publish","type":"post","link":"https:\/\/vimagazine.com.br\/?p=4808","title":{"rendered":"Congresso latino-americano de sorvetes come\u00e7a no dia 6 de julho \u00e0s 9h via streaming"},"content":{"rendered":"\n<p><\/p>\n\n\n\n<p>CLASH 2022 reunir\u00e1 palestrantes de ponta para falar sobre o mercado\u00a0\u00a0\u00a0\u00a0<\/p>\n\n\n\n<p><\/p>\n\n\n\n<p>\u00a0\u00a0\u00a0\u00a0\u00a0\u00a0\u00a0\u00a0\u00a0\u00a0\u00a0\u00a0\u00a0\u00a0\u00a0\u00a0\u00a0\u00a0\u00a0\u00a0\u00a0\u00a0\u00a0\u00a0\u00a0\u00a0\u00a0\u00a0\u00a0\u00a0\u00a0\u00a0\u00a0\u00a0\u00a0\u00a0\u00a0\u00a0\u00a0\u00a0\u00a0\u00a0\u00a0\u00a0\u00a0\u00a0\u00a0\u00a0\u00a0\u00a0\u00a0\u00a0\u00a0\u00a0<\/p>\n\n\n\n<p>Durante tr\u00eas dias alternados, 6, 20 e 21 de julho, a Associa\u00e7\u00e3o Brasileira das Ind\u00fastrias e do Setor de Sorvetes (ABIS) ir\u00e1 realizar a sexta edi\u00e7\u00e3o do Congresso Latino-Americano de Sorvetes e Helados (CLASH). As inscri\u00e7\u00f5es para o CLASH 2022 continuam abertas e poder\u00e3o ser feitas pelo seguinte site: <a href=\"http:\/\/www.clash2022.abis.com.br\">http:\/\/www.clash2022.abis.com.br<\/a><\/p>\n\n\n\n<p><\/p>\n\n\n\n<p>No primeiro dia do evento, dia 6, via streaming, entre 9h e 18h, que ter\u00e1 como t\u00f3pico central o tema &#8220;Sorvete:da Nutri\u00e7\u00e3o \u00e0 Tecnologia&#8221;, o CLASH ir\u00e1 reunir importantes nomes de toda a cadeia produtiva do segmento sorveteiro, do trade aliment\u00edcio e do universo acad\u00eamico, entre outras \u00e1reas, com o escopo de mapear e apontar um retrato fiel e atualizado desse mercado que movimenta anualmente em torno de 13 bilh\u00f5es de reais no Brasil.<\/p>\n\n\n\n<p><\/p>\n\n\n\n<p>Nos dias 20 e 21, entre 14h e 18h, ser\u00e3o realizadas oficinas tem\u00e1ticas presenciais no Expo Center Norte, em S\u00e3o Paulo, concomitantemente com a FIPAN (Feira Internacional de Panifica\u00e7\u00e3o, Confeitaria e Food Business). &#8220;O nosso principal objetivo, sublinha Eduardo Weisberg, presidente da ABIS, \u00e9 manter o setor bem informado com a participa\u00e7\u00e3o de palestrantes de ponta que agregam e enriquecem o congresso com conte\u00fado up to date, fundamental para o crescimento do setor.\u201d<\/p>\n\n\n\n<p><\/p>\n\n\n\n<p><\/p>\n","protected":false},"excerpt":{"rendered":"<p>CLASH 2022 reunir\u00e1 palestrantes de ponta para falar sobre o mercado\u00a0\u00a0\u00a0\u00a0 \u00a0\u00a0\u00a0\u00a0\u00a0\u00a0\u00a0\u00a0\u00a0\u00a0\u00a0\u00a0\u00a0\u00a0\u00a0\u00a0\u00a0\u00a0\u00a0\u00a0\u00a0\u00a0\u00a0\u00a0\u00a0\u00a0\u00a0\u00a0\u00a0\u00a0\u00a0\u00a0\u00a0\u00a0\u00a0\u00a0\u00a0\u00a0\u00a0\u00a0\u00a0\u00a0\u00a0\u00a0\u00a0\u00a0\u00a0\u00a0\u00a0\u00a0\u00a0\u00a0\u00a0\u00a0 Durante tr\u00eas dias&#8230;<\/p>\n","protected":false},"author":2,"featured_media":4809,"comment_status":"closed","ping_status":"open","sticky":false,"template":"","format":"standard","meta":{"om_disable_all_campaigns":false,"_monsterinsights_skip_tracking":false,"_monsterinsights_sitenote_active":false,"_monsterinsights_sitenote_note":"","_monsterinsights_sitenote_category":0,"spay_email":""},"categories":[75],"tags":[332,334,333],"jetpack_featured_media_url":"https:\/\/vimagazine.com.br\/wp-content\/uploads\/2022\/06\/e3dc8236-b9c6-4c03-b683-8e4abd975e8d-1.jpg","_links":{"self":[{"href":"https:\/\/vimagazine.com.br\/index.php?rest_route=\/wp\/v2\/posts\/4808"}],"collection":[{"href":"https:\/\/vimagazine.com.br\/index.php?rest_route=\/wp\/v2\/posts"}],"about":[{"href":"https:\/\/vimagazine.com.br\/index.php?rest_route=\/wp\/v2\/types\/post"}],"author":[{"embeddable":true,"href":"https:\/\/vimagazine.com.br\/index.php?rest_route=\/wp\/v2\/users\/2"}],"replies":[{"embeddable":true,"href":"https:\/\/vimagazine.com.br\/index.php?rest_route=%2Fwp%2Fv2%2Fcomments&post=4808"}],"version-history":[{"count":1,"href":"https:\/\/vimagazine.com.br\/index.php?rest_route=\/wp\/v2\/posts\/4808\/revisions"}],"predecessor-version":[{"id":4810,"href":"https:\/\/vimagazine.com.br\/index.php?rest_route=\/wp\/v2\/posts\/4808\/revisions\/4810"}],"wp:featuredmedia":[{"embeddable":true,"href":"https:\/\/vimagazine.com.br\/index.php?rest_route=\/wp\/v2\/media\/4809"}],"wp:attachment":[{"href":"https:\/\/vimagazine.com.br\/index.php?rest_route=%2Fwp%2Fv2%2Fmedia&parent=4808"}],"wp:term":[{"taxonomy":"category","embeddable":true,"href":"https:\/\/vimagazine.com.br\/index.php?rest_route=%2Fwp%2Fv2%2Fcategories&post=4808"},{"taxonomy":"post_tag","embeddable":true,"href":"https:\/\/vimagazine.com.br\/index.php?rest_route=%2Fwp%2Fv2%2Ftags&post=4808"}],"curies":[{"name":"wp","href":"https:\/\/api.w.org\/{rel}","templated":true}]}}