{"id":4880,"date":"2022-07-01T01:47:46","date_gmt":"2022-07-01T04:47:46","guid":{"rendered":"https:\/\/vimagazine.com.br\/?p=4880"},"modified":"2022-07-01T01:49:58","modified_gmt":"2022-07-01T04:49:58","slug":"exclusivo-atriz-interpreta-bibi-uma-vida-em-musical-no-rio-e-fala-sobre-sua-personagem-na-novela-poliana-moca","status":"publish","type":"post","link":"https:\/\/vimagazine.com.br\/?p=4880","title":{"rendered":"Exclusivo: Atriz interpreta \u2018Bibi, uma vida em musical\u2019 no Rio e fala sobre sua personagem na novela Poliana Mo\u00e7a"},"content":{"rendered":"\n<p><\/p>\n\n\n\n<p><strong>&nbsp;&nbsp;&nbsp; <\/strong>Amanda Neto Acosta, mais conhecida como <strong>Amanda Acosta<\/strong> \u00e9 atriz, cantora, compositora e foi integrante do grupo musical infantil, \u2018Trem da alegria\u2019, que fez muito sucesso entre os anos de 1988 a 1992. Amanda teve a sua primeira apari\u00e7\u00e3o na TV no \u2018<strong><em>Programa<\/em> <em>Raul Gil<\/em><\/strong><em>\u2019,<\/em> no in\u00edcio dos anos 80, quando tinha apenas 4 anos de idade, onde cantou o sucesso \u2018<strong>Ursinho Pimp\u00e3o<\/strong> da banda <strong>Turma do<\/strong> <strong>Bal\u00e3o M\u00e1gico<\/strong>.<\/p>\n\n\n\n<p><\/p>\n\n\n\n<p>&nbsp; Para falar sobre a pe\u00e7a, \u2018<strong>Bibi, uma vida em musical<\/strong>\u2019 e sobre a sua personagem Eug\u00eania, vivida na novela \u2018<strong>Poliana Mo\u00e7a<\/strong>\u2019 do <strong>SBT<\/strong>, que eu entrevistei com exclusividade, a atriz <strong>Amanda Acosta<\/strong>.<\/p>\n\n\n\n<p><\/p>\n\n\n\n<p><strong><em>Qual a sua avalia\u00e7\u00e3o acerca da lei rouanet e como voc\u00eas t\u00eam lidado com a falta de incentivo do governo na arte? Ainda sobre o assunto, voc\u00ea tem visto algum resultado das mobiliza\u00e7\u00f5es da classe art\u00edstica no tocante a lei rouanet?<\/em><\/strong><\/p>\n\n\n\n<p><\/p>\n\n\n\n<p><strong>R:<\/strong> &nbsp;Infelizmente, o governo atual, n\u00e3o apoia a cultura. Com isso n\u00f3s artistas e todos os segmentos da cultura tais como museus, artistas pl\u00e1sticos, e enfim, todos que trabalham na \u00e1rea da cultura e todos os fazedores de arte ficam prejudicados.<\/p>\n\n\n\n<p><\/p>\n\n\n\n<p>&nbsp; &#8211;&nbsp; N\u00e3o tenho visto resultados das mobiliza\u00e7\u00f5es em busca de incentivo fiscal para os artistas. &nbsp;Sem falar que, a meu ver, o valor destinado a cultura \u00e9 muito pouco. Este valor precisa ser maior e melhor distribu\u00eddo a fim, inclusive, de abrir campo de trabalho para a classe art\u00edstica.<\/p>\n\n\n\n<p><\/p>\n\n\n\n<p>&nbsp;&nbsp; &#8211; Um outro ponto, \u00e9 que as pessoas, precisam ter consci\u00eancia de que a <strong>lei rouanet<\/strong> n\u00e3o foi estabelecida para dar dinheiro para os artistas. N\u00f3s, artistas, pagamos impostos, e de cada R$1,00 investido o governo recolhe R$1,50 o que ainda gera lucro para a m\u00e1quina p\u00fablica. Na minha opini\u00e3o n\u00e3o existe lei ou sistema ruim. O que h\u00e1, sem generalizar, s\u00e3o pessoas mal-intencionadas.<\/p>\n\n\n\n<p><\/p>\n\n\n\n<p><strong><em>Quais foram os seus principais desafios na pandemia?<\/em><\/strong><\/p>\n\n\n\n<p><\/p>\n\n\n\n<p>&nbsp; <strong>R:<\/strong> Foi dif\u00edcil e triste ver a situa\u00e7\u00e3o \u2013 financeira de muitos colegas seja os que trabalham na parte t\u00e9cnica e, os que trabalham atr\u00e1s das coxias (bastidores), que geralmente, n\u00e3o s\u00e3o vistos pelo p\u00fablico.<\/p>\n\n\n\n<p><\/p>\n\n\n\n<p>&nbsp;&#8211; Na pandemia eu dei uma parada obrigat\u00f3ria nas grava\u00e7\u00f5es e fiz alguns trabalhos onlines. Contudo, tive um suporte por estar contratada e ter continuado o contrato por um bom tempo, o qual s\u00f3 sei agradecer muito por ter sido acolhida nesse momento (pandemia), que foi t\u00e3o delicado para todos n\u00f3s.<\/p>\n\n\n\n<p><\/p>\n\n\n\n<p><strong><em>Como est\u00e1 sendo para voc\u00ea voltar aos palcos ap\u00f3s tanto tempo?<\/em><\/strong><\/p>\n\n\n\n<p><strong>&nbsp;&nbsp; R:<\/strong> &nbsp;Esse retorno est\u00e1 sendo feito com muita bravura por conta desse n\u00e3o acolhimento financeiro que a \u00e1rea art\u00edstica tinha que ter por parte do governo. N\u00f3s estamos conseguindo lotar os teatros como tantas outras pe\u00e7as t\u00eam feito. &nbsp;Isso na minha opini\u00e3o \u00e9 a maior prova de resist\u00eancia de que o teatro permanece vivo. Falo do teatro porque nesse segmento \u00e9 tudo mais delicado, haja vista, que o teatro precisa e se faz com a presen\u00e7a das pessoas.&nbsp; Com a pandemia n\u00f3s sofremos bastante, j\u00e1 que sem a presen\u00e7a do p\u00fablico, n\u00e3o existe teatro.<\/p>\n\n\n\n<p><\/p>\n\n\n\n<p>&nbsp;&#8211;&nbsp; Reitero que mesmo com a retomada das pe\u00e7as tem feito e se faz necess\u00e1rio a verba proveniente da lei rouanet, que reitero, precisa ser melhor redistribu\u00edda de modo a beneficiar o maior n\u00famero de produ\u00e7\u00f5es e cria\u00e7\u00f5es em todo o Brasil.<\/p>\n\n\n\n<p><\/p>\n\n\n\n<p>&nbsp;&nbsp; &#8211;&nbsp; A rigor, o momento ensina que n\u00f3s temos que ter muita escuta e, de uma certa forma relaxamento, para que as coisas fluam, sem deixar reter qualquer tens\u00e3o ou energia negativa. &nbsp;\u201cA arte une vidas e faz com que a gente transcenda. Trata-se do trabalho subjetivo da alma porque a arte \u00e9 inerente ao homem\u201d.<\/p>\n\n\n\n<p><\/p>\n\n\n\n<p><strong><em>Como est\u00e1 sendo para voc\u00ea reviver Bibi Ferreira ap\u00f3s 4 anos, j\u00e1 que este musical<\/em><\/strong><em> <\/em><strong><em>foi estreado, a n\u00edvel nacional pela primeira vez, em 2018?<\/em><\/strong><\/p>\n\n\n\n<p><\/p>\n\n\n\n<p class=\"has-text-align-center\"><a><em><strong>\u201cA arte une vidas e faz com que a gente transcenda. Trata-se do trabalho subjetivo da alma porque a arte \u00e9 inerente ao homem\u201d.<\/strong><\/em><\/a><\/p>\n\n\n\n<p><\/p>\n\n\n\n<p><strong>&nbsp;&nbsp; R:<\/strong> \u00c9 um dos maiores desafios para mim, enquanto atriz, pois foi um processo de muita pesquisa, ouvindo e vendo tudo que foi poss\u00edvel na internet sobre a Bibi, bem como ler tudo que me veio as m\u00e3os, sobre a vida, a obra e, ouvindo muita gente que trabalhou com ela.<\/p>\n\n\n\n<p>&nbsp;&#8211;&nbsp; &nbsp;Ressalto que, \u00e9 diferente interpretar um personagem que \u00e9 real, que inclusive, na \u00e9poca da estreia em 2018, ainda estava viva e esteve presente na pe\u00e7a. N\u00e3o h\u00e1 como criar de cabe\u00e7a uma diva como Bibi, tive que incorporar o f\u00edsico, gestual, din\u00e2mica e a voz, que s\u00e3o muito marcantes em nela. Ali\u00e1s, a Bibi Ferreira foi muito marcante vocalmente e fisicamente atrav\u00e9s da presen\u00e7a dela, no olhar.<\/p>\n\n\n\n<p>&nbsp;&nbsp; Fiquei bem atenta a todos esses detalhes relativos ao tom da voz, o vibrato nas m\u00fasicas e eu interpreto ela no per\u00edodo que vai desde quando ela tinha 19 anos at\u00e9 os 92, quando ela se apresentou em Nova York.&nbsp; Portanto al\u00e9m de tudo ainda tive que ser atenta a todas as mudan\u00e7as inerentes a cada fase da vida de Bibi.<\/p>\n\n\n\n<p>&nbsp;&nbsp; &#8211; &nbsp;\u00c9 desafiador, pois \u00e9 um trabalho f\u00edsico e vocal, que demanda um estudo di\u00e1rio e constante para que a interpreta\u00e7\u00e3o seja, cada vez mais leve e flu\u00edda de maneira a conseguir acessar a plateia para que as pessoas sintam a Bibi ali, na apresenta\u00e7\u00e3o.<\/p>\n\n\n\n<p><strong><em>O que o p\u00fablico pode esperar da pe\u00e7a \u2018Bibi, uma vida em musical\u2019?<\/em><\/strong><\/p>\n\n\n\n<p><\/p>\n\n\n\n<p>&nbsp; <strong>R:<\/strong> As pessoas ficar\u00e3o arrebatadas, essa \u00e9 a palavra que melhor define a sensa\u00e7\u00e3o que o p\u00fablico sentir\u00e1 ap\u00f3s o espet\u00e1culo!<\/p>\n\n\n\n<p>&nbsp;&#8211; As pessoas ficar\u00e3o muito emocionadas, dar\u00e3o risadas e sair\u00e3o inspiradas, agradecidas pela inje\u00e7\u00e3o de vida e de amor n\u00e3o s\u00f3 pela hist\u00f3ria de Bibi, mais tamb\u00e9m com tudo que n\u00f3s, artistas, levamos para o palco em mat\u00e9ria de amor, dedica\u00e7\u00e3o e uni\u00e3o, para contar a linda hist\u00f3ria dessa grande diva.<\/p>\n\n\n\n<p><\/p>\n\n\n\n<p>&nbsp;&nbsp;&nbsp; &#8211; Texto de <strong>Artur Xex\u00e9o<\/strong> e <strong>Luanna Guimar\u00e3es<\/strong>, sob a dire\u00e7\u00e3o de <strong>Tadeu Aguiar<\/strong>, com a dire\u00e7\u00e3o musical de Tony Lucchesi, m\u00fasica original <strong>Thereza Tinoco<\/strong>, a pe\u00e7a tem dura\u00e7\u00e3o de <strong>165<\/strong> minutos, com classifica\u00e7\u00e3o et\u00e1ria de 10 anos.<\/p>\n\n\n\n<p><\/p>\n\n\n\n<p>&nbsp;&#8211; As pessoas v\u00e3o assistir a um espet\u00e1culo que tem dura\u00e7\u00e3o de <strong>2:45<\/strong> no qual \u00e9 retratada todas as fases da vida da Bibi Ferreira, toda a sua trajet\u00f3ria, o que a tornou uma grande diva.<\/p>\n\n\n\n<p><\/p>\n\n\n\n<p><strong><em>Em qual lugar, quais os dias da semana, em quais hor\u00e1rios ocorrem o musical e, como as pessoas podem adquirir o ingresso?<\/em><\/strong><\/p>\n\n\n\n<p><\/p>\n\n\n\n<p><strong>R:<\/strong> A pe\u00e7a est\u00e1 em cartaz no Rio de janeiro, no <strong>teatro Rachuelo. <\/strong>Adquira o seu ingresso <a href=\"https:\/\/bileto.sympla.com.br\/event\/72240\/d\/131580\">aqui<\/a>.<\/p>\n\n\n\n<p><\/p>\n\n\n\n<p><strong>&nbsp;<\/strong>&#8211; <strong>Dias e hor\u00e1rios<\/strong>: Sexta e S\u00e1bado \u00e0s 16h00, sexta \u00e0s 20h00, S\u00e1bado \u00e0s 20h30, Domingo \u00e0s 18h00<\/p>\n\n\n\n<p><\/p>\n\n\n\n<p>&nbsp;&#8211; Em cartaz de <strong>24 de junho a 31 de julho<\/strong> e em setembro reestreia em S\u00e3o Paulo.<\/p>\n\n\n\n<p><\/p>\n\n\n\n<p><strong><em>Como est\u00e1 sendo participar da nova Poliana Mo\u00e7a e quais os seus novos projetos?<\/em><\/strong><\/p>\n\n\n\n<p><\/p>\n\n\n\n<p>&nbsp;&nbsp;&nbsp;&nbsp; <strong>R:<\/strong> Estou amando interpretar a Eug\u00eania que \u00e9 m\u00e3e de dois filhos adotivos, o <strong>Pedro <\/strong>(Tavinho Martins) e o <strong>Chloe <\/strong>(Mari Campolongo) e, <strong>Helena<\/strong> (Luisa Bresser), filha biol\u00f3gica.<\/p>\n\n\n\n<p><\/p>\n\n\n\n<p>&nbsp;&nbsp; &#8211; Est\u00e1 sendo bem legal. A trama traz quest\u00f5es muito importantes ali na rela\u00e7\u00e3o m\u00e3e e filho e tamb\u00e9m com o marido <strong>Davi<\/strong> (Marcello Airoldi). Eug\u00eania e Davi, s\u00e3o muito parceiros. Eug\u00eania trabalha em casa organizando a din\u00e2mica do lar, cuidando dos filhos e Davi trabalha fora como m\u00e9dico.<\/p>\n\n\n\n<p><\/p>\n\n\n\n<p>&nbsp;&#8211;&nbsp; Para mais informa\u00e7\u00f5es sobre Amanda Acosta, visite o <strong>Instagram <\/strong>da atriz. <a href=\"https:\/\/www.instagram.com\/amandaacosta\/\">aqui<\/a><\/p>\n\n\n\n<p><\/p>\n","protected":false},"excerpt":{"rendered":"<p>&nbsp;&nbsp;&nbsp; Amanda Neto Acosta, mais conhecida como Amanda Acosta \u00e9 atriz, cantora, compositora e foi&#8230;<\/p>\n","protected":false},"author":2,"featured_media":4881,"comment_status":"closed","ping_status":"open","sticky":false,"template":"","format":"standard","meta":{"om_disable_all_campaigns":false,"_monsterinsights_skip_tracking":false,"_monsterinsights_sitenote_active":false,"_monsterinsights_sitenote_note":"","_monsterinsights_sitenote_category":0,"spay_email":""},"categories":[31],"tags":[336,337,286,338],"jetpack_featured_media_url":"https:\/\/vimagazine.com.br\/wp-content\/uploads\/2022\/07\/b44769cf-a09d-404f-ae72-c11b3ea358cb.jpg","_links":{"self":[{"href":"https:\/\/vimagazine.com.br\/index.php?rest_route=\/wp\/v2\/posts\/4880"}],"collection":[{"href":"https:\/\/vimagazine.com.br\/index.php?rest_route=\/wp\/v2\/posts"}],"about":[{"href":"https:\/\/vimagazine.com.br\/index.php?rest_route=\/wp\/v2\/types\/post"}],"author":[{"embeddable":true,"href":"https:\/\/vimagazine.com.br\/index.php?rest_route=\/wp\/v2\/users\/2"}],"replies":[{"embeddable":true,"href":"https:\/\/vimagazine.com.br\/index.php?rest_route=%2Fwp%2Fv2%2Fcomments&post=4880"}],"version-history":[{"count":2,"href":"https:\/\/vimagazine.com.br\/index.php?rest_route=\/wp\/v2\/posts\/4880\/revisions"}],"predecessor-version":[{"id":4883,"href":"https:\/\/vimagazine.com.br\/index.php?rest_route=\/wp\/v2\/posts\/4880\/revisions\/4883"}],"wp:featuredmedia":[{"embeddable":true,"href":"https:\/\/vimagazine.com.br\/index.php?rest_route=\/wp\/v2\/media\/4881"}],"wp:attachment":[{"href":"https:\/\/vimagazine.com.br\/index.php?rest_route=%2Fwp%2Fv2%2Fmedia&parent=4880"}],"wp:term":[{"taxonomy":"category","embeddable":true,"href":"https:\/\/vimagazine.com.br\/index.php?rest_route=%2Fwp%2Fv2%2Fcategories&post=4880"},{"taxonomy":"post_tag","embeddable":true,"href":"https:\/\/vimagazine.com.br\/index.php?rest_route=%2Fwp%2Fv2%2Ftags&post=4880"}],"curies":[{"name":"wp","href":"https:\/\/api.w.org\/{rel}","templated":true}]}}