{"id":4889,"date":"2022-07-03T10:10:52","date_gmt":"2022-07-03T13:10:52","guid":{"rendered":"https:\/\/vimagazine.com.br\/?p=4889"},"modified":"2022-07-03T10:10:54","modified_gmt":"2022-07-03T13:10:54","slug":"hospital-de-olhos-sadalla-recebe-homenagem-da-camara-de-vereadores","status":"publish","type":"post","link":"https:\/\/vimagazine.com.br\/?p=4889","title":{"rendered":"Hospital de Olhos Sadalla recebe homenagem da C\u00e2mara de Vereadores"},"content":{"rendered":"\n<p>Foram destacados os 80 anos de atua\u00e7\u00e3o da institui\u00e7\u00e3o na cidade&nbsp;<\/p>\n\n\n\n<p>O Hospital de Olhos Sadalla Amin Ghanem foi homenageado nesta quarta-feira (29), durante uma sess\u00e3o especial promovida pela C\u00e2mara de Vereadores de Joinville. A homenagem foi proposta pelo presidente da C\u00e2mara, Maur\u00edcio Peixer, em comemora\u00e7\u00e3o aos 80 anos da institui\u00e7\u00e3o.<\/p>\n\n\n\n<p>O reconhecimento concedido pelo Legislativo destacou a hist\u00f3ria de sucesso da empresa que nasceu em Joinville em 1942 e segue em funcionamento at\u00e9 os dias atuais. Com oito d\u00e9cadas de atua\u00e7\u00e3o, o Sadalla se tornou um dos s\u00edmbolos de prosperidade da cidade, cuja hist\u00f3ria se confunde com o desenvolvimento da \u00e1rea de oftalmologia em Santa Catarina. O hospital conta com o atendimento de 13 especialidades, 47 m\u00e9dicos e mais de 270 profissionais que atendem todos os meses cerca de 10 mil pacientes e realizam em torno de 1.300 cirurgias.&nbsp;<\/p>\n\n\n\n<p>Na oportunidade, Dr. Emir Amin Ghanem destacou a produ\u00e7\u00e3o cient\u00edfica desenvolvida pelo Hospital e que leva o nome de Joinville at\u00e9 mesmo para o exterior e as v\u00e1rias campanhas sociais que foram desenvolvidas na cidade em todos esses anos.&nbsp;&nbsp;&nbsp;<\/p>\n\n\n\n<p>Do antigo casar\u00e3o na Rua Abdon Batista, para c\u00e1, na nova unidade no bairro Atiradores, com mais de 10 mil m<sup>2<\/sup> distribu\u00eddos em quatro andares, o Sadalla n\u00e3o somente mudou de endere\u00e7o, mas ganhou grandiosidade e uma sede que abriga equipamentos modernos no diagn\u00f3stico e tratamento de doen\u00e7as oculares. Al\u00e9m disso, o hospital sempre teve vis\u00e3o empreendedora e busca fortalecer ainda mais a institui\u00e7\u00e3o com as implanta\u00e7\u00f5es de departamentos como: Sadalla Laser, setor destinado \u00e0 cirurgia refrativa a laser; Lentes de Contato, setor capacitado para auxiliar principalmente os pacientes na adapta\u00e7\u00e3o e uso de lentes de contato; Espa\u00e7o Care (voltado ao atendimento de pacientes com doen\u00e7as de retina) e o Departamento Est\u00e9tica Avan\u00e7ada, com uma equipe multidisciplinar de diferentes \u00e1reas: dermatologia, nutri\u00e7\u00e3o, nutrologia, cirurgia pl\u00e1stica e pl\u00e1stica ocular.&nbsp;&nbsp;&nbsp;&nbsp;<\/p>\n\n\n\n<p>&#8220;O meu av\u00f4 ficaria orgulhoso em ver o que o Sadalla se tornou e como meus pais, os Drs. Emir Amin Ghanem e Cleusa Coral-Ghanem, juntamente com uma equipe m\u00e9dica de alt\u00edssima qualidade, transformaram o Hospital&#8221;, afirma o Diretor M\u00e9dico do Sadalla, Dr. Vin\u00edcius Coral Ghanem.<\/p>\n\n\n\n<p>Os avan\u00e7os, por\u00e9m, s\u00e3o constantes. Compreendendo que o futuro da medicina est\u00e1 na associa\u00e7\u00e3o a grandes conglomerados, h\u00e1 mais de cinco anos o Sadalla faz parte do Grupo Opty, maior grupo de oftalmologia da Am\u00e9rica Latina. Desde ent\u00e3o, os frutos dessa associa\u00e7\u00e3o proporcionaram as inaugura\u00e7\u00f5es de um centro oftalmol\u00f3gico na cidade de Jaragu\u00e1 do Sul, a aquisi\u00e7\u00e3o da Cl\u00ednica Vis\u00e3o (que migrou para a marca popular e nacional do grupo: Dr. Vis Centro Oftalmol\u00f3gico, oferecendo consultas e exames com valores mais acess\u00edveis), e Sadalla Smart (a Smart Clinic com o conceito de \u201ccl\u00ednica do futuro\u201d, com exames ultra precisos e fluxo otimizado de atendimento).<\/p>\n\n\n\n<p>Em nome da equipe, a Diretora de Opera\u00e7\u00f5es do Hospital, Milena Vit\u00f3rio Alves, agradeceu a honra por receber mais essa homenagem que enobrece ainda mais os 80 anos de servi\u00e7os prestados pela institui\u00e7\u00e3o aos pacientes. \u201cSeguimos crescendo e superando grandes desafios e uma homenagem como essa, mostra a credibilidade, qualidade e efici\u00eancia no atendimento que o hospital possui&#8221;, pontuou Milena.\u00a0\u00a0<\/p>\n\n\n\n<p>Fonte: Mariana Woj<br>Foto: Divulga\u00e7\u00e3o <\/p>\n\n\n\n<figure class=\"wp-block-image size-large\"><img width=\"1024\" height=\"685\" src=\"https:\/\/vimagazine.com.br\/wp-content\/uploads\/2022\/07\/C269C1E1-F3F6-4094-861D-C01517C38AA8-1024x685.jpg\" alt=\"\" class=\"wp-image-4891\" srcset=\"https:\/\/vimagazine.com.br\/wp-content\/uploads\/2022\/07\/C269C1E1-F3F6-4094-861D-C01517C38AA8-1024x685.jpg 1024w, https:\/\/vimagazine.com.br\/wp-content\/uploads\/2022\/07\/C269C1E1-F3F6-4094-861D-C01517C38AA8-300x201.jpg 300w, https:\/\/vimagazine.com.br\/wp-content\/uploads\/2022\/07\/C269C1E1-F3F6-4094-861D-C01517C38AA8-768x514.jpg 768w, https:\/\/vimagazine.com.br\/wp-content\/uploads\/2022\/07\/C269C1E1-F3F6-4094-861D-C01517C38AA8.jpg 1440w\" sizes=\"(max-width: 1024px) 100vw, 1024px\" \/><\/figure>\n","protected":false},"excerpt":{"rendered":"<p>Foram destacados os 80 anos de atua\u00e7\u00e3o da institui\u00e7\u00e3o na cidade&nbsp; O Hospital de Olhos&#8230;<\/p>\n","protected":false},"author":3,"featured_media":4890,"comment_status":"closed","ping_status":"open","sticky":false,"template":"","format":"standard","meta":{"om_disable_all_campaigns":false,"_monsterinsights_skip_tracking":false,"_monsterinsights_sitenote_active":false,"_monsterinsights_sitenote_note":"","_monsterinsights_sitenote_category":0,"spay_email":""},"categories":[1],"tags":[],"jetpack_featured_media_url":"https:\/\/vimagazine.com.br\/wp-content\/uploads\/2022\/07\/IMG_5040-e1656853742977.jpg","_links":{"self":[{"href":"https:\/\/vimagazine.com.br\/index.php?rest_route=\/wp\/v2\/posts\/4889"}],"collection":[{"href":"https:\/\/vimagazine.com.br\/index.php?rest_route=\/wp\/v2\/posts"}],"about":[{"href":"https:\/\/vimagazine.com.br\/index.php?rest_route=\/wp\/v2\/types\/post"}],"author":[{"embeddable":true,"href":"https:\/\/vimagazine.com.br\/index.php?rest_route=\/wp\/v2\/users\/3"}],"replies":[{"embeddable":true,"href":"https:\/\/vimagazine.com.br\/index.php?rest_route=%2Fwp%2Fv2%2Fcomments&post=4889"}],"version-history":[{"count":1,"href":"https:\/\/vimagazine.com.br\/index.php?rest_route=\/wp\/v2\/posts\/4889\/revisions"}],"predecessor-version":[{"id":4892,"href":"https:\/\/vimagazine.com.br\/index.php?rest_route=\/wp\/v2\/posts\/4889\/revisions\/4892"}],"wp:featuredmedia":[{"embeddable":true,"href":"https:\/\/vimagazine.com.br\/index.php?rest_route=\/wp\/v2\/media\/4890"}],"wp:attachment":[{"href":"https:\/\/vimagazine.com.br\/index.php?rest_route=%2Fwp%2Fv2%2Fmedia&parent=4889"}],"wp:term":[{"taxonomy":"category","embeddable":true,"href":"https:\/\/vimagazine.com.br\/index.php?rest_route=%2Fwp%2Fv2%2Fcategories&post=4889"},{"taxonomy":"post_tag","embeddable":true,"href":"https:\/\/vimagazine.com.br\/index.php?rest_route=%2Fwp%2Fv2%2Ftags&post=4889"}],"curies":[{"name":"wp","href":"https:\/\/api.w.org\/{rel}","templated":true}]}}