{"id":4912,"date":"2022-07-06T10:54:10","date_gmt":"2022-07-06T13:54:10","guid":{"rendered":"https:\/\/vimagazine.com.br\/?p=4912"},"modified":"2022-07-06T10:54:14","modified_gmt":"2022-07-06T13:54:14","slug":"rastape-na-festa-julina-em-sao-bento-do-abade-mg","status":"publish","type":"post","link":"https:\/\/vimagazine.com.br\/?p=4912","title":{"rendered":"Rastap\u00e9 na Festa Julina em S\u00e3o Bento do Abade &#8211; MG"},"content":{"rendered":"\n<p>Depois da maratona de shows comemorando o S\u00e3o Jo\u00e3o a \u201cfesta do forr\u00f3\u201d, continua neste m\u00eas com a banda Rastap\u00e9, que se apresenta no pr\u00f3ximo dia 08 de julho (sexta-feira) em S\u00e3o Bento do Abade \u2013 MG &#8211; na festa Julina que acontece na cidade de 08 a 10 de julho.<\/p>\n\n\n\n<p>Ser\u00e1 uma noite para comemorar em grande estilo, levando para Minas Gerais, um repert\u00f3rio de grandes sucessos da banda, entre eles: \u201cColo de Menina\u201d, \u201cFrevo Mulher\u201d, \u201cBicho do Mato\u201d, \u201cUm Anjo do C\u00e9u\u201d, e\u201d Minha Felicidade\u201d, m\u00fasica lan\u00e7ada recentemente em ritmo de Xote pela banda com a participa\u00e7\u00e3o especial da cantora Roberta Campos.<\/p>\n\n\n\n<figure class=\"wp-block-embed is-type-video is-provider-youtube wp-block-embed-youtube wp-embed-aspect-4-3 wp-has-aspect-ratio\"><div class=\"wp-block-embed__wrapper\">\n<iframe loading=\"lazy\" title=\"Minha Felicidade\" width=\"640\" height=\"480\" src=\"https:\/\/www.youtube.com\/embed\/sQyatUm65F8?feature=oembed\" frameborder=\"0\" allow=\"accelerometer; autoplay; clipboard-write; encrypted-media; gyroscope; picture-in-picture\" allowfullscreen><\/iframe>\n<\/div><\/figure>\n\n\n\n<p>\u201cEstamos muito felizes neste ano que pudemos voltar aos palcos e rever nosso p\u00fablico, \u00e9 uma energia incr\u00edvel.\u201d Comenta Jorge filho.<\/p>\n\n\n\n<p>Este \u00e9 um ano especial para a banda que comemora 23 anos de carreira e j\u00e1 est\u00e1 em est\u00fadio preparando um novo EP com faixas in\u00e9ditas e regrava\u00e7\u00f5es, o pr\u00f3ximo single tamb\u00e9m com participa\u00e7\u00e3o j\u00e1 est\u00e1 em fase de produ\u00e7\u00e3o, com&nbsp; lan\u00e7amento previsto para o m\u00eas de julho.<\/p>\n\n\n\n<p>Para saber mais, acesse:<\/p>\n\n\n\n<p>Site:&nbsp;<a href=\"http:\/\/www.rastape.com.br\/\" target=\"_blank\" rel=\"noreferrer noopener\">www.rastape.com.br<\/a><\/p>\n\n\n\n<p>Facebook:&nbsp;<a href=\"https:\/\/www.facebook.com\/bandarastape\" target=\"_blank\" rel=\"noreferrer noopener\">https:\/\/www.facebook.com\/bandarastape<\/a><\/p>\n\n\n\n<p>Youtube:&nbsp;<a href=\"https:\/\/www.youtube.com\/watch?v=64_crMGNj5c\" target=\"_blank\" rel=\"noreferrer noopener\">https:\/\/www.youtube.com\/watch?v=64_crMGNj5c<\/a><\/p>\n\n\n\n<p>Instagram:\u00a0<a href=\"https:\/\/instagram.com\/rastape\" target=\"_blank\" rel=\"noreferrer noopener\">https:\/\/instagram.com\/rastape<\/a><br>\u00a0 \u00a0\u00a0Assessoria de Imprensa\/ Divulga\u00e7\u00e3o TV<br><strong>\u00a0\u00a0Fernanda Lara Rocca\u00a0<\/strong><br>Whatsaap\u00a0\u00a0Instagram:@fernanda.l.rocca<a href=\"http:\/\/twitter.com\/FernandaLara01\" target=\"_blank\" rel=\"noreferrer noopener\">twitter:@FernandaLara01<\/a><a href=\"https:\/\/www.facebook.com\/fernanda.l.rocca\" target=\"_blank\" rel=\"noreferrer noopener\">https:\/\/www.facebook.com\/fernanda.l.rocca<\/a><\/p>\n","protected":false},"excerpt":{"rendered":"<p>Depois da maratona de shows comemorando o S\u00e3o Jo\u00e3o a \u201cfesta do forr\u00f3\u201d, continua neste&#8230;<\/p>\n","protected":false},"author":3,"featured_media":4913,"comment_status":"closed","ping_status":"open","sticky":false,"template":"","format":"standard","meta":{"om_disable_all_campaigns":false,"_monsterinsights_skip_tracking":false,"_monsterinsights_sitenote_active":false,"_monsterinsights_sitenote_note":"","_monsterinsights_sitenote_category":0,"spay_email":""},"categories":[1],"tags":[],"jetpack_featured_media_url":"https:\/\/vimagazine.com.br\/wp-content\/uploads\/2022\/07\/rastape02-e1657115408251.jpg","_links":{"self":[{"href":"https:\/\/vimagazine.com.br\/index.php?rest_route=\/wp\/v2\/posts\/4912"}],"collection":[{"href":"https:\/\/vimagazine.com.br\/index.php?rest_route=\/wp\/v2\/posts"}],"about":[{"href":"https:\/\/vimagazine.com.br\/index.php?rest_route=\/wp\/v2\/types\/post"}],"author":[{"embeddable":true,"href":"https:\/\/vimagazine.com.br\/index.php?rest_route=\/wp\/v2\/users\/3"}],"replies":[{"embeddable":true,"href":"https:\/\/vimagazine.com.br\/index.php?rest_route=%2Fwp%2Fv2%2Fcomments&post=4912"}],"version-history":[{"count":1,"href":"https:\/\/vimagazine.com.br\/index.php?rest_route=\/wp\/v2\/posts\/4912\/revisions"}],"predecessor-version":[{"id":4914,"href":"https:\/\/vimagazine.com.br\/index.php?rest_route=\/wp\/v2\/posts\/4912\/revisions\/4914"}],"wp:featuredmedia":[{"embeddable":true,"href":"https:\/\/vimagazine.com.br\/index.php?rest_route=\/wp\/v2\/media\/4913"}],"wp:attachment":[{"href":"https:\/\/vimagazine.com.br\/index.php?rest_route=%2Fwp%2Fv2%2Fmedia&parent=4912"}],"wp:term":[{"taxonomy":"category","embeddable":true,"href":"https:\/\/vimagazine.com.br\/index.php?rest_route=%2Fwp%2Fv2%2Fcategories&post=4912"},{"taxonomy":"post_tag","embeddable":true,"href":"https:\/\/vimagazine.com.br\/index.php?rest_route=%2Fwp%2Fv2%2Ftags&post=4912"}],"curies":[{"name":"wp","href":"https:\/\/api.w.org\/{rel}","templated":true}]}}