{"id":4942,"date":"2022-07-13T09:26:41","date_gmt":"2022-07-13T12:26:41","guid":{"rendered":"https:\/\/vimagazine.com.br\/?p=4942"},"modified":"2022-07-13T09:26:44","modified_gmt":"2022-07-13T12:26:44","slug":"expocentro-faz-promocao-do-dia-dos-pais-e-da-desconto-para-o-show-de-ze-ramalho","status":"publish","type":"post","link":"https:\/\/vimagazine.com.br\/?p=4942","title":{"rendered":"Expocentro faz promo\u00e7\u00e3o do dia dos pais e d\u00e1 desconto para o show de Z\u00e9 Ramalho"},"content":{"rendered":"\n<p><\/p>\n\n\n\n<p style=\"font-size:18px\">J\u00e1 est\u00e3o \u00e0 venda ingressos promocionais para o show de Z\u00e9 Ramalho no Expocentro Balne\u00e1rio Cambori\u00fa J\u00falio Tedesco, que acontece dia 5 de agosto. Em comemora\u00e7\u00e3o ao dia dos pais tem uma promo\u00e7\u00e3o com 20% de desconto (e em at\u00e9 6x) para a compra de mesas.<br>\u00a0<br>O Expocentro tamb\u00e9m est\u00e1 com a promo\u00e7\u00e3o ingresso solid\u00e1rio. Para quem doar 1 kg de alimento n\u00e3o perec\u00edvel ou um agasalho em bom estado, ter\u00e1 desconto de 25% na compra de ingressos individuais.\u00a0 A compra pode ser feita pelo site Ingresso Nacional ou diretamente na administra\u00e7\u00e3o do Expocentro.<\/p>\n\n\n\n<p class=\"has-medium-font-size\"><strong>Sobre Z\u00e9 Ramalho<\/strong><\/p>\n\n\n\n<p>Z\u00e9 Ramalho, um trovador urbano comparado por muitos aos \u00edcones da m\u00fasica mundial, tra\u00e7ou uma ponte que unia Pink Floyd e Beatles a Jackson do Pandeiro e Luiz Gonzaga, cidade grande ao sert\u00e3o, psicodelismo ao regionalismo, o Nordeste inserido no mundo, o universo conectado ao Nordeste.<\/p>\n\n\n\n<p>Em sua trajet\u00f3ria profissional de muito sucesso, o cantor tem mais de 30 discos lan\u00e7ados, com a expressiva marca de mais de 5 milh\u00f5es de \u00e1lbuns vendidos, onde se destaca &#8220;20 ANOS ANTOLOGIA AC\u00daSTICA&#8221;, vencedor do Pr\u00eamio Sharp como melhor projeto gr\u00e1fico, NA\u00c7\u00c3O NORDESTINA, um mapeamento da hist\u00f3ria musical e pol\u00edtica da sua regi\u00e3o natal, indicado ao Grammy Latino de melhor \u00e1lbum regional e ESTA\u00c7\u00c3O BRASIL, um passeio pelo cancioneiro nacional.<\/p>\n\n\n\n<p>Em 1996, um dos projetos mais bem-sucedidos da m\u00fasica brasileira, O GRANDE ENCONTRO, com os amigos Alceu Valen\u00e7a, Elba Ramalho e Geraldo Azevedo, levou multid\u00f5es aos shows em todo o pa\u00eds e gerou o lan\u00e7amento de um disco ao vivo, um CD de est\u00fadio e outro gravado ao vivo, que alcan\u00e7aram a marca de 1 milh\u00e3o de unidades.<\/p>\n\n\n\n<p>Se apresentou no ROCK IN RIO 3 em 2001, com Elba Ramalho em mais um show hist\u00f3rico e em 2013 no ROCK IN RIO 5 junto com a banda Sepultura.<\/p>\n\n\n\n<p>Na turn\u00ea de 2022, Show dos Sucessos, Z\u00e9 Ramalho encanta e canta, Admir\u00e1vel Gado Novo, Entre a Serpente e a Estrela, Avohai, Frevo Mulher, Ch\u00e3o de Giz, Beira-Mar, Eternas Ondas, Garoto de Aluguel, Vila do Sossego, Banquete de Signos\u201d, Sin\u00f4nimo, releituras de Raul Seixas entre outras m\u00fasicas, sempre mantendo o respeito da cr\u00edtica especializada, em rara unanimidade.<\/p>\n\n\n\n<p>Seja qual for a jornada, o p\u00fablico sabe que quem a conduz \u00e9 um dos artistas com a personalidade mais marcante da m\u00fasica popular brasileira. Com sua inconfund\u00edvel voz e sua poesia, Z\u00e9 Ramalho escreveu, escreve e continuar\u00e1 escrevendo seu nome na hist\u00f3ria musical brasileira, seguindo feito um viajante pelas estradas do pa\u00eds, arrastando multid\u00f5es por onde quer que passe. H\u00e1 45 anos, o brasileiro sabe que assistir Z\u00e9 Ramalho ao vivo \u00e9 uma experi\u00eancia \u00fanica em uma esp\u00e9cie de pacto de fidelidade que se renova ano a ano.<\/p>\n\n\n\n<figure class=\"wp-block-image size-large\"><img width=\"768\" height=\"1024\" src=\"https:\/\/vimagazine.com.br\/wp-content\/uploads\/2022\/07\/Fachada-Expocentro-768x1024.jpeg\" alt=\"\" class=\"wp-image-4945\" srcset=\"https:\/\/vimagazine.com.br\/wp-content\/uploads\/2022\/07\/Fachada-Expocentro-768x1024.jpeg 768w, https:\/\/vimagazine.com.br\/wp-content\/uploads\/2022\/07\/Fachada-Expocentro-225x300.jpeg 225w, https:\/\/vimagazine.com.br\/wp-content\/uploads\/2022\/07\/Fachada-Expocentro.jpeg 960w\" sizes=\"(max-width: 768px) 100vw, 768px\" \/><\/figure>\n\n\n\n<p><br><strong>Local<\/strong>: Expocentro Balne\u00e1rio Cambori\u00fa J\u00falio Tedesco<br><strong>Data<\/strong>: 5 de agosto<br><strong>Abertura dos port\u00f5es:<\/strong>\u00a020h<br><strong>Venda de ingressos<\/strong>: Ingresso Nacional<br><strong>Contato (Expocentro):<\/strong><br>47 &#8211; 3228-1700<br>47 &#8211; 3228-1701<br><strong>Expocentro Balne\u00e1rio Cambori\u00fa J\u00falio Tedesco<\/strong><br>Av. Marginal Oeste- Balne\u00e1rio Cambori\u00fa<\/p>\n","protected":false},"excerpt":{"rendered":"<p>J\u00e1 est\u00e3o \u00e0 venda ingressos promocionais para o show de Z\u00e9 Ramalho no Expocentro Balne\u00e1rio&#8230;<\/p>\n","protected":false},"author":1,"featured_media":4944,"comment_status":"closed","ping_status":"open","sticky":false,"template":"","format":"standard","meta":{"om_disable_all_campaigns":false,"_monsterinsights_skip_tracking":false,"_monsterinsights_sitenote_active":false,"_monsterinsights_sitenote_note":"","_monsterinsights_sitenote_category":0,"spay_email":""},"categories":[27],"tags":[],"jetpack_featured_media_url":"https:\/\/vimagazine.com.br\/wp-content\/uploads\/2022\/07\/ZeRamalho-Foto-1-1.jpg","_links":{"self":[{"href":"https:\/\/vimagazine.com.br\/index.php?rest_route=\/wp\/v2\/posts\/4942"}],"collection":[{"href":"https:\/\/vimagazine.com.br\/index.php?rest_route=\/wp\/v2\/posts"}],"about":[{"href":"https:\/\/vimagazine.com.br\/index.php?rest_route=\/wp\/v2\/types\/post"}],"author":[{"embeddable":true,"href":"https:\/\/vimagazine.com.br\/index.php?rest_route=\/wp\/v2\/users\/1"}],"replies":[{"embeddable":true,"href":"https:\/\/vimagazine.com.br\/index.php?rest_route=%2Fwp%2Fv2%2Fcomments&post=4942"}],"version-history":[{"count":1,"href":"https:\/\/vimagazine.com.br\/index.php?rest_route=\/wp\/v2\/posts\/4942\/revisions"}],"predecessor-version":[{"id":4946,"href":"https:\/\/vimagazine.com.br\/index.php?rest_route=\/wp\/v2\/posts\/4942\/revisions\/4946"}],"wp:featuredmedia":[{"embeddable":true,"href":"https:\/\/vimagazine.com.br\/index.php?rest_route=\/wp\/v2\/media\/4944"}],"wp:attachment":[{"href":"https:\/\/vimagazine.com.br\/index.php?rest_route=%2Fwp%2Fv2%2Fmedia&parent=4942"}],"wp:term":[{"taxonomy":"category","embeddable":true,"href":"https:\/\/vimagazine.com.br\/index.php?rest_route=%2Fwp%2Fv2%2Fcategories&post=4942"},{"taxonomy":"post_tag","embeddable":true,"href":"https:\/\/vimagazine.com.br\/index.php?rest_route=%2Fwp%2Fv2%2Ftags&post=4942"}],"curies":[{"name":"wp","href":"https:\/\/api.w.org\/{rel}","templated":true}]}}