{"id":4950,"date":"2022-07-13T18:46:47","date_gmt":"2022-07-13T21:46:47","guid":{"rendered":"https:\/\/vimagazine.com.br\/?p=4950"},"modified":"2022-07-13T18:46:52","modified_gmt":"2022-07-13T21:46:52","slug":"apos-uma-temporada-de-enorme-sucesso-em-2019-o-espetaculo-a-mentira-de-florian-zeller-reestreou-no-rio-de-janeiro-no-teatro-claro-em-curta-temporada","status":"publish","type":"post","link":"https:\/\/vimagazine.com.br\/?p=4950","title":{"rendered":"Ap\u00f3s uma temporada de enorme sucesso em 2019, o espet\u00e1culo A Mentira, de Florian Zeller, reestreou no Rio de Janeiro no Teatro Claro em curta temporada"},"content":{"rendered":"\n<p><em>O espet\u00e1culo estreou no dia 1 de julho, tem dire\u00e7\u00e3o de Miguel Falabella, que tamb\u00e9m est\u00e1 no elenco ao lado de Danielle Winits, Alessandra Verney e Frederico Reuter<\/em><\/p>\n\n\n\n<p>A Mentira \u00e9 uma com\u00e9dia deliciosa do aclamado escritor Florian Zeller, que cria uma dramaturgia engenhosa e com tempos desafiadores para o p\u00fablico, trazendo de forma leve e divertida uma reflex\u00e3o sobre os limites da fraqueza e da lealdade nas rela\u00e7\u00f5es pessoais.<\/p>\n\n\n\n<p>Na hist\u00f3ria, Alice surpreende o marido de sua melhor amiga com outra mulher, criando, assim, um conflito para si: contar ou n\u00e3o \u00e0 amiga o que viu? Seu marido, Paulo, tenta convenc\u00ea-la a esconder a verdade, defendendo assim a mentira. \u00c9 s\u00f3 para proteger seu amigo? Ou ele tamb\u00e9m tem algo a esconder?<\/p>\n\n\n\n<figure class=\"wp-container-2 wp-block-gallery-1 wp-block-gallery columns-2 is-cropped\"><ul class=\"blocks-gallery-grid\"><li class=\"blocks-gallery-item\"><figure><img width=\"1024\" height=\"682\" src=\"https:\/\/vimagazine.com.br\/wp-content\/uploads\/2022\/07\/CGF7891-1-1024x682.jpg\" alt=\"\" data-id=\"4953\" data-full-url=\"https:\/\/vimagazine.com.br\/wp-content\/uploads\/2022\/07\/CGF7891-1.jpg\" data-link=\"https:\/\/vimagazine.com.br\/?attachment_id=4953\" class=\"wp-image-4953\" srcset=\"https:\/\/vimagazine.com.br\/wp-content\/uploads\/2022\/07\/CGF7891-1-1024x682.jpg 1024w, https:\/\/vimagazine.com.br\/wp-content\/uploads\/2022\/07\/CGF7891-1-300x200.jpg 300w, https:\/\/vimagazine.com.br\/wp-content\/uploads\/2022\/07\/CGF7891-1-768x512.jpg 768w, https:\/\/vimagazine.com.br\/wp-content\/uploads\/2022\/07\/CGF7891-1-1536x1023.jpg 1536w, https:\/\/vimagazine.com.br\/wp-content\/uploads\/2022\/07\/CGF7891-1.jpg 1920w\" sizes=\"(max-width: 1024px) 100vw, 1024px\" \/><figcaption class=\"blocks-gallery-item__caption\">A Mentira &#8211; Foto: Caio Gallucci<\/figcaption><\/figure><\/li><li class=\"blocks-gallery-item\"><figure><img width=\"1024\" height=\"576\" src=\"https:\/\/vimagazine.com.br\/wp-content\/uploads\/2022\/07\/CGF7778-1024x576.jpg\" alt=\"\" data-id=\"4951\" data-full-url=\"https:\/\/vimagazine.com.br\/wp-content\/uploads\/2022\/07\/CGF7778.jpg\" data-link=\"https:\/\/vimagazine.com.br\/?attachment_id=4951\" class=\"wp-image-4951\" srcset=\"https:\/\/vimagazine.com.br\/wp-content\/uploads\/2022\/07\/CGF7778-1024x576.jpg 1024w, https:\/\/vimagazine.com.br\/wp-content\/uploads\/2022\/07\/CGF7778-300x169.jpg 300w, https:\/\/vimagazine.com.br\/wp-content\/uploads\/2022\/07\/CGF7778-768x432.jpg 768w, https:\/\/vimagazine.com.br\/wp-content\/uploads\/2022\/07\/CGF7778-1536x864.jpg 1536w, https:\/\/vimagazine.com.br\/wp-content\/uploads\/2022\/07\/CGF7778.jpg 1920w\" sizes=\"(max-width: 1024px) 100vw, 1024px\" \/><figcaption class=\"blocks-gallery-item__caption\">A Mentira &#8211; Foto: Caio Gallucci<\/figcaption><\/figure><\/li><\/ul><\/figure>\n\n\n\n<p>A pe\u00e7a tem uma narrativa brilhante e abre um di\u00e1logo instigante sobre a verdade, em um momento em que estamos sendo bombardeados por fake news, tra\u00e7ando um paralelo com a realidade onde n\u00e3o se sabe mais o que \u00e9 verdade e o que \u00e9 mentira.<\/p>\n\n\n\n<p>Traduzida, dirigida e estrelada por Miguel Falabella, A Mentira \u00e9 uma com\u00e9dia sobre a arte de esconder para proteger aqueles que amamos, ou n\u00e3o. A nova temporada carioca conta com grande elenco e Falabella divide o palco com Danielle Winits, Alessandra Verney e Fred Reuter.<\/p>\n\n\n\n<p>As sess\u00f5es acontecem entre 1\u00ba de julho e 21 de agosto no Teatro Claro, localizado dentro do Shopping Cidade Copacabana. Os ingressos j\u00e1 est\u00e3o dispon\u00edveis para venda na bilheteria do teatro e pelo site https:\/\/bileto.sympla.com.br\/event\/74112 e custam a partir de R$40. Mais informa\u00e7\u00f5es no servi\u00e7o. A realiza\u00e7\u00e3o \u00e9 da B\u00e1rbaro!, Atual Produ\u00e7\u00f5es e Aveia C\u00f4mica.<\/p>\n\n\n\n<p>Sobre o autor<br>Florian Zeller escreveu seu primeiro romance, Neve Artificial, quando tinha vinte e dois anos de idade. Mas foi sua terceira obra, A Fascina\u00e7\u00e3o pelo Pior (o vencedor do Prix Interalli\u00e9 de 2004), que fez dele um nome conhecido na Fran\u00e7a. O livro, que explora a rela\u00e7\u00e3o do Ocidente com o Isl\u00e3, causou alguma controv\u00e9rsia. Foi selecionado para o Prix Goncourt.<\/p>\n\n\n\n<p>Sua com\u00e9dia, O Pai, \u00e9 um dos sucessos mais not\u00e1veis dos \u00faltimos anos, estreando no West End londrino com cr\u00edticas de cinco estrelas e excelentes listagens nas Melhores Pe\u00e7as do Ano. Foi considerada como &#8220;A nova Pe\u00e7a mais aclamada da \u00faltima d\u00e9cada&#8221;. Foi adaptada para o cinema com atua\u00e7\u00e3o de Anthony Hopkins e teve indica\u00e7\u00e3o a seis Oscars, ganhando dois deles, Melhor ator e Oscar de melhor argumento\/ roteiro adaptado.<\/p>\n\n\n\n<p>Suas pe\u00e7as j\u00e1 foram encenadas em mais de 35 pa\u00edses.<\/p>\n\n\n\n<p>Sobre as Produtoras<br>A Atual Produ\u00e7\u00f5es e B\u00e1rbaro! S\u00e3o respons\u00e1veis por grandes produ\u00e7\u00f5es de sucessos no cen\u00e1rio do Teatro Brasileiro. Foram respons\u00e1veis por produzir grandes espet\u00e1culos musicais entre eles Alegria, Alegria com a cantora Z\u00e9lia Duncan e dire\u00e7\u00e3o de Moacyr G\u00f3es, Hebe &#8211; O Musical com dire\u00e7\u00e3o de Miguel Falabella; Zorro \u2013 Nasce uma Lenda com Leticia Spiller, Marcos Mion e Bruno Fagundes, dire\u00e7\u00e3o de Ulysses Cruz; Donna Summer Musical com Karin Hils e Jeniffer Nascimento, dire\u00e7\u00e3o de Miguel Falabella e no segundo semestre trar\u00e1 uma exposi\u00e7\u00e3o cient\u00edfica in\u00e9dita para o Brasil chamada Dinossauros do Fim do Mundo, com a r\u00e9plica do maior Dinossauro descoberto no mundo, o Titanossauro, que est\u00e1 exposto no Museu de Hist\u00f3ria Natural de Nova York.<\/p>\n\n\n\n<div class=\"wp-block-image\"><figure class=\"aligncenter size-large is-resized\"><img src=\"https:\/\/vimagazine.com.br\/wp-content\/uploads\/2022\/07\/CGF8395-1024x1024.jpg\" alt=\"\" class=\"wp-image-4952\" width=\"665\" height=\"665\" srcset=\"https:\/\/vimagazine.com.br\/wp-content\/uploads\/2022\/07\/CGF8395-1024x1024.jpg 1024w, https:\/\/vimagazine.com.br\/wp-content\/uploads\/2022\/07\/CGF8395-300x300.jpg 300w, https:\/\/vimagazine.com.br\/wp-content\/uploads\/2022\/07\/CGF8395-150x150.jpg 150w, https:\/\/vimagazine.com.br\/wp-content\/uploads\/2022\/07\/CGF8395-768x768.jpg 768w, https:\/\/vimagazine.com.br\/wp-content\/uploads\/2022\/07\/CGF8395-1536x1536.jpg 1536w, https:\/\/vimagazine.com.br\/wp-content\/uploads\/2022\/07\/CGF8395.jpg 1920w\" sizes=\"(max-width: 665px) 100vw, 665px\" \/><figcaption>A Mentira &#8211; Foto: Caio Gallucci<\/figcaption><\/figure><\/div>\n\n\n\n<p>Ficha T\u00e9cnica<br>Texto: Florian Zeller<br>Vers\u00e3o e Dire\u00e7\u00e3o: Miguel Falabella<br>Elenco: Miguel Falabella, Danielle Winits, Alessandra Verney e Frederico Reuter<br>Cen\u00e1rio: Zezinho Santos e Tur\u00edbio Santos<br>Ilumina\u00e7\u00e3o: Guillermo Herrero<br>Designer de som e trilha: Leandro Lapagese<br>Figurino: Ligia Rocha e Marco Pache<br>Visagismo: Andreson Bueno<br>Fotos: Caio Galucci<br>Gerente de Produ\u00e7\u00e3o: Fabio Campos<br>Produtores: Antonio Ranieri e Robert Litig<br>Iluminador: Jukyara Felipe<br>T\u00e9cnico de Som: Carlos Ferreyra<br>Chefe de Palco: Sidney Felippe<br>T\u00e9cnico de palco \/ Maquinista: Marlon Bandarz<br>Camareira: Nieta Costa<br>Financeiro: Natalia Oliveira<br>Elabora\u00e7\u00e3o e presta\u00e7\u00e3o de lei de incentivo: Patricia Figueiredo<br>Coordenadora de Marketing: Dani Bon<br>Atendimento: Talita Trevisani<br>Produ\u00e7\u00e3o Geral: Julio C\u00e9sar e B\u00e1rbara Guerra<br>Realiza\u00e7\u00e3o e Produ\u00e7\u00e3o: ATUAL PRODU\u00c7\u00d5ES, B\u00c1RBARO! PRODU\u00c7\u00d5ES e AVEIA C\u00d4MICA<\/p>\n\n\n\n<p>SERVI\u00c7O<br>A MENTIRA<br>Temporada: de 1\u00ba de julho a 21 de agosto de 2022<\/p>\n\n\n\n<p>Local: Teatro Claro Rio<br>Shopping Cidade Copacabana<br>Endere\u00e7o: Rua Siqueira Campos, 143 &#8211; 2\u00ba Piso &#8211; Copacabana, Rio de Janeiro &#8211; RJ, 22031-071<br>Capacidade: 659 pessoas<br>https:\/\/teatroclarorio.com.br\/<\/p>\n\n\n\n<p>Classifica\u00e7\u00e3o: 10 anos<br>Dura\u00e7\u00e3o: 80 minutos<\/p>\n\n\n\n<p>Acessibilidade<br>Ar-condicionado<\/p>\n\n\n\n<p>Sess\u00f5es<br>Sextas e S\u00e1bados \u00e0s 21h<br>Domingos \u00e0s 18h<\/p>\n\n\n\n<p>Ingressos<br>Plateia R$100 (meia-entrada) \/ R$200 (inteira)<br>Frisas R$100 (meia-entrada) \/ R$200 (inteira)<br>Balc\u00e3o R$80 (meia-entrada) \/ R$160 (inteira)<br>Balc\u00e3o Vis\u00e3o Parcial R$40 (meia-entrada) \/ R$80 (inteira)<br>Obs.: Confira legisla\u00e7\u00e3o vigente para meia-entrada<\/p>\n\n\n\n<p>CANAIS DE VENDAS OFICIAIS:<br><br>https:\/\/bileto.sympla.com.br\/event\/74112 \u2013 com taxa de servi\u00e7o<br><br>Bilheteria f\u00edsica \u2013 sem taxa de servi\u00e7o<br>Teatro Claro (Shopping Cidade Copacabana) &#8211; de segunda-feira a domingo, das 10h \u00e0s 22h, exceto feriados.<br>Mais informa\u00e7\u00f5es em https:\/\/teatroclarorio.com.br\/bilheteria\/<\/p>\n\n\n\n<p>Descontos:<br>50% de desconto destinados a:<br>Cliente Claro Clube: limitado a 4 ingressos por sess\u00e3o. necess\u00e1rio informar o n\u00famero do CPF do titular no ato da compra e apresenta\u00e7\u00e3o da fatura na entrada do evento. v\u00e1lido nas compras realizadas na bilheteria do teatro e site da Sympla.<br>Meia-entrada: confira as regras da lei de meia entrada em www.bileto.sympla.com.br\/meia-entrada<\/p>\n\n\n\n<p>Obs.: \u00c9 necess\u00e1rio apresentar documento que comprove o direito ao desconto na entrada do espet\u00e1culo. O benef\u00edcio prev\u00ea a reserva para idosos, estudantes, jovens de baixa renda e pessoas com defici\u00eancia de pelo menos 40% dos ingressos de meia-entrada por espet\u00e1culo. Consulte tamb\u00e9m: www.documentodoestudante.com.br<br><br>Informa\u00e7\u00f5es importantes:<br>N\u00e3o \u00e9 permitida a entrada no teatro ap\u00f3s o in\u00edcio do espet\u00e1culo. Em caso de atraso, n\u00e3o haver\u00e1 devolu\u00e7\u00e3o do valor dos ingressos e nem a troca para outro dia ou sess\u00e3o. Caso haja libera\u00e7\u00e3o no teatro, o assento automaticamente se tornara livre.<br>Assento para obesos: informamos que este assento \u00e9 duplo e se destina ao conforto do cliente obeso.<br>Comprovante de vacina\u00e7\u00e3o ser\u00e1 exigido na entrada do teatro caso o cliente n\u00e3o possua comprovante de teste para covid-19 realizado com no m\u00e1ximo 48 h de anteced\u00eancia.<br>Seguimos todos os protocolos sanit\u00e1rios recomendados pelas autoridades competentes de sa\u00fade.<\/p>\n","protected":false},"excerpt":{"rendered":"<p>O espet\u00e1culo estreou no dia  1 de julho, tem dire\u00e7\u00e3o de Miguel Falabella, que tamb\u00e9m est\u00e1 no elenco ao lado de Danielle Winits, Alessandra Verney e Frederico Reuter<\/p>\n","protected":false},"author":18,"featured_media":4954,"comment_status":"closed","ping_status":"open","sticky":false,"template":"","format":"standard","meta":{"om_disable_all_campaigns":false,"_monsterinsights_skip_tracking":false,"_monsterinsights_sitenote_active":false,"_monsterinsights_sitenote_note":"","_monsterinsights_sitenote_category":0,"spay_email":""},"categories":[1],"tags":[351,102,288,349,350,267],"jetpack_featured_media_url":"https:\/\/vimagazine.com.br\/wp-content\/uploads\/2022\/07\/CGF8282.jpg","_links":{"self":[{"href":"https:\/\/vimagazine.com.br\/index.php?rest_route=\/wp\/v2\/posts\/4950"}],"collection":[{"href":"https:\/\/vimagazine.com.br\/index.php?rest_route=\/wp\/v2\/posts"}],"about":[{"href":"https:\/\/vimagazine.com.br\/index.php?rest_route=\/wp\/v2\/types\/post"}],"author":[{"embeddable":true,"href":"https:\/\/vimagazine.com.br\/index.php?rest_route=\/wp\/v2\/users\/18"}],"replies":[{"embeddable":true,"href":"https:\/\/vimagazine.com.br\/index.php?rest_route=%2Fwp%2Fv2%2Fcomments&post=4950"}],"version-history":[{"count":1,"href":"https:\/\/vimagazine.com.br\/index.php?rest_route=\/wp\/v2\/posts\/4950\/revisions"}],"predecessor-version":[{"id":4955,"href":"https:\/\/vimagazine.com.br\/index.php?rest_route=\/wp\/v2\/posts\/4950\/revisions\/4955"}],"wp:featuredmedia":[{"embeddable":true,"href":"https:\/\/vimagazine.com.br\/index.php?rest_route=\/wp\/v2\/media\/4954"}],"wp:attachment":[{"href":"https:\/\/vimagazine.com.br\/index.php?rest_route=%2Fwp%2Fv2%2Fmedia&parent=4950"}],"wp:term":[{"taxonomy":"category","embeddable":true,"href":"https:\/\/vimagazine.com.br\/index.php?rest_route=%2Fwp%2Fv2%2Fcategories&post=4950"},{"taxonomy":"post_tag","embeddable":true,"href":"https:\/\/vimagazine.com.br\/index.php?rest_route=%2Fwp%2Fv2%2Ftags&post=4950"}],"curies":[{"name":"wp","href":"https:\/\/api.w.org\/{rel}","templated":true}]}}