{"id":4956,"date":"2022-07-14T10:37:16","date_gmt":"2022-07-14T13:37:16","guid":{"rendered":"https:\/\/vimagazine.com.br\/?p=4956"},"modified":"2022-07-14T10:37:20","modified_gmt":"2022-07-14T13:37:20","slug":"rebeca-britto-esta-entre-os-concorrentes-da-nova-edicao-do-canta-comigo-teen","status":"publish","type":"post","link":"https:\/\/vimagazine.com.br\/?p=4956","title":{"rendered":"Rebeca Britto est\u00e1 entre os concorrentes da nova edi\u00e7\u00e3o do &#8220;Canta Comigo Teen&#8221;"},"content":{"rendered":"\n<p><\/p>\n\n\n\n<p class=\"has-medium-font-size\"><em><strong>A cantora e atriz Rebeca Britto est\u00e1 entre as concorrentes da nova edi\u00e7\u00e3o do programa\u00a0Canta\u00a0Comigo\u00a0Teen que est\u00e1 no ar na Record TV<\/strong><\/em><\/p>\n\n\n\n<p><\/p>\n\n\n\n<p style=\"font-size:18px\">O&nbsp;Canta&nbsp;Comigo&nbsp;Teen est\u00e1 de volta em sua terceira edi\u00e7\u00e3o na Record TV, novamente sob o comando de Rodrigo Faro e Ticiane Pinheiro. Sucesso em suas duas temporadas, a competi\u00e7\u00e3o musical, que \u00e9 a edi\u00e7\u00e3o juvenil do formato&nbsp;Canta&nbsp;Comigo, \u00e9 exibida logo ap\u00f3s o programa Hora do Faro.<\/p>\n\n\n\n<p style=\"font-size:18px\">O&nbsp;Canta&nbsp;Comigo&nbsp;Teen foi a primeira vers\u00e3o infantojuvenil de All Together Now, formato original da Endemol Shine Group, cuja vers\u00e3o nacional,&nbsp;Canta&nbsp;Comigo, j\u00e1 ganhou tr\u00eas temporadas na Record TV.<\/p>\n\n\n\n<p style=\"font-size:18px\">Conforme j\u00e1 destacado na m\u00eddia, rolou um n\u00edvel muito alto nas grava\u00e7\u00f5es do &#8220;Canta Comigo Teen&#8221; neste ano. Uma disputa muita intensa em todos os epis\u00f3dios.<\/p>\n\n\n\n<p style=\"font-size:18px\">Rebeca Britto \u00e9 atriz e cantora, desde muito cedo se dedica ao estudo de teatro Musical, integrou o elenco de Bullying, O Musical (Pr\u00eamio Jovem Brasileiro e Pr\u00eamio Arcanjo Cultural); M\u00e3os Dadas &#8211; O Musical, ao lado de Gra\u00e7a Cunha, Thais Piza e grandes nomes do Teatro Musical brasileiro e atualmente integra o elenco de Consertando a Broadway, destaque na coluna internacional Broadway World Awards. Rebeca se prepara para essa nova etapa e afirma estar muito animada e confiante para fazer os jurados cantarem com ela.<\/p>\n\n\n\n<p style=\"font-size:18px\"> Acompanhe a artista atrav\u00e9s do seu perfil no Instagram @rebecabrittod<\/p>\n","protected":false},"excerpt":{"rendered":"<p>A cantora e atriz Rebeca Britto est\u00e1 entre as concorrentes da nova edi\u00e7\u00e3o do programa\u00a0Canta\u00a0Comigo\u00a0Teen&#8230;<\/p>\n","protected":false},"author":1,"featured_media":4957,"comment_status":"closed","ping_status":"open","sticky":false,"template":"","format":"standard","meta":{"om_disable_all_campaigns":false,"_monsterinsights_skip_tracking":false,"_monsterinsights_sitenote_active":false,"_monsterinsights_sitenote_note":"","_monsterinsights_sitenote_category":0,"spay_email":""},"categories":[27],"tags":[],"jetpack_featured_media_url":"https:\/\/vimagazine.com.br\/wp-content\/uploads\/2022\/07\/289013398_2917687551861725_2053206680319959657_n.jpg","_links":{"self":[{"href":"https:\/\/vimagazine.com.br\/index.php?rest_route=\/wp\/v2\/posts\/4956"}],"collection":[{"href":"https:\/\/vimagazine.com.br\/index.php?rest_route=\/wp\/v2\/posts"}],"about":[{"href":"https:\/\/vimagazine.com.br\/index.php?rest_route=\/wp\/v2\/types\/post"}],"author":[{"embeddable":true,"href":"https:\/\/vimagazine.com.br\/index.php?rest_route=\/wp\/v2\/users\/1"}],"replies":[{"embeddable":true,"href":"https:\/\/vimagazine.com.br\/index.php?rest_route=%2Fwp%2Fv2%2Fcomments&post=4956"}],"version-history":[{"count":1,"href":"https:\/\/vimagazine.com.br\/index.php?rest_route=\/wp\/v2\/posts\/4956\/revisions"}],"predecessor-version":[{"id":4958,"href":"https:\/\/vimagazine.com.br\/index.php?rest_route=\/wp\/v2\/posts\/4956\/revisions\/4958"}],"wp:featuredmedia":[{"embeddable":true,"href":"https:\/\/vimagazine.com.br\/index.php?rest_route=\/wp\/v2\/media\/4957"}],"wp:attachment":[{"href":"https:\/\/vimagazine.com.br\/index.php?rest_route=%2Fwp%2Fv2%2Fmedia&parent=4956"}],"wp:term":[{"taxonomy":"category","embeddable":true,"href":"https:\/\/vimagazine.com.br\/index.php?rest_route=%2Fwp%2Fv2%2Fcategories&post=4956"},{"taxonomy":"post_tag","embeddable":true,"href":"https:\/\/vimagazine.com.br\/index.php?rest_route=%2Fwp%2Fv2%2Ftags&post=4956"}],"curies":[{"name":"wp","href":"https:\/\/api.w.org\/{rel}","templated":true}]}}