{"id":4959,"date":"2022-07-14T10:56:00","date_gmt":"2022-07-14T13:56:00","guid":{"rendered":"https:\/\/vimagazine.com.br\/?p=4959"},"modified":"2022-07-14T11:32:02","modified_gmt":"2022-07-14T14:32:02","slug":"banda-rastape-se-apresenta-no-ctn-sao-paulo-e-convida-edu-ribeiro","status":"publish","type":"post","link":"https:\/\/vimagazine.com.br\/?p=4959","title":{"rendered":"Banda Rastap\u00e9 se apresenta no CTN- S\u00e3o Paulo e convida Edu Ribeiro"},"content":{"rendered":"\n<p><em>A programa\u00e7\u00e3o do evento conta com shows de Z\u00e9 Ramalho, Rastap\u00e9 e Duo Benzi\u00ea<\/em><\/p>\n\n\n\n<p>No pr\u00f3ximo dia 15 de julho acontece mais um evento com grandes nomes da m\u00fasica popular brasileira no&nbsp;<strong>CTN&nbsp;<\/strong>\u2013&nbsp;<strong>S\u00e3o Paulo<\/strong>. A casa conhecida pela&nbsp;valoriza\u00e7\u00e3o da cultura nordestina, restaurantes e grandes shows,&nbsp;recebe em seu palco nesta noite, a&nbsp;<strong>banda Rastap\u00e9 , &nbsp;o cantor Z\u00e9 Ramalho e Duo Benzi\u00ea,<\/strong>&nbsp;em tr\u00eas shows distintos a partir das 22h.<\/p>\n\n\n\n<p>No repert\u00f3rio do cantor Z\u00e9 Ramalho, o p\u00fablico poder\u00e1 conferir grandes sucessos, como: \u201c Av\u00f4hai\u201d, \u201cSin\u00f4nimos\u201d e \u201cCh\u00e3o de Giz\u201d. No show da banda Rastap\u00e9, a nova faixa de trabalho \u201cMinha Felicidade\u201d em ritmo de xote, o hit \u201cColo de Menina\u201d , \u201cUm Anjo do C\u00e9u\u201d, \u201cBicho do Mato\u201d, entre outras.<\/p>\n\n\n\n<p>Vale ressaltar que a banda&nbsp; Rastap\u00e9,&nbsp; tem&nbsp; se destacado nas apresenta\u00e7\u00f5es&nbsp; por todo o Brasil, seja pelo leque de sucessos escolhidos para o repert\u00f3rio ou pela identifica\u00e7\u00e3o com o p\u00fablico. Neste show o Rastap\u00e9&nbsp; convida Edu Ribeiro para uma participa\u00e7\u00e3o especial.<\/p>\n\n\n\n<p>Por fim e para fechar o evento com &#8220;chave de ouro&#8221; sobe ao palco o Duo Benzi\u00ea,&nbsp; com uma energia incr\u00edvel num repert\u00f3rio de m\u00fasicas que transmitem mensagens positivas, entre elas podemos citar: \u201cTenha do seu Lado\u201d, \u201cCasa Amarela\u201d&nbsp; e \u201cCores.<\/p>\n\n\n\n<p>Vale conferir!<\/p>\n\n\n\n<p>Para saber mais, acesse:<\/p>\n\n\n\n<p>Site:&nbsp;<a href=\"http:\/\/www.rastape.com.br\/\" target=\"_blank\" rel=\"noreferrer noopener\">www.rastape.com.br<\/a><\/p>\n\n\n\n<p>Facebook:&nbsp;<a href=\"https:\/\/www.facebook.com\/bandarastape\" target=\"_blank\" rel=\"noreferrer noopener\">https:\/\/www.facebook.com\/bandarastape<\/a><\/p>\n\n\n\n<p>Youtube:&nbsp;<a href=\"https:\/\/www.youtube.com\/watch?v=sQyatUm65F8\" target=\"_blank\" rel=\"noreferrer noopener\">https:\/\/www.youtube.com\/watch?v=sQyatUm65F8<\/a><\/p>\n\n\n\n<p>Instagram:&nbsp;<a href=\"https:\/\/instagram.com\/rastape\" target=\"_blank\" rel=\"noreferrer noopener\">https:\/\/instagram.com\/rastape<\/a><\/p>\n\n\n\n<p><strong><u>Servi\u00e7o<\/u><\/strong><\/p>\n\n\n\n<p><strong>Z\u00e9 Ramalho, Rastap\u00e9 e Benzi\u00ea<\/strong><\/p>\n\n\n\n<p>Data: &nbsp; Sexta, 15 de Julho de 2022<\/p>\n\n\n\n<p>Abertura: 20:30<\/p>\n\n\n\n<p><strong>CTN &#8211; Centro de Tradi\u00e7\u00f5es Nordestinas<\/strong><br>Rua Jacofer, 615 &#8211; Bairro do Lim\u00e3o &#8211; S\u00e3o Paulo &#8211; SP<\/p>\n\n\n\n<p><strong>Classifica\u00e7\u00e3o:<\/strong>&nbsp;16 anos<\/p>\n\n\n\n<p><strong>Ingressos&nbsp; &#8211; Ticket 360<\/strong><\/p>\n\n\n\n<p><strong>Estacionamento no local (sujeito a lota\u00e7\u00e3o)<\/strong><\/p>\n\n\n\n<figure class=\"wp-block-embed\"><div class=\"wp-block-embed__wrapper\">\nhttps:\/\/www.ticket360.com.br\/evento\/24975\/ingressos-para-ze-ramalho-rastape-e-benzie\n<\/div><\/figure>\n\n\n\n<p>&nbsp; &nbsp;&nbsp;Assessoria de Imprensa\/ Divulga\u00e7\u00e3o TV<br><strong>&nbsp;&nbsp;Fernanda Lara Rocca&nbsp;<\/strong>Instagram:@fernanda.l.rocca<a href=\"http:\/\/twitter.com\/FernandaLara01\" target=\"_blank\" rel=\"noreferrer noopener\">twitter:@FernandaLara01<\/a><a href=\"https:\/\/www.facebook.com\/fernanda.l.rocca\" target=\"_blank\" rel=\"noreferrer noopener\">https:\/\/www.facebook.com\/fernanda.l.rocca<\/a><\/p>\n\n\n\n\n\n<figure class=\"wp-block-image size-large\"><img width=\"576\" height=\"1024\" src=\"https:\/\/vimagazine.com.br\/wp-content\/uploads\/2022\/07\/IMG-20220706-WA0076-576x1024.jpg\" alt=\"\" class=\"wp-image-4961\" srcset=\"https:\/\/vimagazine.com.br\/wp-content\/uploads\/2022\/07\/IMG-20220706-WA0076-576x1024.jpg 576w, https:\/\/vimagazine.com.br\/wp-content\/uploads\/2022\/07\/IMG-20220706-WA0076-169x300.jpg 169w, https:\/\/vimagazine.com.br\/wp-content\/uploads\/2022\/07\/IMG-20220706-WA0076.jpg 720w\" sizes=\"(max-width: 576px) 100vw, 576px\" \/><\/figure>\n","protected":false},"excerpt":{"rendered":"<p>A programa\u00e7\u00e3o do evento conta com shows de Z\u00e9 Ramalho, Rastap\u00e9 e Duo Benzi\u00ea No&#8230;<\/p>\n","protected":false},"author":3,"featured_media":4966,"comment_status":"closed","ping_status":"open","sticky":false,"template":"","format":"standard","meta":{"om_disable_all_campaigns":false,"_monsterinsights_skip_tracking":false,"_monsterinsights_sitenote_active":false,"_monsterinsights_sitenote_note":"","_monsterinsights_sitenote_category":0,"spay_email":""},"categories":[1],"tags":[],"jetpack_featured_media_url":"https:\/\/vimagazine.com.br\/wp-content\/uploads\/2022\/07\/01rastape01-e1657806822440-1.jpg","_links":{"self":[{"href":"https:\/\/vimagazine.com.br\/index.php?rest_route=\/wp\/v2\/posts\/4959"}],"collection":[{"href":"https:\/\/vimagazine.com.br\/index.php?rest_route=\/wp\/v2\/posts"}],"about":[{"href":"https:\/\/vimagazine.com.br\/index.php?rest_route=\/wp\/v2\/types\/post"}],"author":[{"embeddable":true,"href":"https:\/\/vimagazine.com.br\/index.php?rest_route=\/wp\/v2\/users\/3"}],"replies":[{"embeddable":true,"href":"https:\/\/vimagazine.com.br\/index.php?rest_route=%2Fwp%2Fv2%2Fcomments&post=4959"}],"version-history":[{"count":2,"href":"https:\/\/vimagazine.com.br\/index.php?rest_route=\/wp\/v2\/posts\/4959\/revisions"}],"predecessor-version":[{"id":4964,"href":"https:\/\/vimagazine.com.br\/index.php?rest_route=\/wp\/v2\/posts\/4959\/revisions\/4964"}],"wp:featuredmedia":[{"embeddable":true,"href":"https:\/\/vimagazine.com.br\/index.php?rest_route=\/wp\/v2\/media\/4966"}],"wp:attachment":[{"href":"https:\/\/vimagazine.com.br\/index.php?rest_route=%2Fwp%2Fv2%2Fmedia&parent=4959"}],"wp:term":[{"taxonomy":"category","embeddable":true,"href":"https:\/\/vimagazine.com.br\/index.php?rest_route=%2Fwp%2Fv2%2Fcategories&post=4959"},{"taxonomy":"post_tag","embeddable":true,"href":"https:\/\/vimagazine.com.br\/index.php?rest_route=%2Fwp%2Fv2%2Ftags&post=4959"}],"curies":[{"name":"wp","href":"https:\/\/api.w.org\/{rel}","templated":true}]}}