{"id":4989,"date":"2022-07-15T18:35:35","date_gmt":"2022-07-15T21:35:35","guid":{"rendered":"https:\/\/vimagazine.com.br\/?p=4989"},"modified":"2022-07-15T18:35:40","modified_gmt":"2022-07-15T21:35:40","slug":"gardenia-cavalcanti-recebe-danielle-winits-frederico-reuter-e-dede-santana-no-vem-com-a-gente","status":"publish","type":"post","link":"https:\/\/vimagazine.com.br\/?p=4989","title":{"rendered":"Gard\u00eania Cavalcanti recebe Danielle Winits, Frederico Reuter e Ded\u00e9 Santana no &#8220;Vem Com A Gente&#8221;"},"content":{"rendered":"\n<p>O programa vespertino di\u00e1rio da apresentadora Gard\u00eania Cavalcanti tem se tornado palco frequente de grandes artistas.<\/p>\n\n\n\n<p>Esta semana marcaram presen\u00e7a no &#8220;Vem Com A Gente&#8221;, o ic\u00f4nico Ded\u00e9 Santana e os atores Danielle Winits e Frederico Reuter que est\u00e3o em cartaz com a pe\u00e7a &#8216;A Mentira&#8217; no Teatro Claro Net, no Rio de Janeiro.<\/p>\n\n\n\n<div class=\"wp-block-image\"><figure class=\"aligncenter size-large is-resized\"><img src=\"https:\/\/vimagazine.com.br\/wp-content\/uploads\/2022\/07\/Gardenia-Cavalcanti-recebe-Danielle-Winits-Frederico-Reuter-e-Dede-Santana-no-Vem-Com-A-Gente.jpg\" alt=\"\" class=\"wp-image-4991\" width=\"377\" height=\"503\" srcset=\"https:\/\/vimagazine.com.br\/wp-content\/uploads\/2022\/07\/Gardenia-Cavalcanti-recebe-Danielle-Winits-Frederico-Reuter-e-Dede-Santana-no-Vem-Com-A-Gente.jpg 600w, https:\/\/vimagazine.com.br\/wp-content\/uploads\/2022\/07\/Gardenia-Cavalcanti-recebe-Danielle-Winits-Frederico-Reuter-e-Dede-Santana-no-Vem-Com-A-Gente-225x300.jpg 225w\" sizes=\"(max-width: 377px) 100vw, 377px\" \/><figcaption>&#8220;Vem Com A Gente&#8221; &#8211; Foto: Divulga\u00e7\u00e3o<\/figcaption><\/figure><\/div>\n\n\n\n<div class=\"wp-block-image\"><figure class=\"aligncenter size-full is-resized\"><img src=\"https:\/\/vimagazine.com.br\/wp-content\/uploads\/2022\/07\/Gardenia-Cavalcanti-recebe-Danielle-Winits-Frederico-Reuter-e-Dede-Santana-no-Vem-Com-A-Gente-2.jpg\" alt=\"\" class=\"wp-image-4990\" width=\"575\" height=\"394\" srcset=\"https:\/\/vimagazine.com.br\/wp-content\/uploads\/2022\/07\/Gardenia-Cavalcanti-recebe-Danielle-Winits-Frederico-Reuter-e-Dede-Santana-no-Vem-Com-A-Gente-2.jpg 800w, https:\/\/vimagazine.com.br\/wp-content\/uploads\/2022\/07\/Gardenia-Cavalcanti-recebe-Danielle-Winits-Frederico-Reuter-e-Dede-Santana-no-Vem-Com-A-Gente-2-300x206.jpg 300w, https:\/\/vimagazine.com.br\/wp-content\/uploads\/2022\/07\/Gardenia-Cavalcanti-recebe-Danielle-Winits-Frederico-Reuter-e-Dede-Santana-no-Vem-Com-A-Gente-2-768x526.jpg 768w\" sizes=\"(max-width: 575px) 100vw, 575px\" \/><figcaption>&#8220;Vem Com A Gente&#8221; &#8211; Foto: Divulga\u00e7\u00e3o<\/figcaption><\/figure><\/div>\n\n\n\n<p>\u201c\u00c9 uma honra e uma alegria proporcionar este espa\u00e7o para que os artistas venham divulgar seus projetos aqui no programa! A cultura \u00e9 algo que precisa muito ser difundida neste grande momento de retomada das artes, dos shows, musicais! Ser\u00e3o sempre bem vindos aqui.\u201d, disse Gard\u00eania.<\/p>\n\n\n\n<p>O programa das tardes da Band Rio \u00e9 exibido ao vivo, de segunda a sexta-feira, das 13h30 \u00e0s 14h30. O programa ao vivo \u00e9 exibido para todo o estado do Rio de Janeiro atrav\u00e9s da Band Rio e para todo o Brasil e mundo atrav\u00e9s do canal do \u201cVem com a Gente\u201d no YouTube da Band Rio: Vem com a Gente \u2013 YouTube.<\/p>\n","protected":false},"excerpt":{"rendered":"<p>O programa das tardes da Band Rio \u00e9 exibido ao vivo, de segunda a sexta-feira, das 13h30 \u00e0s 14h30<\/p>\n","protected":false},"author":18,"featured_media":4992,"comment_status":"closed","ping_status":"open","sticky":false,"template":"","format":"standard","meta":{"om_disable_all_campaigns":false,"_monsterinsights_skip_tracking":false,"_monsterinsights_sitenote_active":false,"_monsterinsights_sitenote_note":"","_monsterinsights_sitenote_category":0,"spay_email":""},"categories":[1],"tags":[102,288,349,211,354,353,352,159],"jetpack_featured_media_url":"https:\/\/vimagazine.com.br\/wp-content\/uploads\/2022\/07\/Gardenia-Cavalcanti-recebe-Danielle-Winits-Frederico-Reuter-e-Dede-Santana-no-Vem-Com-A-Gente-1.jpg","_links":{"self":[{"href":"https:\/\/vimagazine.com.br\/index.php?rest_route=\/wp\/v2\/posts\/4989"}],"collection":[{"href":"https:\/\/vimagazine.com.br\/index.php?rest_route=\/wp\/v2\/posts"}],"about":[{"href":"https:\/\/vimagazine.com.br\/index.php?rest_route=\/wp\/v2\/types\/post"}],"author":[{"embeddable":true,"href":"https:\/\/vimagazine.com.br\/index.php?rest_route=\/wp\/v2\/users\/18"}],"replies":[{"embeddable":true,"href":"https:\/\/vimagazine.com.br\/index.php?rest_route=%2Fwp%2Fv2%2Fcomments&post=4989"}],"version-history":[{"count":1,"href":"https:\/\/vimagazine.com.br\/index.php?rest_route=\/wp\/v2\/posts\/4989\/revisions"}],"predecessor-version":[{"id":4993,"href":"https:\/\/vimagazine.com.br\/index.php?rest_route=\/wp\/v2\/posts\/4989\/revisions\/4993"}],"wp:featuredmedia":[{"embeddable":true,"href":"https:\/\/vimagazine.com.br\/index.php?rest_route=\/wp\/v2\/media\/4992"}],"wp:attachment":[{"href":"https:\/\/vimagazine.com.br\/index.php?rest_route=%2Fwp%2Fv2%2Fmedia&parent=4989"}],"wp:term":[{"taxonomy":"category","embeddable":true,"href":"https:\/\/vimagazine.com.br\/index.php?rest_route=%2Fwp%2Fv2%2Fcategories&post=4989"},{"taxonomy":"post_tag","embeddable":true,"href":"https:\/\/vimagazine.com.br\/index.php?rest_route=%2Fwp%2Fv2%2Ftags&post=4989"}],"curies":[{"name":"wp","href":"https:\/\/api.w.org\/{rel}","templated":true}]}}