{"id":4994,"date":"2022-07-16T07:01:33","date_gmt":"2022-07-16T10:01:33","guid":{"rendered":"https:\/\/vimagazine.com.br\/?p=4994"},"modified":"2022-07-16T07:03:41","modified_gmt":"2022-07-16T10:03:41","slug":"empresaria-fala-sobre-o-lancamento-de-seu-livro","status":"publish","type":"post","link":"https:\/\/vimagazine.com.br\/?p=4994","title":{"rendered":"Empres\u00e1ria fala sobre o lan\u00e7amento de seu livro"},"content":{"rendered":"\n<p><\/p>\n\n\n\n<p><\/p>\n\n\n\n<p><strong>\u00a0\u00a0 Rita Lima<\/strong>\u00a0\u00e9 empres\u00e1ria, com forma\u00e7\u00e3o em empreendedorismo pelo Empretec do\u00a0<strong>Sebrae<\/strong>, possu\u00ed curso de Starter practitioner em Programa\u00e7\u00e3o neurolingu\u00edstica &#8211;\u00a0<strong>PNL<\/strong>\u00a0&#8211; Neuro Training Institute e tem um projeto no qual atua como mentora ajudando as pessoas a mudarem de vida.<\/p>\n\n\n\n<p><\/p>\n\n\n\n<p><\/p>\n\n\n\n<p><strong><em>Voc\u00ea ir\u00e1 lan\u00e7ar um livro?<\/em><\/strong><\/p>\n\n\n\n<p><\/p>\n\n\n\n<p><strong>R:&nbsp; <\/strong>Sim! J\u00e1 estou terminando de dar os \u00faltimos ajustes e a previs\u00e3o de lan\u00e7amento \u00e9 para agosto desse ano.<\/p>\n\n\n\n<p><\/p>\n\n\n\n<p><strong><em>&nbsp;Qual a previs\u00e3o para o lan\u00e7amento do livro?<\/em><\/strong><\/p>\n\n\n\n<p><\/p>\n\n\n\n<p>&nbsp;<strong>R: <\/strong>Os ajustes finais est\u00e3o em andamento e j\u00e1 na pr\u00f3xima semana teremos uma data exata para o lan\u00e7amento do livro, mas a previs\u00e3o \u00e9 para o m\u00eas de agosto.<\/p>\n\n\n\n<p><\/p>\n\n\n\n<p><strong><em>O que voc\u00ea pode adiantar para os leitores acerca do que estar\u00e1 no livro?<\/em><\/strong><\/p>\n\n\n\n<p><\/p>\n\n\n\n<p>&nbsp;<strong>R: <\/strong>No livro irei contar um pouco da minha trajet\u00f3ria, como forma de inspirar as pessoas. Hoje muitos me veem bem sucedida e acabam achando que sempre fui assim, o que n\u00e3o \u00e9 verdade.<\/p>\n\n\n\n<p><\/p>\n\n\n\n<p><strong><em>Como est\u00e3o indo as suas mentoria? Tem aumentado a demanda por pessoas que desejam ter o seu pr\u00f3prio neg\u00f3cio?<\/em><\/strong><\/p>\n\n\n\n<p><\/p>\n\n\n\n<p><strong>R:<\/strong> Est\u00e3o indo muito bem. Na realidade as pessoas n\u00e3o me procuram somente quando desejam ter o pr\u00f3prio neg\u00f3cio. Eu as ajudo em diversas \u00e1reas, principalmente no desenvolvimento pessoal, no crescimento e incentivo para continuarem fortes em suas respectivas jornadas.<\/p>\n\n\n\n<p><\/p>\n\n\n\n<p><strong><em>&nbsp;Quais s\u00e3o os principais aspectos abordados em sua mentoria?<\/em><\/strong><\/p>\n\n\n\n<p><strong>R:<\/strong><\/p>\n\n\n\n<p><strong>&nbsp; <\/strong>&#8211; Neg\u00f3cios<\/p>\n\n\n\n<p>&#8211; Desenvolvimento pessoal<\/p>\n\n\n\n<p>&#8211; Empreendedorismo<\/p>\n\n\n\n<p>&#8211; Empoderamento<\/p>\n\n\n\n<p><strong><em>&nbsp;A pessoa tem alguma assist\u00eancia ap\u00f3s o per\u00edodo de mentoria?<\/em><\/strong><\/p>\n\n\n\n<p><\/p>\n\n\n\n<p>&nbsp; <strong>R: <\/strong>Eu n\u00e3o deixo de dar assist\u00eancia aos meus mentorados. Sempre que eles precisam, n\u00f3s conversamos, eu os ajudo e dou conselhos em situa\u00e7\u00f5es espec\u00edficas.<\/p>\n\n\n\n<p><\/p>\n\n\n\n<p><strong><em>&nbsp;Qual o diferencial que voc\u00ea oferece na sua mentoria em rela\u00e7\u00e3o as mentorias que h\u00e1 no mercado?<\/em><\/strong><\/p>\n\n\n\n<p><\/p>\n\n\n\n<p>&nbsp;<strong>R: &nbsp;<\/strong>Conex\u00e3o. O que muitos, atualmente, fazem normalmente \u00e9 dar a mentoria e n\u00e3o acompanhar o processo deles depois disso. A mentoria \u00e9 s\u00f3 um peda\u00e7o de uma vida toda que ser\u00e1 vivida, ent\u00e3o n\u00e3o tem como deixar de acompanh\u00e1-los, de orientar, porque querendo ou n\u00e3o, eles ter\u00e3o muitas dificuldades para solucionar alguns tipos de problemas.<\/p>\n\n\n\n<p><\/p>\n\n\n\n<p>Para saber mais sobre a entrevistada e acerca de seus trabalhos, visite as p\u00e1ginas. Clique <a href=\"https:\/\/www.instagram.com\/limaritah\/\">aqui<\/a> &nbsp;e acesse &nbsp;<a href=\"https:\/\/www.instagram.com\/igoorico\/\">aqui<\/a>.<\/p>\n\n\n\n<p><\/p>\n","protected":false},"excerpt":{"rendered":"<p>\u00a0\u00a0 Rita Lima\u00a0\u00e9 empres\u00e1ria, com forma\u00e7\u00e3o em empreendedorismo pelo Empretec do\u00a0Sebrae, possu\u00ed curso de Starter&#8230;<\/p>\n","protected":false},"author":2,"featured_media":4995,"comment_status":"closed","ping_status":"open","sticky":false,"template":"","format":"standard","meta":{"om_disable_all_campaigns":false,"_monsterinsights_skip_tracking":false,"_monsterinsights_sitenote_active":false,"_monsterinsights_sitenote_note":"","_monsterinsights_sitenote_category":0,"spay_email":""},"categories":[31],"tags":[143,96,355,324],"jetpack_featured_media_url":"https:\/\/vimagazine.com.br\/wp-content\/uploads\/2022\/07\/3db785b3-ed18-45bf-b1f3-6e193d617feb.jpg","_links":{"self":[{"href":"https:\/\/vimagazine.com.br\/index.php?rest_route=\/wp\/v2\/posts\/4994"}],"collection":[{"href":"https:\/\/vimagazine.com.br\/index.php?rest_route=\/wp\/v2\/posts"}],"about":[{"href":"https:\/\/vimagazine.com.br\/index.php?rest_route=\/wp\/v2\/types\/post"}],"author":[{"embeddable":true,"href":"https:\/\/vimagazine.com.br\/index.php?rest_route=\/wp\/v2\/users\/2"}],"replies":[{"embeddable":true,"href":"https:\/\/vimagazine.com.br\/index.php?rest_route=%2Fwp%2Fv2%2Fcomments&post=4994"}],"version-history":[{"count":2,"href":"https:\/\/vimagazine.com.br\/index.php?rest_route=\/wp\/v2\/posts\/4994\/revisions"}],"predecessor-version":[{"id":4997,"href":"https:\/\/vimagazine.com.br\/index.php?rest_route=\/wp\/v2\/posts\/4994\/revisions\/4997"}],"wp:featuredmedia":[{"embeddable":true,"href":"https:\/\/vimagazine.com.br\/index.php?rest_route=\/wp\/v2\/media\/4995"}],"wp:attachment":[{"href":"https:\/\/vimagazine.com.br\/index.php?rest_route=%2Fwp%2Fv2%2Fmedia&parent=4994"}],"wp:term":[{"taxonomy":"category","embeddable":true,"href":"https:\/\/vimagazine.com.br\/index.php?rest_route=%2Fwp%2Fv2%2Fcategories&post=4994"},{"taxonomy":"post_tag","embeddable":true,"href":"https:\/\/vimagazine.com.br\/index.php?rest_route=%2Fwp%2Fv2%2Ftags&post=4994"}],"curies":[{"name":"wp","href":"https:\/\/api.w.org\/{rel}","templated":true}]}}