{"id":5002,"date":"2022-07-17T13:11:37","date_gmt":"2022-07-17T16:11:37","guid":{"rendered":"https:\/\/vimagazine.com.br\/?p=5002"},"modified":"2022-07-17T13:11:41","modified_gmt":"2022-07-17T16:11:41","slug":"live-discute-novidades-do-musical-guarde-para-os-dias-de-chuva-que-estreara-em-agosto","status":"publish","type":"post","link":"https:\/\/vimagazine.com.br\/?p=5002","title":{"rendered":"Live discute novidades do Musical \u201cGuarde para os Dias de Chuva\u201d que estrear\u00e1 em agosto"},"content":{"rendered":"\n<p>Nesta ter\u00e7a-feira, dia 19 de julho a partir das 21h, o Grupo Tela Urbana realizar\u00e1 a segunda live sobre o espet\u00e1culo \u201cGuarde para os Dias de Chuva\u201d, com a participa\u00e7\u00e3o do dramaturgo e Diretor Julio Adamanto e do maestro e diretor musical, Ettore Ver\u00edssimo.\u00a0<\/p>\n\n\n\n<p>Nesta conversa, Julio e Ettore falar\u00e3o sobre o processo criativo do espet\u00e1culo \u2013 da inspira\u00e7\u00e3o \u00e0 concep\u00e7\u00e3o, ideias, personagens e a mudan\u00e7a mais significativa: depois de quatro temporadas de sucesso em formato espet\u00e1culo, o grande desafio de transformar a quinta temporada em um musical.\u00a0<\/p>\n\n\n\n<p>\u00c9 uma \u00f3tima oportunidade para os f\u00e3s de musicais, al\u00e9m dos profissionais de cultura e artistas, que ficar\u00e3o sabendo das novidades do espet\u00e1culo praticamente um m\u00eas antes da estreia \u2013 que acontecer\u00e1 no dia 20 de agosto no Teatro do Cubo.\u00a0A primeira live contou com a participa\u00e7\u00e3o de Sylvia Patr\u00edcia e Cecelo, criadores da m\u00fasica que inspirou o espet\u00e1culo.\u00a0\u00a0\u00a0<\/p>\n\n\n\n<p>Servi\u00e7o\u00a0Live: \u201cGuarde Para os Dias de Chuva \u2013 com Julio <\/p>\n\n\n\n<p>Adamanto e Ettore Ver\u00edssimo<\/p>\n\n\n\n<p>\u00a0<\/p>\n\n\n\n<p>Data: 19 de julho \u2013 ter\u00e7a-feira\u00a0Hor\u00e1rio: 21h\u00a0Local: Instagram Tela Urbana (@telaurbanasp)\u00a0Gratuito<\/p>\n\n\n\n<p>Fonte: Carlos Augusto Rodrigues <\/p>\n\n\n\n<p><\/p>\n","protected":false},"excerpt":{"rendered":"<p>Nesta ter\u00e7a-feira, dia 19 de julho a partir das 21h, o Grupo Tela Urbana realizar\u00e1&#8230;<\/p>\n","protected":false},"author":3,"featured_media":4999,"comment_status":"closed","ping_status":"open","sticky":false,"template":"","format":"standard","meta":{"om_disable_all_campaigns":false,"_monsterinsights_skip_tracking":false,"_monsterinsights_sitenote_active":false,"_monsterinsights_sitenote_note":"","_monsterinsights_sitenote_category":0,"spay_email":""},"categories":[1],"tags":[],"jetpack_featured_media_url":"https:\/\/vimagazine.com.br\/wp-content\/uploads\/2022\/07\/LIVE-FEED.jpg","_links":{"self":[{"href":"https:\/\/vimagazine.com.br\/index.php?rest_route=\/wp\/v2\/posts\/5002"}],"collection":[{"href":"https:\/\/vimagazine.com.br\/index.php?rest_route=\/wp\/v2\/posts"}],"about":[{"href":"https:\/\/vimagazine.com.br\/index.php?rest_route=\/wp\/v2\/types\/post"}],"author":[{"embeddable":true,"href":"https:\/\/vimagazine.com.br\/index.php?rest_route=\/wp\/v2\/users\/3"}],"replies":[{"embeddable":true,"href":"https:\/\/vimagazine.com.br\/index.php?rest_route=%2Fwp%2Fv2%2Fcomments&post=5002"}],"version-history":[{"count":1,"href":"https:\/\/vimagazine.com.br\/index.php?rest_route=\/wp\/v2\/posts\/5002\/revisions"}],"predecessor-version":[{"id":5003,"href":"https:\/\/vimagazine.com.br\/index.php?rest_route=\/wp\/v2\/posts\/5002\/revisions\/5003"}],"wp:featuredmedia":[{"embeddable":true,"href":"https:\/\/vimagazine.com.br\/index.php?rest_route=\/wp\/v2\/media\/4999"}],"wp:attachment":[{"href":"https:\/\/vimagazine.com.br\/index.php?rest_route=%2Fwp%2Fv2%2Fmedia&parent=5002"}],"wp:term":[{"taxonomy":"category","embeddable":true,"href":"https:\/\/vimagazine.com.br\/index.php?rest_route=%2Fwp%2Fv2%2Fcategories&post=5002"},{"taxonomy":"post_tag","embeddable":true,"href":"https:\/\/vimagazine.com.br\/index.php?rest_route=%2Fwp%2Fv2%2Ftags&post=5002"}],"curies":[{"name":"wp","href":"https:\/\/api.w.org\/{rel}","templated":true}]}}