{"id":5020,"date":"2022-07-19T16:07:21","date_gmt":"2022-07-19T19:07:21","guid":{"rendered":"https:\/\/vimagazine.com.br\/?p=5020"},"modified":"2022-07-20T13:47:10","modified_gmt":"2022-07-20T16:47:10","slug":"gardenia-cavalcanti-recebe-ls-jack-no-vem-com-a-gente","status":"publish","type":"post","link":"https:\/\/vimagazine.com.br\/?p=5020","title":{"rendered":"Gard\u00eania Cavalcanti recebe  LS Jack no &#8220;Vem Com a Gente&#8221;"},"content":{"rendered":"\n<p>A apresentadora Gard\u00eania Cavalcanti recebeu nesta segunda-feira (18) em seu programa &#8220;Vem Com a Gente&#8221;, da Band Rio, a banda LS Jack que agora tem o cantor Vinny como vocalista. Os cantores se unem para estrear a nova turn\u00ea LS Jack 25 anos no Blue Note S\u00e3o Paulo, neste s\u00e1bado (16).<\/p>\n\n\n\n<blockquote class=\"wp-block-quote\"><p><em>&#8220;O projeto LS Jack 25 anos surgiu para celebrar a carreira da banda, contar um pouco da sua hist\u00f3ria, mostrar influ\u00eancias e apontar novos caminhos. Fazer do novo show uma grande festa, onde o p\u00fablico pode entrar em sintonia e comunh\u00e3o com cada can\u00e7\u00e3o \u00e9 um objetivo. Vamos colocar a galera para cantar tudo do in\u00edcio ao fim!&#8221;,<\/em> conta a banda.<\/p><\/blockquote>\n\n\n\n<p>O show ser\u00e1 um passeio por grandes sucessos da banda: <em>&#8220;Teremos todos os cl\u00e1ssicos da banda, como &#8216;Carla&#8217;, &#8216;Uma Carta&#8217;, &#8216;Voc\u00ea Chegou&#8217;, &#8216;Sem Radar&#8217;, entre outras.&#8221;<\/em><\/p>\n\n\n\n<figure class=\"wp-container-2 wp-block-gallery-1 wp-block-gallery columns-2 is-cropped\"><ul class=\"blocks-gallery-grid\"><li class=\"blocks-gallery-item\"><figure><img width=\"766\" height=\"1024\" src=\"https:\/\/vimagazine.com.br\/wp-content\/uploads\/2022\/07\/Gardenia-Cavalcanti-recebe-LS-Jack-no-Vem-Com-a-Gente-3-766x1024.jpeg\" alt=\"\" data-id=\"5022\" data-full-url=\"https:\/\/vimagazine.com.br\/wp-content\/uploads\/2022\/07\/Gardenia-Cavalcanti-recebe-LS-Jack-no-Vem-Com-a-Gente-3.jpeg\" data-link=\"https:\/\/vimagazine.com.br\/?attachment_id=5022\" class=\"wp-image-5022\" srcset=\"https:\/\/vimagazine.com.br\/wp-content\/uploads\/2022\/07\/Gardenia-Cavalcanti-recebe-LS-Jack-no-Vem-Com-a-Gente-3-766x1024.jpeg 766w, https:\/\/vimagazine.com.br\/wp-content\/uploads\/2022\/07\/Gardenia-Cavalcanti-recebe-LS-Jack-no-Vem-Com-a-Gente-3-225x300.jpeg 225w, https:\/\/vimagazine.com.br\/wp-content\/uploads\/2022\/07\/Gardenia-Cavalcanti-recebe-LS-Jack-no-Vem-Com-a-Gente-3-768x1026.jpeg 768w, https:\/\/vimagazine.com.br\/wp-content\/uploads\/2022\/07\/Gardenia-Cavalcanti-recebe-LS-Jack-no-Vem-Com-a-Gente-3.jpeg 958w\" sizes=\"(max-width: 766px) 100vw, 766px\" \/><figcaption class=\"blocks-gallery-item__caption\">Gard\u00eania Cavalcanti recebe LS Jack no &#8220;Vem Com a Gente&#8221; &#8211; Foto: Divulga\u00e7\u00e3o<\/figcaption><\/figure><\/li><li class=\"blocks-gallery-item\"><figure><img width=\"766\" height=\"1024\" src=\"https:\/\/vimagazine.com.br\/wp-content\/uploads\/2022\/07\/Gardenia-Cavalcanti-recebe-LS-Jack-no-Vem-Com-a-Gente-2-766x1024.jpeg\" alt=\"\" data-id=\"5021\" data-full-url=\"https:\/\/vimagazine.com.br\/wp-content\/uploads\/2022\/07\/Gardenia-Cavalcanti-recebe-LS-Jack-no-Vem-Com-a-Gente-2.jpeg\" data-link=\"https:\/\/vimagazine.com.br\/?attachment_id=5021\" class=\"wp-image-5021\" srcset=\"https:\/\/vimagazine.com.br\/wp-content\/uploads\/2022\/07\/Gardenia-Cavalcanti-recebe-LS-Jack-no-Vem-Com-a-Gente-2-766x1024.jpeg 766w, https:\/\/vimagazine.com.br\/wp-content\/uploads\/2022\/07\/Gardenia-Cavalcanti-recebe-LS-Jack-no-Vem-Com-a-Gente-2-225x300.jpeg 225w, https:\/\/vimagazine.com.br\/wp-content\/uploads\/2022\/07\/Gardenia-Cavalcanti-recebe-LS-Jack-no-Vem-Com-a-Gente-2-768x1026.jpeg 768w, https:\/\/vimagazine.com.br\/wp-content\/uploads\/2022\/07\/Gardenia-Cavalcanti-recebe-LS-Jack-no-Vem-Com-a-Gente-2.jpeg 958w\" sizes=\"(max-width: 766px) 100vw, 766px\" \/><figcaption class=\"blocks-gallery-item__caption\">Gard\u00eania Cavalcanti &#8211; Foto: Divulga\u00e7\u00e3o<\/figcaption><\/figure><\/li><\/ul><\/figure>\n\n\n\n<p>Com o cantor Vinny nos vocais, o LS Jack explica que no show in\u00e9dito, h\u00e1 espa\u00e7o para as m\u00fasicas de sucesso do artista, al\u00e9m de homenagens a grandes nomes da m\u00fasica nacional.<\/p>\n\n\n\n<p><em>&#8220;Estou muito feliz com a turn\u00ea e por mim esta nova turn\u00ea com a banda pode durar 10 anos.\u201d,<\/em> comentou o novo vocalista Vinny nos bastidores do programa.<\/p>\n\n\n\n<p>O programa das tardes da Band Rio \u00e9 exibido ao vivo, de segunda a sexta-feira, das 13h30 \u00e0s 14h30. O programa ao vivo \u00e9 exibido para todo o estado do Rio de Janeiro atrav\u00e9s da Band Rio e para todo o Brasil e mundo atrav\u00e9s do canal do \u201cVem com a Gente\u201d no YouTube da Band Rio: Vem com a Gente \u2013 YouTube.<\/p>\n\n\n\n<p><br>Cr\u00e9ditos: Bicudo &#8211; Baterista (@lsjackbanda)<br>Vinny &#8211; Cantor (@vinny_bonotto)<br>S\u00e9rgio Ferreira &#8211; violonista (@lsjackbanda)<br>Vitor Queiroz &#8211; baixista (@lsjackbanda)<\/p>\n","protected":false},"excerpt":{"rendered":"<p>Banda celebra nova turn\u00ea e Vinny como vocalista da banda <\/p>\n","protected":false},"author":18,"featured_media":5033,"comment_status":"closed","ping_status":"open","sticky":false,"template":"","format":"standard","meta":{"om_disable_all_campaigns":false,"_monsterinsights_skip_tracking":false,"_monsterinsights_sitenote_active":false,"_monsterinsights_sitenote_note":"","_monsterinsights_sitenote_category":0,"spay_email":""},"categories":[1],"tags":[359,360,357,356,211,354,353,358],"jetpack_featured_media_url":"https:\/\/vimagazine.com.br\/wp-content\/uploads\/2022\/07\/Gardenia-Cavalcanti-recebe-LS-Jack-no-Vem-Com-a-Gente-1-3.jpeg","_links":{"self":[{"href":"https:\/\/vimagazine.com.br\/index.php?rest_route=\/wp\/v2\/posts\/5020"}],"collection":[{"href":"https:\/\/vimagazine.com.br\/index.php?rest_route=\/wp\/v2\/posts"}],"about":[{"href":"https:\/\/vimagazine.com.br\/index.php?rest_route=\/wp\/v2\/types\/post"}],"author":[{"embeddable":true,"href":"https:\/\/vimagazine.com.br\/index.php?rest_route=\/wp\/v2\/users\/18"}],"replies":[{"embeddable":true,"href":"https:\/\/vimagazine.com.br\/index.php?rest_route=%2Fwp%2Fv2%2Fcomments&post=5020"}],"version-history":[{"count":1,"href":"https:\/\/vimagazine.com.br\/index.php?rest_route=\/wp\/v2\/posts\/5020\/revisions"}],"predecessor-version":[{"id":5024,"href":"https:\/\/vimagazine.com.br\/index.php?rest_route=\/wp\/v2\/posts\/5020\/revisions\/5024"}],"wp:featuredmedia":[{"embeddable":true,"href":"https:\/\/vimagazine.com.br\/index.php?rest_route=\/wp\/v2\/media\/5033"}],"wp:attachment":[{"href":"https:\/\/vimagazine.com.br\/index.php?rest_route=%2Fwp%2Fv2%2Fmedia&parent=5020"}],"wp:term":[{"taxonomy":"category","embeddable":true,"href":"https:\/\/vimagazine.com.br\/index.php?rest_route=%2Fwp%2Fv2%2Fcategories&post=5020"},{"taxonomy":"post_tag","embeddable":true,"href":"https:\/\/vimagazine.com.br\/index.php?rest_route=%2Fwp%2Fv2%2Ftags&post=5020"}],"curies":[{"name":"wp","href":"https:\/\/api.w.org\/{rel}","templated":true}]}}