{"id":5035,"date":"2022-07-21T11:58:44","date_gmt":"2022-07-21T14:58:44","guid":{"rendered":"https:\/\/vimagazine.com.br\/?p=5035"},"modified":"2022-07-21T12:04:30","modified_gmt":"2022-07-21T15:04:30","slug":"bc-jazz-fest-continua-neste-final-de-semana-com-muitas-atracoes","status":"publish","type":"post","link":"https:\/\/vimagazine.com.br\/?p=5035","title":{"rendered":"BC JAZZ FEST CONTINUA NESTE FINAL DE SEMANA COM MUITAS ATRA\u00c7\u00d5ES"},"content":{"rendered":"\n<p>&nbsp;<\/p>\n\n\n\n<p>Tony Gordon e o projeto Ira Folk! Fazem parte da programa\u00e7\u00e3o que encerra a primeira edi\u00e7\u00e3o.<\/p>\n\n\n\n<p>A partir de sexta-feira (22), o BC Jazz&nbsp;Fest&nbsp;continua, al\u00e9m de nomes como&nbsp;Nasi&nbsp;e Edgard&nbsp;Scandurra&nbsp;que se apresentam no show que denominaram de&nbsp;IRA! FOLK, que encerra o festival em grande estilo, no domingo (24),&nbsp;Tony Gordon, abre a primeira noite do Palco Praia, sobrinho de Dolores Duran, vindo de uma fam\u00edlia extremamente musical, \u00e9 um dos grandes expoentes do soul, jazz, no pa\u00eds. Em 2019, Tony sagrou-se vencedor da edi\u00e7\u00e3o brasileira do programa The Voice Brasil. O \u00faltimo final de semana tamb\u00e9m contar\u00e1 com&nbsp;Beb\u00e9&nbsp;Salvego&nbsp;&amp; Felipe,&nbsp;o projeto&nbsp;Blues Beatles,&nbsp;que se apresenta no s\u00e1bado (23), encerrando a programa\u00e7\u00e3o do Palco Praia neste dia, com suas vers\u00f5es de m\u00fasicas em portugu\u00eas, tocadas em ritmo de blues. <\/p>\n\n\n\n<p>\u00c9 atualmente a banda de blues brasileira mais relevante do mercado nacional e a sensa\u00e7\u00e3o do mercado internacional. Outra atra\u00e7\u00e3o do \u00faltimo final de semana \u00e9 o trio&nbsp;The Blues&nbsp;on&nbsp;The&nbsp;Table,&nbsp;formado em 2019 com a inten\u00e7\u00e3o de trazer para a linguagem do blues e suas vertentes cl\u00e1ssicos da boa m\u00fasica mundial. Do rock a MPB com destaque para grandes sambas, e mostrando que grande parte dos estilos musicais contempor\u00e2neos tem muito do blues em sua gen\u00e9tica.&nbsp;<\/p>\n\n\n\n<p>Seguindo a linha da alegria e irrever\u00eancia, a itinerante e mais querida banda de jazz tradicional, com sotaque brasileiro, nos festivais do g\u00eanero, a&nbsp;Orleans Street Jazz Band&nbsp;volta para mais um final de semana no BC Jazz&nbsp;Fest&nbsp;e ir\u00e1 circular durante a programa\u00e7\u00e3o, em v\u00e1rios pontos de Balne\u00e1rio Cambori\u00fa. Inspirada nas famosas&nbsp;street&nbsp;bands de New Orleans, que s\u00e3o a marca registrada da cidade americana, a Orleans Street Jazz Band tem na intera\u00e7\u00e3o com o p\u00fablico o seu grande diferencial. <\/p>\n\n\n\n<p>Para completar o time, a presen\u00e7a marcante, n\u00e3o poder\u00edamos deixar de destacar, a performance do&nbsp;DJ&nbsp;Crizz, que embala os intervalos do Palco Praia, a divers\u00e3o e o bom gosto musical s\u00e3o marca registradas dele.&nbsp;<\/p>\n\n\n\n<p>A trajet\u00f3ria do jazz foi marcada por muita experimenta\u00e7\u00e3o, misturas sonoras e improvisa\u00e7\u00e3o. Swing e Big bands fazem parte dos g\u00eaneros deste estilo musical, surgido nos Estados Unidos, mais precisamente em New Jersey, final do s\u00e9culo XIX e in\u00edcio do s\u00e9culo XX. e que at\u00e9 hoje prezam pela: liberdade, o improviso, a interpreta\u00e7\u00e3o individual, criatividade, ritmos n\u00e3o lineares e sonoridade dan\u00e7ante. o jazz possui ritmo n\u00e3o linear e sua maior marca \u00e9 a improvisa\u00e7\u00e3o, e \u00e9 esse o DNA do BC Jazz&nbsp;Fest, que tem no seu conceito a filosofia de apresentar ao p\u00fablico a riqueza da m\u00fasica nacional e internacional, suas origens e seus infinitos ritmos e varia\u00e7\u00f5es em tr\u00eas palcos: Palco da Praia, em frente \u00e0 Pra\u00e7a Almirante Tamandar\u00e9, o Palco Da Cultura, na Pra\u00e7a Higino Pio, que concentra em sua grande maioria num p\u00fablico familiar, com muitas crian\u00e7as prestigiando as apresenta\u00e7\u00f5es, e o Palco no instalado no Beco do Brooklyn, que concentra em sua grande maioria num p\u00fablico jovem. Proporcionando diferentes experi\u00eancias musicais dentro e fora do palco, reunindo p\u00fablico e artistas de diversos estilos e regi\u00f5es do Brasil, com as melhores bandas e cantores dos g\u00eaneros: jazz, blues, folk, soul e R&amp;B, inseridos numa das mais belas paisagens do pa\u00eds.&nbsp;&nbsp;<\/p>\n\n\n\n<p>O BC Jazz Festival \u00e9 um festival que acontece totalmente ao ar livre, agregador, musical e para toda fam\u00edlia, que com certeza deixar\u00e1 saudade.&nbsp;<\/p>\n\n\n\n<p>PROGAMA\u00c7\u00c3O&nbsp;<\/p>\n\n\n\n<p>2\u00ba FINAL DE SEMANA&nbsp;&nbsp;<\/p>\n\n\n\n<p>Sexta-feira, 22\/07\/2022:&nbsp;<\/p>\n\n\n\n<p>PALCO BECO DO BROOKLYN &#8211;&nbsp;Rua 1.100 Centro&nbsp;<\/p>\n\n\n\n<ul><li>17h Beb\u00e9&nbsp;Salvego&nbsp;&amp; Felipe&nbsp;&nbsp;<\/li><li>18h: The Blues&nbsp;on&nbsp;The&nbsp;Table&nbsp;&nbsp;<\/li><\/ul>\n\n\n\n<p>PALCO PRAIA &#8211; Em frente \u00e0 Pra\u00e7a Almirante Tamandar\u00e9&nbsp;<\/p>\n\n\n\n<ul><li>20h DJ&nbsp;Crizz&nbsp;no Palco Praia&nbsp;&nbsp;<\/li><li>21h: Beb\u00e9&nbsp;Salvego&nbsp;&amp; Felipe no Palco Praia&nbsp;&nbsp;<\/li><li>21h30: The Blues&nbsp;on&nbsp;The&nbsp;Table&nbsp;no Palco Praia&nbsp;&nbsp;<\/li><li>22h: Tony Gordon no Palco Praia&nbsp;&nbsp;<\/li><\/ul>\n\n\n\n<p>S\u00e1bado, 23\/07\/2022&nbsp;&nbsp;<br>&nbsp;<\/p>\n\n\n\n<p>&nbsp;<br>PALCO DA CULTURA \u2013 Pra\u00e7a&nbsp;Higino&nbsp;Pio&nbsp;<\/p>\n\n\n\n<ul><li>11h: Beb\u00e9&nbsp;Salvego&nbsp;&amp; Felipe&nbsp;&nbsp;&nbsp;<\/li><\/ul>\n\n\n\n<p>&nbsp;<br>PALCO BECO DO BROOKLYN&nbsp;&nbsp;<\/p>\n\n\n\n<ul><li>14h The Blues&nbsp;on&nbsp;The&nbsp;Table&nbsp;&nbsp;<\/li><li>16h: Beb\u00e9&nbsp;Salvego&nbsp;&amp; Felipe&nbsp;&nbsp;<\/li><\/ul>\n\n\n\n<p>PALCO DA PRAIA&nbsp;&nbsp;<\/p>\n\n\n\n<ul><li>20h: DJ&nbsp;Crizz&nbsp;&nbsp;<\/li><li>21h: The Blues&nbsp;on&nbsp;The&nbsp;Table&nbsp;e Beb\u00e9&nbsp;Salvego&nbsp;&amp; Felipe&nbsp;&nbsp;<\/li><li>22h Blues Beatles&nbsp;&nbsp;<\/li><\/ul>\n\n\n\n<p>Domingo, 24\/07\/2022:&nbsp;&nbsp;<\/p>\n\n\n\n<p>&nbsp;<br>PALCO DA CULTURA&nbsp;<\/p>\n\n\n\n<ul><li>11h: The Blues&nbsp;on&nbsp;The&nbsp;Table&nbsp;&nbsp;<\/li><\/ul>\n\n\n\n<p>PALCO BECO DO BROOKLYN&nbsp;<\/p>\n\n\n\n<ul><li>14h: Beb\u00e9&nbsp;Salvego&nbsp;&amp; Felipe&nbsp;&nbsp;<\/li><\/ul>\n\n\n\n<p>16h: The Blues&nbsp;on&nbsp;The&nbsp;Table&nbsp;&nbsp;<\/p>\n\n\n\n<p>PALCO DA PRAIA&nbsp;<\/p>\n\n\n\n<ul><li>18h: DJ&nbsp;Crizz&nbsp;&nbsp;<\/li><li>19h: The Blues&nbsp;on&nbsp;The&nbsp;Table&nbsp;&nbsp;<\/li><li>19h45: Beb\u00e9&nbsp;Salvego&nbsp;&amp; Felipe&nbsp;&nbsp;<\/li><li>20h30: IRA! Folk (encerramento)<\/li><\/ul>\n\n\n\n<p>&nbsp;<br>&nbsp;SERVI\u00c7O&nbsp;<\/p>\n\n\n\n<p>O Qu\u00ea:&nbsp;1\u00aa edi\u00e7\u00e3o do Balne\u00e1rio Cambori\u00fa Jazz Festival&nbsp;&nbsp;<\/p>\n\n\n\n<p>Quando:&nbsp;22, 23 e 24 de julho \u2013 sexta &#8211; s\u00e1bado e domingo&nbsp;&nbsp;<\/p>\n\n\n\n<p>Onde:&nbsp;em v\u00e1rios espa\u00e7os da cidade de Balne\u00e1rio Cambori\u00fa, descritos na programa\u00e7\u00e3o&nbsp;&nbsp;<\/p>\n\n\n\n<p>Hor\u00e1rio:&nbsp;hor\u00e1rios alternados, detalhados na programa\u00e7\u00e3o&nbsp;&nbsp;&nbsp;<\/p>\n\n\n\n<p>Quanto:&nbsp;entrada gratuita&nbsp;&nbsp;<\/p>\n\n\n\n<p>INFORMA\u00c7\u00d5ES&nbsp;<br>&nbsp;<\/p>\n\n\n\n<p>BC Jazz&nbsp;Fest&nbsp;&nbsp;<\/p>\n\n\n\n<p>Telefone:&nbsp;(11) 98807-7141 | 5539-7452&nbsp;&nbsp;<\/p>\n\n\n\n<p>Site:&nbsp;http:\/\/www.bc.gov.br&nbsp;&nbsp;<\/p>\n\n\n\n<p>E mail:&nbsp;contato@lucasshows.com.br&nbsp;&nbsp;<\/p>\n\n\n\n<p>Instagram:&nbsp;@bcjazzfest&nbsp;<br>&nbsp;&nbsp;<\/p>\n\n\n\n<p>Dom Comunica &#8211; assessoria de comunica\u00e7\u00e3o&nbsp;&nbsp;<\/p>\n\n\n\n<p>Telefone:&nbsp;47 99612 3517&nbsp;&nbsp;<\/p>\n\n\n\n<p>E mail:&nbsp;rodrigo@domcomunica.com.br&nbsp;&nbsp;<\/p>\n\n\n\n<p>Instagram:&nbsp;@domcomunica&nbsp;&nbsp;<\/p>\n\n\n\n<figure class=\"wp-block-image size-large\"><img width=\"1024\" height=\"682\" src=\"https:\/\/vimagazine.com.br\/wp-content\/uploads\/2022\/07\/IMG-20220721-WA0104-1024x682.jpg\" alt=\"\" class=\"wp-image-5037\" srcset=\"https:\/\/vimagazine.com.br\/wp-content\/uploads\/2022\/07\/IMG-20220721-WA0104-1024x682.jpg 1024w, https:\/\/vimagazine.com.br\/wp-content\/uploads\/2022\/07\/IMG-20220721-WA0104-300x200.jpg 300w, https:\/\/vimagazine.com.br\/wp-content\/uploads\/2022\/07\/IMG-20220721-WA0104-768x512.jpg 768w, https:\/\/vimagazine.com.br\/wp-content\/uploads\/2022\/07\/IMG-20220721-WA0104-1536x1023.jpg 1536w, https:\/\/vimagazine.com.br\/wp-content\/uploads\/2022\/07\/IMG-20220721-WA0104.jpg 1600w\" sizes=\"(max-width: 1024px) 100vw, 1024px\" \/><\/figure>\n\n\n\n<figure class=\"wp-block-image size-large\"><img width=\"1024\" height=\"959\" src=\"https:\/\/vimagazine.com.br\/wp-content\/uploads\/2022\/07\/IMG-20220721-WA0100-1024x959.jpg\" alt=\"\" class=\"wp-image-5038\" srcset=\"https:\/\/vimagazine.com.br\/wp-content\/uploads\/2022\/07\/IMG-20220721-WA0100-1024x959.jpg 1024w, https:\/\/vimagazine.com.br\/wp-content\/uploads\/2022\/07\/IMG-20220721-WA0100-300x281.jpg 300w, https:\/\/vimagazine.com.br\/wp-content\/uploads\/2022\/07\/IMG-20220721-WA0100-768x720.jpg 768w, https:\/\/vimagazine.com.br\/wp-content\/uploads\/2022\/07\/IMG-20220721-WA0100-1536x1439.jpg 1536w, https:\/\/vimagazine.com.br\/wp-content\/uploads\/2022\/07\/IMG-20220721-WA0100.jpg 1600w\" sizes=\"(max-width: 1024px) 100vw, 1024px\" \/><\/figure>\n\n\n\n<figure class=\"wp-block-image size-large\"><img width=\"682\" height=\"1024\" src=\"https:\/\/vimagazine.com.br\/wp-content\/uploads\/2022\/07\/IMG-20220721-WA0103-682x1024.jpg\" alt=\"\" class=\"wp-image-5039\" srcset=\"https:\/\/vimagazine.com.br\/wp-content\/uploads\/2022\/07\/IMG-20220721-WA0103-682x1024.jpg 682w, https:\/\/vimagazine.com.br\/wp-content\/uploads\/2022\/07\/IMG-20220721-WA0103-200x300.jpg 200w, https:\/\/vimagazine.com.br\/wp-content\/uploads\/2022\/07\/IMG-20220721-WA0103-768x1153.jpg 768w, https:\/\/vimagazine.com.br\/wp-content\/uploads\/2022\/07\/IMG-20220721-WA0103-1023x1536.jpg 1023w, https:\/\/vimagazine.com.br\/wp-content\/uploads\/2022\/07\/IMG-20220721-WA0103-1024x1537.jpg 1024w, https:\/\/vimagazine.com.br\/wp-content\/uploads\/2022\/07\/IMG-20220721-WA0103.jpg 1066w\" sizes=\"(max-width: 682px) 100vw, 682px\" \/><\/figure>\n\n\n\n<figure class=\"wp-block-image size-large\"><img width=\"768\" height=\"1024\" src=\"https:\/\/vimagazine.com.br\/wp-content\/uploads\/2022\/07\/IMG-20220721-WA0105-768x1024.jpg\" alt=\"\" class=\"wp-image-5040\" srcset=\"https:\/\/vimagazine.com.br\/wp-content\/uploads\/2022\/07\/IMG-20220721-WA0105-768x1024.jpg 768w, https:\/\/vimagazine.com.br\/wp-content\/uploads\/2022\/07\/IMG-20220721-WA0105-225x300.jpg 225w, https:\/\/vimagazine.com.br\/wp-content\/uploads\/2022\/07\/IMG-20220721-WA0105-1152x1536.jpg 1152w, https:\/\/vimagazine.com.br\/wp-content\/uploads\/2022\/07\/IMG-20220721-WA0105-1024x1365.jpg 1024w, https:\/\/vimagazine.com.br\/wp-content\/uploads\/2022\/07\/IMG-20220721-WA0105.jpg 1200w\" sizes=\"(max-width: 768px) 100vw, 768px\" \/><\/figure>\n\n\n\n<figure class=\"wp-block-image size-large\"><img width=\"1024\" height=\"684\" src=\"https:\/\/vimagazine.com.br\/wp-content\/uploads\/2022\/07\/IMG-20220721-WA0099-1024x684.jpg\" alt=\"\" class=\"wp-image-5041\" srcset=\"https:\/\/vimagazine.com.br\/wp-content\/uploads\/2022\/07\/IMG-20220721-WA0099-1024x684.jpg 1024w, https:\/\/vimagazine.com.br\/wp-content\/uploads\/2022\/07\/IMG-20220721-WA0099-300x200.jpg 300w, https:\/\/vimagazine.com.br\/wp-content\/uploads\/2022\/07\/IMG-20220721-WA0099-768x513.jpg 768w, https:\/\/vimagazine.com.br\/wp-content\/uploads\/2022\/07\/IMG-20220721-WA0099.jpg 1080w\" sizes=\"(max-width: 1024px) 100vw, 1024px\" \/><\/figure>\n\n\n\n<figure class=\"wp-block-image size-large\"><img width=\"1024\" height=\"1024\" src=\"https:\/\/vimagazine.com.br\/wp-content\/uploads\/2022\/07\/IMG-20220721-WA0101-1024x1024.jpg\" alt=\"\" class=\"wp-image-5043\" srcset=\"https:\/\/vimagazine.com.br\/wp-content\/uploads\/2022\/07\/IMG-20220721-WA0101-1024x1024.jpg 1024w, https:\/\/vimagazine.com.br\/wp-content\/uploads\/2022\/07\/IMG-20220721-WA0101-300x300.jpg 300w, https:\/\/vimagazine.com.br\/wp-content\/uploads\/2022\/07\/IMG-20220721-WA0101-150x150.jpg 150w, https:\/\/vimagazine.com.br\/wp-content\/uploads\/2022\/07\/IMG-20220721-WA0101-768x768.jpg 768w, https:\/\/vimagazine.com.br\/wp-content\/uploads\/2022\/07\/IMG-20220721-WA0101-1536x1536.jpg 1536w, https:\/\/vimagazine.com.br\/wp-content\/uploads\/2022\/07\/IMG-20220721-WA0101.jpg 1600w\" sizes=\"(max-width: 1024px) 100vw, 1024px\" \/><\/figure>\n","protected":false},"excerpt":{"rendered":"<p>&nbsp; Tony Gordon e o projeto Ira Folk! Fazem parte da programa\u00e7\u00e3o que encerra a&#8230;<\/p>\n","protected":false},"author":3,"featured_media":5036,"comment_status":"closed","ping_status":"open","sticky":false,"template":"","format":"standard","meta":{"om_disable_all_campaigns":false,"_monsterinsights_skip_tracking":false,"_monsterinsights_sitenote_active":false,"_monsterinsights_sitenote_note":"","_monsterinsights_sitenote_category":0,"spay_email":""},"categories":[1],"tags":[],"jetpack_featured_media_url":"https:\/\/vimagazine.com.br\/wp-content\/uploads\/2022\/07\/IMG-20220721-WA0110.jpg","_links":{"self":[{"href":"https:\/\/vimagazine.com.br\/index.php?rest_route=\/wp\/v2\/posts\/5035"}],"collection":[{"href":"https:\/\/vimagazine.com.br\/index.php?rest_route=\/wp\/v2\/posts"}],"about":[{"href":"https:\/\/vimagazine.com.br\/index.php?rest_route=\/wp\/v2\/types\/post"}],"author":[{"embeddable":true,"href":"https:\/\/vimagazine.com.br\/index.php?rest_route=\/wp\/v2\/users\/3"}],"replies":[{"embeddable":true,"href":"https:\/\/vimagazine.com.br\/index.php?rest_route=%2Fwp%2Fv2%2Fcomments&post=5035"}],"version-history":[{"count":2,"href":"https:\/\/vimagazine.com.br\/index.php?rest_route=\/wp\/v2\/posts\/5035\/revisions"}],"predecessor-version":[{"id":5044,"href":"https:\/\/vimagazine.com.br\/index.php?rest_route=\/wp\/v2\/posts\/5035\/revisions\/5044"}],"wp:featuredmedia":[{"embeddable":true,"href":"https:\/\/vimagazine.com.br\/index.php?rest_route=\/wp\/v2\/media\/5036"}],"wp:attachment":[{"href":"https:\/\/vimagazine.com.br\/index.php?rest_route=%2Fwp%2Fv2%2Fmedia&parent=5035"}],"wp:term":[{"taxonomy":"category","embeddable":true,"href":"https:\/\/vimagazine.com.br\/index.php?rest_route=%2Fwp%2Fv2%2Fcategories&post=5035"},{"taxonomy":"post_tag","embeddable":true,"href":"https:\/\/vimagazine.com.br\/index.php?rest_route=%2Fwp%2Fv2%2Ftags&post=5035"}],"curies":[{"name":"wp","href":"https:\/\/api.w.org\/{rel}","templated":true}]}}