{"id":5088,"date":"2022-07-25T16:34:45","date_gmt":"2022-07-25T19:34:45","guid":{"rendered":"https:\/\/vimagazine.com.br\/?p=5088"},"modified":"2022-07-25T16:34:49","modified_gmt":"2022-07-25T19:34:49","slug":"rita-lima-amplia-seus-investimentos-e-lanca-sua-linha-de-cosmeticos","status":"publish","type":"post","link":"https:\/\/vimagazine.com.br\/?p=5088","title":{"rendered":"Rita Lima amplia seus investimentos e lan\u00e7a sua linha de cosm\u00e9ticos"},"content":{"rendered":"\n<p><\/p>\n\n\n\n<p><strong>Rita Lima<\/strong>\u00a0\u00e9 empres\u00e1ria com atua\u00e7\u00e3o h\u00e1 mais de 13 anos no segmento de cons\u00f3rcio, possu\u00ed curso de Starter practitioner em Programa\u00e7\u00e3o neurolingu\u00edstica &#8211;\u00a0<strong>PNL<\/strong>\u00a0&#8211; Neuro Training Institute e tem um projeto no qual atua como mentora ajudando as pessoas a mudarem de vida.<\/p>\n\n\n\n<p><\/p>\n\n\n\n<p><strong><em>Voc\u00ea administra um cons\u00f3rcio, faz mentorias, se prepara para lan\u00e7ar um livro e, agora, pretende investir no segmento de cosm\u00e9ticos. O que as pessoas podem esperar mais de voc\u00ea no ramo dos neg\u00f3cios?<\/em><\/strong><\/p>\n\n\n\n<p><\/p>\n\n\n\n<p><strong>\u00a0<a>R:<\/a><\/strong> Nem eu sei o que esperar de mim. N\u00e3o sou uma pessoa limitada, gosto de novos desafios, novos neg\u00f3cios e sempre que vejo uma oportunidade em um ramo diferente, eu invisto tempo e energia necess\u00e1ria para que funcione toda empreitada que eu entrar.<\/p>\n\n\n\n<p><\/p>\n\n\n\n<p><strong><em>Qual ser\u00e1 a linha de cosm\u00e9ticos que voc\u00ea ir\u00e1 lan\u00e7ar e o que te motivou a investir em mais esse segmento de neg\u00f3cio?<\/em><\/strong><\/p>\n\n\n\n<p><\/p>\n\n\n\n<p><strong>\u00a0R:<\/strong> Ser\u00e1 uma linha de produtos faciais, rejuvenescedores. Hoje j\u00e1 temos tudo pronto, como a marca, o nome, os produtos, mas ainda n\u00e3o podemos divulgar em m\u00eddias sociais o que est\u00e1 por vir. S\u00f3 tenho uma coisa pra falar: vem coisa muito boa por a\u00ed!<\/p>\n\n\n\n<p><\/p>\n\n\n\n<p><strong><em>Qual o diferencial que voc\u00ea ir\u00e1 oferecer aos seus clientes?\u00a0 Essa linha de cosm\u00e9ticos atender\u00e1 o p\u00fablico feminino e masculino?<\/em><\/strong><\/p>\n\n\n\n<p><\/p>\n\n\n\n<p>\u00a0 <strong>R: <\/strong>A qualidade \u00e9 excepcional, al\u00e9m de que todos os produtos s\u00e3o veganos, produzidos de maneira ecol\u00f3gica, cheirosos e claro, o resultado depois de um tempo de uso \u00e9 surreal! A primeira linha ser\u00e1 direcionada ao p\u00fablico feminino, mas como \u00e9 tratamento de pele, ambos podem usar!<\/p>\n\n\n\n<p><\/p>\n\n\n\n<p><strong>Como se dar\u00e1 o lan\u00e7amento dessa linha de cosm\u00e9ticos?<\/strong><\/p>\n\n\n\n<p><\/p>\n\n\n\n<p>\u00a0<strong>R: <\/strong>Vamos fazer barulho! Estamos terminando de organizar algumas parcerias, fechar alguns contratos e investir pesado na divulga\u00e7\u00e3o.<\/p>\n\n\n\n<p><\/p>\n\n\n\n<p><strong><em>Quando as pessoas j\u00e1 poder\u00e3o ter acesso a esses produtos?<\/em><\/strong><\/p>\n\n\n\n<p><\/p>\n\n\n\n<p><strong>R: <\/strong>Em breve\u2026 acreditamos firmemente que no m\u00eas de setembro toda linha j\u00e1 estar\u00e1 aberta ao p\u00fablico.<\/p>\n\n\n\n<p><\/p>\n\n\n\n<p><strong><em>Voc\u00ea ter\u00e1 uma loja f\u00edsica ou as pessoas ter\u00e3o um site no qual elas poder\u00e3o comprar os produtos? Explique mais&#8230;<\/em><\/strong><\/p>\n\n\n\n<p><\/p>\n\n\n\n<p>\u00a0<strong>R:\u00a0 <\/strong>Inicialmente pretendemos realizar as vendas na nossa loja online e tamb\u00e9m como j\u00e1 havia citado, estamos fechando algumas parcerias, que v\u00e3o divulgar e revender os produtos da linha.<\/p>\n\n\n\n<p><\/p>\n\n\n\n<p><strong><em>Quais s\u00e3o as suas perspectivas futuras?<\/em><\/strong><\/p>\n\n\n\n<p><\/p>\n\n\n\n<p><strong>R: <\/strong>Em breve vamos lan\u00e7ar novos tipos de cosm\u00e9ticos, maquiagens e tamb\u00e9m iniciar uma linha exclusiva para os homens.<\/p>\n\n\n\n<p><\/p>\n\n\n\n<p>Para saber mais sobre a entrevistada e acerca de seus trabalhos, visite as p\u00e1ginas. Clique <a href=\"https:\/\/www.instagram.com\/limaritah\/\">aqui<\/a> \u00a0e acesse\u00a0 <a href=\"https:\/\/www.instagram.com\/igoorico\/\">aqui<\/a>.<\/p>\n\n\n\n<p><\/p>\n\n\n\n<p><\/p>\n","protected":false},"excerpt":{"rendered":"<p>Rita Lima\u00a0\u00e9 empres\u00e1ria com atua\u00e7\u00e3o h\u00e1 mais de 13 anos no segmento de cons\u00f3rcio, possu\u00ed&#8230;<\/p>\n","protected":false},"author":2,"featured_media":5090,"comment_status":"closed","ping_status":"open","sticky":false,"template":"","format":"standard","meta":{"om_disable_all_campaigns":false,"_monsterinsights_skip_tracking":false,"_monsterinsights_sitenote_active":false,"_monsterinsights_sitenote_note":"","_monsterinsights_sitenote_category":0,"spay_email":""},"categories":[31],"tags":[361,143,324],"jetpack_featured_media_url":"https:\/\/vimagazine.com.br\/wp-content\/uploads\/2022\/07\/f9acc22c-e9b0-4a50-b5e3-86af1698ebb9.jpg","_links":{"self":[{"href":"https:\/\/vimagazine.com.br\/index.php?rest_route=\/wp\/v2\/posts\/5088"}],"collection":[{"href":"https:\/\/vimagazine.com.br\/index.php?rest_route=\/wp\/v2\/posts"}],"about":[{"href":"https:\/\/vimagazine.com.br\/index.php?rest_route=\/wp\/v2\/types\/post"}],"author":[{"embeddable":true,"href":"https:\/\/vimagazine.com.br\/index.php?rest_route=\/wp\/v2\/users\/2"}],"replies":[{"embeddable":true,"href":"https:\/\/vimagazine.com.br\/index.php?rest_route=%2Fwp%2Fv2%2Fcomments&post=5088"}],"version-history":[{"count":1,"href":"https:\/\/vimagazine.com.br\/index.php?rest_route=\/wp\/v2\/posts\/5088\/revisions"}],"predecessor-version":[{"id":5091,"href":"https:\/\/vimagazine.com.br\/index.php?rest_route=\/wp\/v2\/posts\/5088\/revisions\/5091"}],"wp:featuredmedia":[{"embeddable":true,"href":"https:\/\/vimagazine.com.br\/index.php?rest_route=\/wp\/v2\/media\/5090"}],"wp:attachment":[{"href":"https:\/\/vimagazine.com.br\/index.php?rest_route=%2Fwp%2Fv2%2Fmedia&parent=5088"}],"wp:term":[{"taxonomy":"category","embeddable":true,"href":"https:\/\/vimagazine.com.br\/index.php?rest_route=%2Fwp%2Fv2%2Fcategories&post=5088"},{"taxonomy":"post_tag","embeddable":true,"href":"https:\/\/vimagazine.com.br\/index.php?rest_route=%2Fwp%2Fv2%2Ftags&post=5088"}],"curies":[{"name":"wp","href":"https:\/\/api.w.org\/{rel}","templated":true}]}}