{"id":5102,"date":"2022-07-27T09:26:12","date_gmt":"2022-07-27T12:26:12","guid":{"rendered":"https:\/\/vimagazine.com.br\/?p=5102"},"modified":"2022-07-27T09:26:16","modified_gmt":"2022-07-27T12:26:16","slug":"carlinhos-de-jesus-fala-da-sua-historia-de-vida-e-do-seu-amor-pela-danca","status":"publish","type":"post","link":"https:\/\/vimagazine.com.br\/?p=5102","title":{"rendered":"Carlinhos de Jesus fala da sua hist\u00f3ria de vida e do seu amor pela dan\u00e7a"},"content":{"rendered":"\n<p><\/p>\n\n\n\n<p><strong>\u00a0\u00a0\u00a0 Carlinhos de Jesus<\/strong> \u00e9 dan\u00e7arino, core\u00f3grafo e vive da m\u00fasica h\u00e1 mais de 30 anos. Em 1991, Carlinhos foi o \u00fanico dan\u00e7arino popular com participa\u00e7\u00e3o especial no\u00a0Rock in Rio naquele ano.<\/p>\n\n\n\n<p><\/p>\n\n\n\n<p>\u00a0\u00a0 Para falar sobre sua carreira, um pouco de sua hist\u00f3ria de vida, a import\u00e2ncia da dan\u00e7a para a sa\u00fade entre tantos outros assuntos, eu entrevistei, com exclusividade, <strong>Carlinhos de Jesus<\/strong>.<\/p>\n\n\n\n<p><\/p>\n\n\n\n<p><strong><em>Voc\u00ea se formou em pedagogia, mas foi a dan\u00e7a que falou mais alto. Seu amor pela dan\u00e7a come\u00e7ou com quantos anos? <\/em>Conte um pouco sobre sua hist\u00f3ria<\/strong>&#8230;<\/p>\n\n\n\n<p><\/p>\n\n\n\n<p>\u00a0<strong>R:<\/strong> A dan\u00e7a sempre fez parte da minha vida! Minha m\u00e3e contava que desde os 4 anos eu vivia imitando os adultos, e chamava aten\u00e7\u00e3o pelas minhas performances. Estou com 69 anos, ent\u00e3o dan\u00e7o h\u00e1 65 anos, rs. Lembro-me que desde os 8 anos era disputado pelas meninas nas festas. Claro que n\u00e3o imaginava que teria a dan\u00e7a como profiss\u00e3o, nunca frequentei academia de dan\u00e7a e criei meu estilo observando grandes dan\u00e7arinos do sub\u00farbio Carioca.<\/p>\n\n\n\n<p><\/p>\n\n\n\n<p>\u00a0\u00a0 &#8211; Ainda pequeno, com 9 anos, tentei pedir ao meu pai para me matricular em uma Escola de Dan\u00e7a, mas ele ficou irado e me matriculou em uma Escola de <strong>JIU JITSU<\/strong>, rs. Sou da \u00e9poca que havia muito preconceito com homem dan\u00e7ando.<\/p>\n\n\n\n<p><\/p>\n\n\n\n<p>\u00a0\u00a0 &#8211; O profissional Carlinhos de Jesus surgiu acidentalmente, h\u00e1 40 anos, na casa do grande jornalista carioca Sergio Cabral, fui convidado a dar aulas para um grupo de amigos, jornalistas e artistas e n\u00e3o parei mais, os convites se sucederam para inicialmente apresenta\u00e7\u00f5es de dan\u00e7a e ap\u00f3s coreografias para cinema, TV, teatro, espet\u00e1culos e carnaval. Abri uma Escola de Dan\u00e7a e posteriormente criei a Cia de Dan\u00e7a que levam o meu nome.<\/p>\n\n\n\n<p><\/p>\n\n\n\n<p>\u00a0\u00a0 &#8211; No in\u00edcio de tudo tinha 27 anos e era funcion\u00e1rio p\u00fablico, me formei Pedagogo e exercia a profiss\u00e3o. Gra\u00e7as a Pedagogia, criei uma did\u00e1tica para a dan\u00e7a. Acreditei na sua dignifica\u00e7\u00e3o, lutei contra os estere\u00f3tipos e preconceitos, e segui em frente. Minha carreira como professor e dan\u00e7arino deslanchou. Quando optei efetivamente pela dan\u00e7a como meio de sobreviv\u00eancia, h\u00e1 35 anos, a dan\u00e7a de sal\u00e3o era considerada lazer, atividade social, n\u00e3o era considerada uma profiss\u00e3o, a sociedade da \u00e9poca acreditava que a pessoa deveria ter um emprego formal e a dan\u00e7a seria um hobby ou uma segunda op\u00e7\u00e3o profissional.<\/p>\n\n\n\n<p><\/p>\n\n\n\n<p>\u00a0\u00a0 &#8211; J\u00e1 trabalhando com a dan\u00e7a pude ter o contato com grandes nomes como <strong>MARIA ANTONIETA<\/strong>, <strong>REGINA MIRANDA<\/strong>, <strong>ELBA RAMALHO<\/strong>, <strong>ANA BOTAFOGO<\/strong>, <strong>MARCELO MISAILIDIS<\/strong>, <strong>HELIO BEJANI<\/strong> entre outros que me trouxeram uma outra vis\u00e3o da dan\u00e7a. <a href=\"https:\/\/www.instagram.com\/carlinhosdejesus\/\">Aqui<\/a>.<\/p>\n\n\n\n<p><\/p>\n\n\n\n<p><strong>\u00a0Quais foram os seus maiores desafios no in\u00edcio de sua carreira? Quais os conselhos voc\u00ea d\u00e1 para quem sonha em ser uma refer\u00eancia da dan\u00e7a?<\/strong><\/p>\n\n\n\n<p><\/p>\n\n\n\n<p><strong>\u00a0R:<\/strong> Sou uma pessoa privilegiada. Posso dizer que estava sempre no lugar e na hora certos e os meus sonhos se superaram. Quando olho para tr\u00e1s e vejo a a minha trajet\u00f3ria de menino de fam\u00edlia simples do sub\u00farbio que consegue o reconhecimento do seu trabalho, s\u00f3 tenho que agradecer muito a Deus. Meu maior desafio, no entanto, foi deixar a minha vida estabilizada de funcion\u00e1rio p\u00fablico e optar exclusivamente pela DAN\u00c7A.<\/p>\n\n\n\n<p><\/p>\n\n\n\n<p>\u00a0 &#8211; Atualmente quem quiser se profissionalizar tem v\u00e1rias possibilidades: primeiro deve procurar uma escola com refer\u00eancia no mercado e um bom profissional que o ajudar\u00e1 a conhecer e superar suas limita\u00e7\u00f5es. Existem Universidades que oferecem o Curso de Dan\u00e7a e quem tem bacharelado em Dan\u00e7a estar\u00e1 apto a montar e coreografar espet\u00e1culos; dar aulas de dan\u00e7a e como bailarino \/ dan\u00e7arino ele dever\u00e1 ter o seu atestado de capacita\u00e7\u00e3o profissional fornecido pelo Sindicato dos Profissionais da Dan\u00e7a do seu Estado.<\/p>\n\n\n\n<p><\/p>\n\n\n\n<p>\u00a0\u00a0\u00a0 &#8211; As melhores oportunidades hoje s\u00e3o oferecidas para quem se capacita, e o curso superior traz um diferencial. Hoje podemos dizer que j\u00e1 existe a profiss\u00e3o de Professor e Dan\u00e7arino de Sal\u00e3o no Brasil, nossos profissionais est\u00e3o por toda a parte vivendo do seu trabalho.<\/p>\n\n\n\n<p><\/p>\n\n\n\n<p><strong><em>\u00a0Voc\u00ea tem mais de 30 anos dedicados a dan\u00e7a de sal\u00e3o, tendo sido pioneiro na campanha pela valoriza\u00e7\u00e3o, respeito e profissionaliza\u00e7\u00e3o do g\u00eanero no Brasil. Como voc\u00ea avalia a dan\u00e7a no momento atual da hist\u00f3ria?<\/em><\/strong><\/p>\n\n\n\n<p><\/p>\n\n\n\n<p><strong>\u00a0 R:<\/strong>\u00a0 A Dan\u00e7a de Sal\u00e3o ainda \u201cengatinha\u201d no Brasil. N\u00e3o temos patrocinadores, montar um espet\u00e1culo s\u00f3 com a \u201ccara e a coragem\u201d e no final ficar no preju\u00edzo&#8230; Por isso vemos os grandes talentos na dan\u00e7a optarem por sair do pa\u00eds, para crescer profissionalmente e financeiramente.<\/p>\n\n\n\n<p><\/p>\n\n\n\n<p>\u00a0 &#8211; Avalio ser necess\u00e1rio a desburocratiza\u00e7\u00e3o e o apoio do Governo e das Empresas Privadas para que possamos crescer. Temos talentos de sobra que acabam desistindo dos seus sonhos por ser muito dif\u00edcil sobreviver de arte no Brasil.<\/p>\n\n\n\n<p><\/p>\n\n\n\n<p>\u00a0\u00a0\u00a0 &#8211;\u00a0 Com a PANDEMIA, que est\u00e1 sendo o maior desafio da humanidade, a dan\u00e7a que \u00e9 arte de aglomera\u00e7\u00e3o, contato, multid\u00e3o, ficou sem p\u00fablico. Muita Academia de Dan\u00e7a fechou, a minha Escola de Dan\u00e7a que era uma casa grande no bairro de Botafogo se transformou em um Studio em Copacabana, tivemos que nos adaptar para sobreviver e, ainda estamos tentando retomar nosso trabalho.<\/p>\n\n\n\n<p><\/p>\n\n\n\n<p><strong><em>Como \u00e9 ser refer\u00eancia na dan\u00e7a e levar a paix\u00e3o pela dan\u00e7a, da zona sul do Rio de janeiro, para o mundo?<\/em><\/strong><\/p>\n\n\n\n<p><\/p>\n\n\n\n<p><strong>R:<\/strong> Tive muitos trabalhos que foram sucesso! Um deles, a que devo muito, \u00e9 o trabalho desenvolvido com <strong>Elba Ramalho<\/strong>. Dancei com ela no per\u00edodo de 1988 a 1994 por todo Brasil e pelo mundo, uma parceria determinante para minha profissionaliza\u00e7\u00e3o e proje\u00e7\u00e3o. As comiss\u00f5es de frente no Carnaval, por se tratar de um espet\u00e1culo que \u00e9 visto pelo mundo inteiro, tamb\u00e9m me ajudou a expandir a minha paix\u00e3o pela dan\u00e7a.<\/p>\n\n\n\n<p><\/p>\n\n\n\n<p><strong><em>Voc\u00ea tem uma hist\u00f3ria rica em acontecimentos apote\u00f3ticos. Em 2005 voc\u00ea virou biografia no livro intitulado &#8220;Vem dan\u00e7ar comigo&#8221; pela \u2018editora Gente\u2019. Como foi a experi\u00eancia de contar a sua hist\u00f3ria e como as pessoas podem fazer para adquirir o livro?<\/em><\/strong><\/p>\n\n\n\n<p><\/p>\n\n\n\n<p>\u00a0 <strong>R:<\/strong>\u00a0 Em 2004 a EDITORA GENTE, de S\u00e3o Paulo me procurou e me incentivou a escrever sobre a minha vida. Achei importante, comprei a ideia e o livro foi lan\u00e7ado na <strong>XII BIENAL DO LIVRO em 2005<\/strong>. Achava que as pessoas deveriam conhecer o artista na sua plenitude.<\/p>\n\n\n\n<p><\/p>\n\n\n\n<p>\u00a0\u00a0 &#8211; Fui autentico no meu relato, n\u00e3o quis colorir a minha est\u00f3ria. O artista tem limita\u00e7\u00e3o, dores, enfim sofre e \u00e9 um ser humano como qualquer outro. O fato de expor meus problemas de sa\u00fade foi com a inten\u00e7\u00e3o de me \u201clibertar do meu pr\u00f3prio preconceito\u201d e tamb\u00e9m de ajudar pessoas que passam pelos mesmos problemas. N\u00e3o teria sentido escrever um livro e omitir estas particularidades. Quis deixar um relato verdadeiro e se poss\u00edvel de ajuda a quebra de preconceitos. Infelizmente, hoje, o livro est\u00e1 esgotado e sem previs\u00e3o de nova tiragem&#8230;<\/p>\n\n\n\n<p><\/p>\n\n\n\n<p><strong><em>Qual a sua avalia\u00e7\u00e3o sobre a edi\u00e7\u00e3o da Dan\u00e7a dos famosos 2022?<\/em><\/strong><\/p>\n\n\n\n<p><\/p>\n\n\n\n<p>\u00a0<strong>R:<\/strong> Quando sou jurado observo principalmente o ritmo, entrosamento do casal e a fidelidade a dan\u00e7a apresentada. \u00c9 necess\u00e1rio cumplicidade, parceria e sintonia para que haja prazer e beleza na dan\u00e7a. A Dan\u00e7a dos Famosos modificou o status da dan\u00e7a a dois, que era vista como \u201ccoisa de velho\u201d, mas com a programa\u00e7\u00e3o do <strong>Doming\u00e3o do Faust\u00e3o<\/strong> e agora <strong>Doming\u00e3o com Hulk<\/strong> &#8211; <strong>TV GLOBO<\/strong>, a clientela modificou.<\/p>\n\n\n\n<p><\/p>\n\n\n\n<p>\u00a0\u00a0 &#8211; Os telespectadores se identificam muito com este quadro pois \u00e9 o retrato da supera\u00e7\u00e3o, e isto atraiu adultos e jovens para as escolas de dan\u00e7a. A Dan\u00e7a dos Famosos 2022 me surpreendeu pela qualidade art\u00edstica dos participantes. Foi realmente um show de dan\u00e7a, cen\u00e1rio, figurino, os participantes se entregando literalmente.<\/p>\n\n\n\n<p><\/p>\n\n\n\n<p><strong><em>\u00a0Para quem n\u00e3o sabe dan\u00e7ar nada \u00e9 poss\u00edvel aprender facilmente os primeiros passos? Quais os seus conselhos?<\/em><\/strong><\/p>\n\n\n\n<p><\/p>\n\n\n\n<p>\u00a0\u00a0<strong>R:<\/strong> Dan\u00e7ar \u00e9 muito f\u00e1cil, ainda mais para n\u00f3s brasileiros que temos a musicalidade nos nossos movimentos, nosso gingado \u00e9 especial e outra coisa que ajuda muito, \u00e9 o aprendizado, j\u00e1 que temos facilidade de assimila\u00e7\u00e3o \u00e9 muito simples acrescentar a atividade da dan\u00e7a na rotina de exerc\u00edcios porque dan\u00e7ar n\u00e3o tem segredo: brinco que se voc\u00ea faz os movimentos de levantar, sentar, andar, escovar os dentes, dar \u201cat\u00e9 logo\u201d, cruzar e descruzar as pernas, voc\u00ea vai aprender dan\u00e7ar&#8230; O necess\u00e1rio \u00e9 motiva\u00e7\u00e3o.<\/p>\n\n\n\n<p><\/p>\n\n\n\n<p>\u00a0\u00a0 &#8211; Temos v\u00e1rios exerc\u00edcios para alunos com mais dificuldade e observamos que a partir do momento que ele adquire confian\u00e7a e prazer com os seus movimentos o aprendizado \u00e9 autom\u00e1tico. A pessoa que dan\u00e7a \u00e9 mais desinibida, tem mais facilidade de entrosamento e tem mais postura. Acho que estes atributos s\u00e3o fundamentais para o cidad\u00e3o na sociedade moderna.<\/p>\n\n\n\n<p><\/p>\n\n\n\n<p>\u00a0\u00a0 &#8211; Hoje n\u00e3o adianta s\u00f3 o desenvolvimento intelectual. O profissional vitorioso \u00e9 aquele que tamb\u00e9m cuida da sua sa\u00fade f\u00edsica e mental. Posso dizer que a dan\u00e7a \u00e9 uma \u201ccarta de alforria\u201d que nos liberta de preconceitos, quebra paradigmas e nos conduz para novos horizontes.<\/p>\n\n\n\n<p><\/p>\n\n\n\n<p><strong><em>\u201cPosso dizer que a dan\u00e7a \u00e9 uma \u201ccarta de alforria\u201d que nos liberta de preconceitos, quebra paradigmas e nos conduz para novos horizontes\u201d, <\/em><\/strong><em>destacou Carlinhos de Jesus.<\/em><\/p>\n\n\n\n<p><\/p>\n\n\n\n<p><strong><em>\u00a0\u00a0 Na sua avalia\u00e7\u00e3o, qual a contribui\u00e7\u00e3o da dan\u00e7a para a terceira idade e na sa\u00fade como um todo?<\/em><\/strong><\/p>\n\n\n\n<p><\/p>\n\n\n\n<p>\u00a0\u00a0 <strong>R:<\/strong> \u00a0A Arte \u00e9 libertadora, ela tem o poder da transforma\u00e7\u00e3o, da comunica\u00e7\u00e3o, auxilia tanto os adultos quanto as crian\u00e7as na sua forma\u00e7\u00e3o, no desenvolvimento das suas habilidades, combate aos preconceitos e possibilita a intera\u00e7\u00e3o com o mundo. Enfim a dan\u00e7a \u00e9 extremamente importante no nosso crescimento pessoal e social. Quem dan\u00e7a \u00e9 disciplinado e \u201cfocado\u201d.<\/p>\n\n\n\n<p><\/p>\n\n\n\n<p>\u00a0\u00a0 &#8211; Quando dan\u00e7amos \u00e9 liberado no nosso organismo um horm\u00f4nio chamado Endorfina que \u00e9 o horm\u00f4nio da Felicidade. A dan\u00e7a \u00e9 indicada como terapia, recebemos alunos encaminhados por psiquiatras, terapeutas, ginecologistas, geriatras. Tenho v\u00e1rios depoimentos de idosos declarando que a dan\u00e7a os salvou da depress\u00e3o, da solid\u00e3o e que atrav\u00e9s dela conseguiram se integrar novamente a sociedade.<\/p>\n\n\n\n<p><\/p>\n\n\n\n<p>\u00a0 &#8211; \u00a0\u00c9 muito gratificante saber o quanto podemos fazer por estas pessoas que j\u00e1 est\u00e3o fora do mercado de trabalho, aposentadas, mas com muita energia e alegria de viver. Est\u00e1 provado, cientificamente, que a dan\u00e7a desenvolve o racioc\u00ednio, a parceria, ajuda na desinibi\u00e7\u00e3o, sociabiliza, e por ser uma atividade aer\u00f3bica ajuda no condicionamento card\u00edaco, muscular e esquel\u00e9tico. Enfim traz muitos benef\u00edcios a sa\u00fade f\u00edsica, mental e comportamental.<\/p>\n\n\n\n<p><\/p>\n\n\n\n<p><strong><em>\u00a0\u00a0 Para finalizar, qual a sua vis\u00e3o sobre o racismo e a homofobia no Brasil? Quais os caminhos para se combater a discrimina\u00e7\u00e3o e o discurso de \u00f3dio na sua concep\u00e7\u00e3o?<\/em><\/strong><\/p>\n\n\n\n<p><\/p>\n\n\n\n<p><strong>\u00a0\u00a0\u00a0 R:<\/strong>\u00a0 \u00c9 preciso primeiramente combater o racismo estrutural, reconhecer nossos atrasos, privil\u00e9gios e entender nossa posi\u00e7\u00e3o e lugares de fala. Precisamos ser, acima de tudo, antirracistas. Assim como precisamos enfrentar a homofobia no dia a dia. N\u00e3o d\u00e1 mais para replicarmos comportamentos e falas homof\u00f3bicas, racistas e mis\u00f3ginas disfar\u00e7ados de \u201cbrincadeiras\u201d.<\/p>\n\n\n\n<p><\/p>\n\n\n\n<p><strong><em>\u201c\u00c9 preciso primeiramente combater o racismo estrutural, reconhecer nossos atrasos, privil\u00e9gios e entender nossa posi\u00e7\u00e3o e lugares de fala\u201d<\/em><\/strong><em>, pontuou Carlinhos de Jesus.<\/em><\/p>\n\n\n\n<p><\/p>\n\n\n\n<p>\u00a0 &#8211;\u00a0 \u00c9 um longo caminho, j\u00e1 que a nossa hist\u00f3ria est\u00e1 associada \u00e0 discrimina\u00e7\u00e3o e viol\u00eancia. Os mecanismos de combate a toda desigualdade em que vivemos precisam levar isso em considera\u00e7\u00e3o.<\/p>\n\n\n\n<p><\/p>\n\n\n\n<p>\u00a0\u00a0 &#8211;\u00a0 Estamos vivendo um momento de muita intoler\u00e2ncia e irracionalidade. \u00c9 assustador acompanhar o notici\u00e1rio. Acho que para fazer frente a isso \u00e9 necess\u00e1rio que nos informemos, que busquemos informa\u00e7\u00e3o de qualidade, que saibamos o nosso papel e que votemos conscientes.<\/p>\n\n\n\n<p><\/p>\n\n\n\n<p><em>\u201c<strong>Acho que para fazer frente a isso \u00e9 necess\u00e1rio que nos informemos, que busquemos informa\u00e7\u00e3o de qualidade, que saibamos o nosso papel e que votemos conscientes<\/strong>\u201d, afirmou Carlinhos de Jesus<\/em><\/p>\n\n\n\n<p><\/p>\n\n\n\n<p><strong>A Jornada do Artista de sucesso com Carlinhos de Jesus. <\/strong>Acesse<a href=\"https:\/\/lepacademy.com.br\/pin-lp1\/\"><strong>aqui<\/strong><\/a><strong>. \u00a0<\/strong>Instagram. <a href=\"https:\/\/www.instagram.com\/carlinhosdejesus\/\">Aqui<\/a>. Acesse <a href=\"https:\/\/www.instagram.com\/joaocostaooficial\/\">aqui<\/a>.<\/p>\n\n\n\n<p><\/p>\n\n\n\n<p><\/p>\n","protected":false},"excerpt":{"rendered":"<p>\u00a0\u00a0\u00a0 Carlinhos de Jesus \u00e9 dan\u00e7arino, core\u00f3grafo e vive da m\u00fasica h\u00e1 mais de 30&#8230;<\/p>\n","protected":false},"author":2,"featured_media":5103,"comment_status":"closed","ping_status":"open","sticky":false,"template":"","format":"standard","meta":{"om_disable_all_campaigns":false,"_monsterinsights_skip_tracking":false,"_monsterinsights_sitenote_active":false,"_monsterinsights_sitenote_note":"","_monsterinsights_sitenote_category":0,"spay_email":""},"categories":[31],"tags":[362,363,45],"jetpack_featured_media_url":"https:\/\/vimagazine.com.br\/wp-content\/uploads\/2022\/07\/7e318f6f-13c4-459b-beb0-b4f9c300dc0e.jpg","_links":{"self":[{"href":"https:\/\/vimagazine.com.br\/index.php?rest_route=\/wp\/v2\/posts\/5102"}],"collection":[{"href":"https:\/\/vimagazine.com.br\/index.php?rest_route=\/wp\/v2\/posts"}],"about":[{"href":"https:\/\/vimagazine.com.br\/index.php?rest_route=\/wp\/v2\/types\/post"}],"author":[{"embeddable":true,"href":"https:\/\/vimagazine.com.br\/index.php?rest_route=\/wp\/v2\/users\/2"}],"replies":[{"embeddable":true,"href":"https:\/\/vimagazine.com.br\/index.php?rest_route=%2Fwp%2Fv2%2Fcomments&post=5102"}],"version-history":[{"count":1,"href":"https:\/\/vimagazine.com.br\/index.php?rest_route=\/wp\/v2\/posts\/5102\/revisions"}],"predecessor-version":[{"id":5104,"href":"https:\/\/vimagazine.com.br\/index.php?rest_route=\/wp\/v2\/posts\/5102\/revisions\/5104"}],"wp:featuredmedia":[{"embeddable":true,"href":"https:\/\/vimagazine.com.br\/index.php?rest_route=\/wp\/v2\/media\/5103"}],"wp:attachment":[{"href":"https:\/\/vimagazine.com.br\/index.php?rest_route=%2Fwp%2Fv2%2Fmedia&parent=5102"}],"wp:term":[{"taxonomy":"category","embeddable":true,"href":"https:\/\/vimagazine.com.br\/index.php?rest_route=%2Fwp%2Fv2%2Fcategories&post=5102"},{"taxonomy":"post_tag","embeddable":true,"href":"https:\/\/vimagazine.com.br\/index.php?rest_route=%2Fwp%2Fv2%2Ftags&post=5102"}],"curies":[{"name":"wp","href":"https:\/\/api.w.org\/{rel}","templated":true}]}}