{"id":5132,"date":"2022-07-28T17:52:24","date_gmt":"2022-07-28T20:52:24","guid":{"rendered":"https:\/\/vimagazine.com.br\/?p=5132"},"modified":"2022-07-28T17:52:27","modified_gmt":"2022-07-28T20:52:27","slug":"thiago-martins-faz-show-em-sao-paulo","status":"publish","type":"post","link":"https:\/\/vimagazine.com.br\/?p=5132","title":{"rendered":"Thiago Martins faz show em S\u00e3o Paulo"},"content":{"rendered":"\n<p>Diretamente do Morro do Vidigal, no Rio de Janeiro, <strong>Thiago Martins<\/strong> chega em S\u00e3o Paulo para mais uma apresenta\u00e7\u00e3o incr\u00edvel. No dia 31 de julho, a partir das 12h, acontece o Luau do Thiago Martins, no Esta\u00e7\u00e3o SP, no bairro do Tatuap\u00e9. Os ingressos j\u00e1 est\u00e3o dispon\u00edveis para venda.<\/p>\n\n\n\n<p>Conhecido por unir entretenimento de&nbsp; alta qualidade com beach sports, O Esta\u00e7\u00e3o SP promete ser palco de mais um show carregado de alto astral: \u201c<em>Adoro me apresentar em S\u00e3o Paulo, a galera sempre me recebe com a energia l\u00e1 em cima e isso \u00e9 muito gratificante<\/em>.\u201d, comenta Thiago.&nbsp;&nbsp;&nbsp;<\/p>\n\n\n\n<p>E as novidades n\u00e3o param, a noite tamb\u00e9m ter\u00e1 as apresenta\u00e7\u00f5es de Vitor Federado, dono do sucesso \u201cPerigosa\u201d, e a dupla sertaneja Jo\u00e3o Lucas e Leandro.<\/p>\n\n\n\n<h4>SERVI\u00c7O- Luau do Thiago Martins<\/h4>\n\n\n\n<p><strong>Data:<\/strong> 31 de Julho de 2022<\/p>\n\n\n\n<p><strong>Hor\u00e1rio: <\/strong>Abertura \u00e0s 12h&nbsp;<\/p>\n\n\n\n<p><strong>Local: <\/strong>Esta\u00e7\u00e3o SP Tatuap\u00e9<\/p>\n\n\n\n<p><strong>Endere\u00e7o:<\/strong> Rua Santa Virg\u00ednia, 628 &#8211; Tatuap\u00e9 &#8211; S\u00e3o Paulo &#8211; SP<\/p>\n\n\n\n<p><strong>Classifica\u00e7\u00e3o:<\/strong> Livre<\/p>\n\n\n\n<p><strong>Contatos Imprensa:<\/strong><\/p>\n\n\n\n<p>Carol Freitas Assessoria<\/p>\n\n\n\n<p><\/p>\n\n\n\n<p><a href=\"mailto:Carolfreitas.jornalista@gmail.com\" rel=\"noreferrer noopener\" target=\"_blank\">Carolfreitas.jornalista@gmail.com<\/a><\/p>\n","protected":false},"excerpt":{"rendered":"<p>Diretamente do Morro do Vidigal, no Rio de Janeiro, Thiago Martins chega em S\u00e3o Paulo&#8230;<\/p>\n","protected":false},"author":3,"featured_media":5133,"comment_status":"closed","ping_status":"open","sticky":false,"template":"","format":"standard","meta":{"om_disable_all_campaigns":false,"_monsterinsights_skip_tracking":false,"_monsterinsights_sitenote_active":false,"_monsterinsights_sitenote_note":"","_monsterinsights_sitenote_category":0,"spay_email":""},"categories":[1],"tags":[],"jetpack_featured_media_url":"https:\/\/vimagazine.com.br\/wp-content\/uploads\/2022\/07\/Credito-Vitor-Branco-e1659041473866.jpeg","_links":{"self":[{"href":"https:\/\/vimagazine.com.br\/index.php?rest_route=\/wp\/v2\/posts\/5132"}],"collection":[{"href":"https:\/\/vimagazine.com.br\/index.php?rest_route=\/wp\/v2\/posts"}],"about":[{"href":"https:\/\/vimagazine.com.br\/index.php?rest_route=\/wp\/v2\/types\/post"}],"author":[{"embeddable":true,"href":"https:\/\/vimagazine.com.br\/index.php?rest_route=\/wp\/v2\/users\/3"}],"replies":[{"embeddable":true,"href":"https:\/\/vimagazine.com.br\/index.php?rest_route=%2Fwp%2Fv2%2Fcomments&post=5132"}],"version-history":[{"count":1,"href":"https:\/\/vimagazine.com.br\/index.php?rest_route=\/wp\/v2\/posts\/5132\/revisions"}],"predecessor-version":[{"id":5134,"href":"https:\/\/vimagazine.com.br\/index.php?rest_route=\/wp\/v2\/posts\/5132\/revisions\/5134"}],"wp:featuredmedia":[{"embeddable":true,"href":"https:\/\/vimagazine.com.br\/index.php?rest_route=\/wp\/v2\/media\/5133"}],"wp:attachment":[{"href":"https:\/\/vimagazine.com.br\/index.php?rest_route=%2Fwp%2Fv2%2Fmedia&parent=5132"}],"wp:term":[{"taxonomy":"category","embeddable":true,"href":"https:\/\/vimagazine.com.br\/index.php?rest_route=%2Fwp%2Fv2%2Fcategories&post=5132"},{"taxonomy":"post_tag","embeddable":true,"href":"https:\/\/vimagazine.com.br\/index.php?rest_route=%2Fwp%2Fv2%2Ftags&post=5132"}],"curies":[{"name":"wp","href":"https:\/\/api.w.org\/{rel}","templated":true}]}}