{"id":5135,"date":"2022-07-28T17:58:25","date_gmt":"2022-07-28T20:58:25","guid":{"rendered":"https:\/\/vimagazine.com.br\/?p=5135"},"modified":"2022-07-28T17:58:28","modified_gmt":"2022-07-28T20:58:28","slug":"programacao-oficial-do-floripa-conecta-2022-tera-festivais-ineditos-de-luzes-musica-e-rodadas-de-negocios","status":"publish","type":"post","link":"https:\/\/vimagazine.com.br\/?p=5135","title":{"rendered":"Programa\u00e7\u00e3o oficial do Floripa Conecta 2022 ter\u00e1 festivais in\u00e9ditos de luzes, m\u00fasica e rodadas de neg\u00f3cios"},"content":{"rendered":"\n<p><em>Ser\u00e3o mais de 30 eventos entre os dias 4 a 14 de agosto. Projeto tem o prop\u00f3sito de reunir produtores de eventos e iniciativas p\u00fablicas e privadas durante um dos per\u00edodos menos ativos do ano<\/em><em><br><\/em><\/p>\n\n\n\n<p>O Floripa Conecta anunciou nesta quarta-feira (20) a programa\u00e7\u00e3o oficial da edi\u00e7\u00e3o 2022. Entre 4 e 14 de agosto, ser\u00e3o mais de 30 atra\u00e7\u00f5es nas \u00e1reas de tecnologia, gastronomia, empreendedorismo, cultura e turismo, entre outros setores que movimentam a economia criativa da Capital, al\u00e9m de eventos parceiros pr\u00e9 e p\u00f3s-Floripa Conecta. A retomada do projeto d\u00e1 vaz\u00e3o \u00e0s ideias e iniciativas que ficaram represadas durante os \u00faltimos dois anos em raz\u00e3o da pandemia.&nbsp; Entre os destaques da edi\u00e7\u00e3o 2022 est\u00e3o a Pop Pride Festival, o projeto Trilhas de Crian\u00e7a, o Rol\u00ea DasMina, Business Road Network e Startup Summit, entre outras.&nbsp;<\/p>\n\n\n\n<p><br>Alguns projetos far\u00e3o sua estreia durante o Floripa Conecta. \u00c9 o caso do <strong>Festival de Luzes de Florian\u00f3polis<\/strong>, evento in\u00e9dito que levar\u00e1 para a Lagoa da Concei\u00e7\u00e3o, o Centro e a SC-401 espet\u00e1culos de arte-m\u00eddia por meio de drones e proje\u00e7\u00e3o mapeada. Outra novidade \u00e9 o<strong> Pop Pride Festival,<\/strong> com Pabllo Vittar, Lia Clark e mais 8 artistas. Mais do que promover oito horas de m\u00fasica, o evento \u00e9 tamb\u00e9m uma plataforma de visibilidade e fortalecimento para a comunidade LGBTQIA+.<\/p>\n\n\n\n<p>\u2014 Esse movimento nasceu para promover o desenvolvimento econ\u00f4mico da cidade por meio da economia criativa, turismo e tecnologia. Esse movimento \u00e9 bom tanto para a popula\u00e7\u00e3o quanto para os pequenos e grandes neg\u00f3cios \u2014 diz Thaynan Mariano, executivo do Floripa Conecta.<\/p>\n\n\n\n<p>&nbsp;<strong>Para (re)descobrir a cidade<\/strong><strong><br><\/strong><\/p>\n\n\n\n<p>Ao agregar eventos realizados em diferentes bairros, o Floripa Conecta convida a popula\u00e7\u00e3o a redescobrir e reconhecer a cidade. Um dos projetos que integram a programa\u00e7\u00e3o, por exemplo, \u00e9 a <strong>Feira Amigos do Monte Serrat,<\/strong> no dia 6 de agosto. A Feira ser\u00e1 em um dos bairros hist\u00f3ricos do Maci\u00e7o do Morro da Cruz, no Centro. Outro destaque \u00e9 o projeto <strong>Trilhas de Crian\u00e7a<\/strong>, que promove experi\u00eancias afetivas com os biomas da Ilha para o p\u00fablico infantil. Essa atividade est\u00e1 agendada para 13 de agosto.<\/p>\n\n\n\n<p>No Norte da Ilha, a <strong>Feira Maria da Ilha<\/strong> prop\u00f5e o reconhecimento da cidade por meio da gastronomia t\u00edpica e da cultura. Afinal, Florian\u00f3polis j\u00e1 \u00e9 reconhecida desde 2004 pela Rede de Cidades Criativas pela Organiza\u00e7\u00e3o das Na\u00e7\u00f5es Unidas para a Educa\u00e7\u00e3o, a Ci\u00eancia e a Cultura (UNESCO) como uma \u201cCidade Criativa na \u00e1rea de Gastronomia\u201d.<\/p>\n\n\n\n<p><strong>Voca\u00e7\u00e3o para a m\u00fasica<\/strong><\/p>\n\n\n\n<p>Tamb\u00e9m est\u00e3o na programa\u00e7\u00e3o eventos que celebram e valorizam a m\u00fasica autoral e instrumental. Um deles \u00e9 o <strong>Music Sessions Floripa<\/strong>, que ocupa diferentes locais da Ilha e, pela primeira vez, ter\u00e1 uma edi\u00e7\u00e3o no Centro. E para quem gosta de m\u00fasica autoral, vale conferir a celebra\u00e7\u00e3o de <strong>10 anos dos Skrotes<\/strong>. O trio de m\u00fasica instrumental fez hist\u00f3ria na Ilha e ocupar\u00e1 o Centro Integrado de Cultura (CIC) com show, exposi\u00e7\u00e3o e mostra de cinema, entre outros.&nbsp;<\/p>\n\n\n\n<p>O <strong>Alma Festival<\/strong> tamb\u00e9m \u00e9 uma das novidades desta edi\u00e7\u00e3o do Floripa Conecta. O evento apresenta espet\u00e1culos com artistas consagrados, como Hamilton de Holanda e Curumim. O prop\u00f3sito \u00e9 celebrar a m\u00fasica marcada pela interculturalidade e intertextualidade de estilos.&nbsp;<\/p>\n\n\n\n<p>Para valorizar a produ\u00e7\u00e3o musical feita por mulheres, a <strong>DasMina<\/strong> Produtora apresenta um evento com artistas mulheres no Skate Drink Floripa, no Centro Hist\u00f3rico.&nbsp;&nbsp;<\/p>\n\n\n\n<p><strong>Rodas de Neg\u00f3cios e Capacita\u00e7\u00e3o para produtores<\/strong><\/p>\n\n\n\n<p><br>Uma das novidades desta edi\u00e7\u00e3o s\u00e3o as <strong>Rodas de Neg\u00f3cios<\/strong> entre produtores, agitadores culturais, empreendedores e entidades. Essas rodadas ser\u00e3o realizadas depois do dia 14 com o prop\u00f3sito de promover e facilitar colabora\u00e7\u00f5es e coopera\u00e7\u00f5es entre quem atua na \u00e1rea. A segunda novidade s\u00e3o <strong>oficinas de capacita\u00e7\u00e3o<\/strong> para produtores, com temas que abrangem desde capta\u00e7\u00e3o de recursos via leis de incentivo at\u00e9 como concorrer em editais, por exemplo.<\/p>\n\n\n\n<p>As principais entidades da cidade &#8211; SEBRAE, CDL, ACIF, FIESC, ACATE, Funda\u00e7\u00e3o CERTI, Prefeitura de Florian\u00f3polis e ABRASEL est\u00e3o unidas para que o Floripa Conecta possa ser um elo fundamental para gerar essa movimenta\u00e7\u00e3o do m\u00eas de agosto em Florian\u00f3polis. Mais informa\u00e7\u00f5es sobre todos os eventos participantes ser\u00e3o publicadas no<a href=\"https:\/\/www.instagram.com\/floripa.conecta\/\" target=\"_blank\" rel=\"noreferrer noopener\"><strong> perfil do Floripa Conecta<\/strong><\/a> no Instagram e no<a href=\"https:\/\/www.floripaconecta.com.br\/\" target=\"_blank\" rel=\"noreferrer noopener\"><strong> site<\/strong><\/a>.\u00a0<\/p>\n\n\n\n<figure class=\"wp-block-image size-large\"><img width=\"1024\" height=\"682\" src=\"https:\/\/vimagazine.com.br\/wp-content\/uploads\/2022\/07\/Paula-Borges-Instituto-Maratona-Cultural-1024x682.jpg\" alt=\"\" class=\"wp-image-5137\" srcset=\"https:\/\/vimagazine.com.br\/wp-content\/uploads\/2022\/07\/Paula-Borges-Instituto-Maratona-Cultural-1024x682.jpg 1024w, https:\/\/vimagazine.com.br\/wp-content\/uploads\/2022\/07\/Paula-Borges-Instituto-Maratona-Cultural-300x200.jpg 300w, https:\/\/vimagazine.com.br\/wp-content\/uploads\/2022\/07\/Paula-Borges-Instituto-Maratona-Cultural-768x512.jpg 768w, https:\/\/vimagazine.com.br\/wp-content\/uploads\/2022\/07\/Paula-Borges-Instituto-Maratona-Cultural.jpg 1280w\" sizes=\"(max-width: 1024px) 100vw, 1024px\" \/><\/figure>\n\n\n\n<p><strong>Floripa Conecta 2022<\/strong><\/p>\n\n\n\n<p>De 4 a 14 de agosto de 2022, em Florian\u00f3polis, Santa Catarina.<\/p>\n\n\n\n<p>Site: <a href=\"https:\/\/www.floripaconecta.com.br\/\" target=\"_blank\" rel=\"noreferrer noopener\"><strong>floripaconecta.com.br<\/strong><\/a><\/p>\n\n\n\n<p>Instagram: <a href=\"https:\/\/www.instagram.com\/floripa.conecta\/\" target=\"_blank\" rel=\"noreferrer noopener\"><strong>@floripa.conecta<\/strong><\/a><\/p>\n\n\n\n<p><strong>PROGRAMA\u00c7\u00c3O<\/strong><\/p>\n\n\n\n<p>23\/07 &#8211; Arraial Selina Floripa<\/p>\n\n\n\n<p>26\/07 &#8211; Encatho &amp; Exprotel<br>03\/08 &#8211; Skrotes 10 Anos Ocupa CIC<\/p>\n\n\n\n<p>03\/08 &#8211; Workshop Ambiente das Startups<\/p>\n\n\n\n<p>04\/08 &#8211; Startup Summit<\/p>\n\n\n\n<p>04\/08 &#8211; Observat\u00f3rio de Neg\u00f3cios do Sebrae\/SC<\/p>\n\n\n\n<p>04\/08 &#8211; Speed Connecting<\/p>\n\n\n\n<p>04\/08 &#8211; Visita\u00e7\u00f5es Projeto Tamar<\/p>\n\n\n\n<p>04\/08 &#8211; Alma Festival<\/p>\n\n\n\n<p>05\/08 &#8211; Festival de Luzes de Florian\u00f3polis<\/p>\n\n\n\n<p>05\/08 &#8211; Anivers\u00e1rio de 5 Anos da Bro Cave<\/p>\n\n\n\n<p>06\/08 &#8211; Business Road Network<\/p>\n\n\n\n<p>06\/08 &#8211; Feira Amigos do Monte Serrat<\/p>\n\n\n\n<p>06\/08 &#8211; Music Sessions Floripa<\/p>\n\n\n\n<p>06\/08 &#8211; Creatorsland<\/p>\n\n\n\n<p>06\/08 &#8211; JCI Florian\u00f3polis<\/p>\n\n\n\n<p>06\/08 &#8211; Show banda Tuyo<\/p>\n\n\n\n<p>09\/08 &#8211; Mulheres Empreendedoras<\/p>\n\n\n\n<p>10\/08 &#8211; Lan\u00e7amento Pr\u00eamio ACIF Mulheres que fazem a Diferen\u00e7a<\/p>\n\n\n\n<p>10\/08 &#8211; Workshop Maturidade de Governan\u00e7a<\/p>\n\n\n\n<p>11\/08 &#8211; ACIF Business Day<\/p>\n\n\n\n<p>11\/08 &#8211; CDL Inova+A\u00e7\u00e3o<\/p>\n\n\n\n<p>11\/08 &#8211; Rol\u00ea DasMina<\/p>\n\n\n\n<p>12\/08 &#8211; Feira Maria da Ilha<\/p>\n\n\n\n<p>12\/08 &#8211; PopPride Festival<\/p>\n\n\n\n<p>13\/08 &#8211; PoP-Up Store Coolringa (no festival Lado a Lado)<\/p>\n\n\n\n<p>13\/08 &#8211; Trilhas de Crian\u00e7a<\/p>\n\n\n\n<p>13\/08 &#8211; Lado B do Vinho Catarinense<\/p>\n\n\n\n<p>14\/08 &#8211; Ensaio Orquestra de Baterias<\/p>\n\n\n\n<p>15\/08 &#8211; TTDBRASIL &#8211; Congresso de Fotografia e Marketing<\/p>\n\n\n\n<p>18\/08 &#8211; Construtech Experience<\/p>\n\n\n\n<p>30\/08 &#8211; F\u00f3rum Estadual de Secret\u00e1rios de Desenvolvimento<\/p>\n\n\n\n<p>31\/08 &#8211; Encontro Estadual de Agentes de Desenvolvimento<\/p>\n\n\n\n<p>Thaynan Mariano \/ Executivo Floripa Conecta \/ (48) 99129-0065 \/ @thaynanmariano<\/p>\n\n\n\n<p><br>Balaclava Studio:<\/p>\n\n\n\n<p>Fabricio Faustin \/ Diretor de Comunica\u00e7\u00e3o \/ (48) 99809-6847 \/ @fabriciofaustin&nbsp;<\/p>\n\n\n\n<p>Thuanny \/Dire\u00e7\u00e3o Criativa Comunica\u00e7\u00e3o e Rede\/ (48) 99609-7663 @thuanny___<\/p>\n\n\n\n<p>Yasmine Holanda \/ Comunica\u00e7\u00e3o Institucional \/ (48) 99953-8576 \/ @yasmineholanda<br>Carol Mac\u00e1rio \/ Comunica\u00e7\u00e3o Institucional \/ (48) 99930-5598 \/ @carolmacarioo&nbsp;<\/p>\n\n\n\n<p>Juliana Rabelo \/&nbsp; Comunica\u00e7\u00e3o Digital \/ (48)&nbsp; 99675-5696 \/ @jurabelo&nbsp;<\/p>\n\n\n\n<p>O Floripa Conecta tem comunica\u00e7\u00e3o, planejamento e organiza\u00e7\u00e3o assinados por Thaynan Mariano e Balaclava Studio (@balaclavastudio e <a href=\"http:\/\/balaclavastudio.com.br\/\" target=\"_blank\" rel=\"noreferrer noopener\">balaclavastudio.com.br<\/a>).<\/p>\n\n\n\n<p>yasmine holanda fiorini<br><a href=\"https:\/\/yasss.com.br\/\" target=\"_blank\" rel=\"noreferrer noopener\"><strong>yasss<\/strong><\/a><br><strong><a href=\"https:\/\/www.instagram.com\/yasmineholanda\/\" target=\"_blank\" rel=\"noreferrer noopener\">@yasmineholanda<\/a><\/strong><\/p>\n\n\n\n<figure class=\"wp-block-image size-large\"><img width=\"1024\" height=\"682\" src=\"https:\/\/vimagazine.com.br\/wp-content\/uploads\/2022\/07\/MG_0948-1024x682.jpg\" alt=\"\" class=\"wp-image-5138\" srcset=\"https:\/\/vimagazine.com.br\/wp-content\/uploads\/2022\/07\/MG_0948-1024x682.jpg 1024w, https:\/\/vimagazine.com.br\/wp-content\/uploads\/2022\/07\/MG_0948-300x200.jpg 300w, https:\/\/vimagazine.com.br\/wp-content\/uploads\/2022\/07\/MG_0948-768x512.jpg 768w, https:\/\/vimagazine.com.br\/wp-content\/uploads\/2022\/07\/MG_0948.jpg 1280w\" sizes=\"(max-width: 1024px) 100vw, 1024px\" \/><\/figure>\n\n\n\n<figure class=\"wp-block-image size-large\"><img width=\"682\" height=\"1024\" src=\"https:\/\/vimagazine.com.br\/wp-content\/uploads\/2022\/07\/Lesly-Monrat-trilhas-de-crianca-682x1024.jpg\" alt=\"\" class=\"wp-image-5139\" srcset=\"https:\/\/vimagazine.com.br\/wp-content\/uploads\/2022\/07\/Lesly-Monrat-trilhas-de-crianca-682x1024.jpg 682w, https:\/\/vimagazine.com.br\/wp-content\/uploads\/2022\/07\/Lesly-Monrat-trilhas-de-crianca-200x300.jpg 200w, https:\/\/vimagazine.com.br\/wp-content\/uploads\/2022\/07\/Lesly-Monrat-trilhas-de-crianca-768x1152.jpg 768w, https:\/\/vimagazine.com.br\/wp-content\/uploads\/2022\/07\/Lesly-Monrat-trilhas-de-crianca.jpg 853w\" sizes=\"(max-width: 682px) 100vw, 682px\" \/><\/figure>\n\n\n\n<figure class=\"wp-block-image size-large\"><img width=\"1024\" height=\"682\" src=\"https:\/\/vimagazine.com.br\/wp-content\/uploads\/2022\/07\/B.ART-DasMina-produtora-1024x682.jpg\" alt=\"\" class=\"wp-image-5140\" srcset=\"https:\/\/vimagazine.com.br\/wp-content\/uploads\/2022\/07\/B.ART-DasMina-produtora-1024x682.jpg 1024w, https:\/\/vimagazine.com.br\/wp-content\/uploads\/2022\/07\/B.ART-DasMina-produtora-300x200.jpg 300w, https:\/\/vimagazine.com.br\/wp-content\/uploads\/2022\/07\/B.ART-DasMina-produtora-768x512.jpg 768w, https:\/\/vimagazine.com.br\/wp-content\/uploads\/2022\/07\/B.ART-DasMina-produtora.jpg 1280w\" sizes=\"(max-width: 1024px) 100vw, 1024px\" \/><\/figure>\n","protected":false},"excerpt":{"rendered":"<p>Ser\u00e3o mais de 30 eventos entre os dias 4 a 14 de agosto. Projeto tem&#8230;<\/p>\n","protected":false},"author":3,"featured_media":5136,"comment_status":"closed","ping_status":"open","sticky":false,"template":"","format":"standard","meta":{"om_disable_all_campaigns":false,"_monsterinsights_skip_tracking":false,"_monsterinsights_sitenote_active":false,"_monsterinsights_sitenote_note":"","_monsterinsights_sitenote_category":0,"spay_email":""},"categories":[1],"tags":[],"jetpack_featured_media_url":"https:\/\/vimagazine.com.br\/wp-content\/uploads\/2022\/07\/Gabriel-Pereira-Alma-Festival-e1659041771935.jpg","_links":{"self":[{"href":"https:\/\/vimagazine.com.br\/index.php?rest_route=\/wp\/v2\/posts\/5135"}],"collection":[{"href":"https:\/\/vimagazine.com.br\/index.php?rest_route=\/wp\/v2\/posts"}],"about":[{"href":"https:\/\/vimagazine.com.br\/index.php?rest_route=\/wp\/v2\/types\/post"}],"author":[{"embeddable":true,"href":"https:\/\/vimagazine.com.br\/index.php?rest_route=\/wp\/v2\/users\/3"}],"replies":[{"embeddable":true,"href":"https:\/\/vimagazine.com.br\/index.php?rest_route=%2Fwp%2Fv2%2Fcomments&post=5135"}],"version-history":[{"count":1,"href":"https:\/\/vimagazine.com.br\/index.php?rest_route=\/wp\/v2\/posts\/5135\/revisions"}],"predecessor-version":[{"id":5141,"href":"https:\/\/vimagazine.com.br\/index.php?rest_route=\/wp\/v2\/posts\/5135\/revisions\/5141"}],"wp:featuredmedia":[{"embeddable":true,"href":"https:\/\/vimagazine.com.br\/index.php?rest_route=\/wp\/v2\/media\/5136"}],"wp:attachment":[{"href":"https:\/\/vimagazine.com.br\/index.php?rest_route=%2Fwp%2Fv2%2Fmedia&parent=5135"}],"wp:term":[{"taxonomy":"category","embeddable":true,"href":"https:\/\/vimagazine.com.br\/index.php?rest_route=%2Fwp%2Fv2%2Fcategories&post=5135"},{"taxonomy":"post_tag","embeddable":true,"href":"https:\/\/vimagazine.com.br\/index.php?rest_route=%2Fwp%2Fv2%2Ftags&post=5135"}],"curies":[{"name":"wp","href":"https:\/\/api.w.org\/{rel}","templated":true}]}}