{"id":5142,"date":"2022-07-28T18:05:42","date_gmt":"2022-07-28T21:05:42","guid":{"rendered":"https:\/\/vimagazine.com.br\/?p=5142"},"modified":"2022-07-28T18:05:45","modified_gmt":"2022-07-28T21:05:45","slug":"tulio-cordeiro-organizador-estadual-do-miss-santa-catarina-terra-2022","status":"publish","type":"post","link":"https:\/\/vimagazine.com.br\/?p=5142","title":{"rendered":"T\u00falio Cordeiro organizador estadual do Miss Santa Catarina Terra 2022"},"content":{"rendered":"\n<p><strong>Empres\u00e1rio e Diretor da Crazy\u00b4s Models, T\u00falio Cordeiro, com 42 anos de carreira no mundo Miss, \u00e9 o organizador estadual do Miss Santa Catarina Terra 2022<\/strong><\/p>\n\n\n\n<p>T\u00falio Cordeiro \u00e9 empres\u00e1rio, jornalista, produtor, core\u00f3grafo de concursos e organizador estadual do Miss Santa Catarina Terra 2022. O&nbsp;<em>start<\/em>&nbsp;oficial das inscri\u00e7\u00f5es para candidatas e coordenadores municipais que desejam participar da edi\u00e7\u00e3o 2022, ocorreu em 11 de Julho e se encerram em 29 de Agosto de 2022.<\/p>\n\n\n\n<p>O concurso no qual eleger\u00e1 a Miss catarinense est\u00e1 associado a franquia MISS EARTH, que est\u00e1 no rol dos quatros concursos de beleza mais prestigiados no mundo. O MISS EARTH se posiciona como um evento internacional que canaliza a ind\u00fastria de concursos de beleza como uma ferramenta eficaz para promover a conscientiza\u00e7\u00e3o ambiental. Al\u00e9m de uma forte \u00eanfase nos programas de prote\u00e7\u00e3o ambiental, o MISS EARTH tamb\u00e9m visa mostrar e promover v\u00e1rios destinos tur\u00edsticos. Todos os anos, mais de 80 representantes de todo o mundo competem em beleza e conhecimento de quest\u00f5es ambientais. <\/p>\n\n\n\n<p>A vencedora do MISS EARTH servir\u00e1 como embaixadora das campanhas de prote\u00e7\u00e3o ambiental em todo o mundo. MISS EARTH continua a construir sua reputa\u00e7\u00e3o como o evento de beleza mais relevante e valioso do mundo, deixando um legado de beleza e responsabilidade. O concurso \u00e9 uma busca pelas mulheres mais bonitas da Terra para servir de modelo dedicado a defender a defesa da preserva\u00e7\u00e3o e restaura\u00e7\u00e3o da M\u00e3e Terra.<\/p>\n\n\n\n<p>&nbsp;A edi\u00e7\u00e3o catarinense organizada por T\u00falio acontecer\u00e1 em 03 de Setembro de 2022 com a escolha da Miss Santa Catarina Terra 2022, a partir das 22:00h, no Clube Aririb\u00e1, localizado na Av:&nbsp;das Arapongas, 700 &#8211; Aririb\u00e1,&nbsp;Balne\u00e1rio Cambori\u00fa\/SC &#8211; CEP:88338-630.<\/p>\n\n\n\n<p><strong>CONTATO<\/strong><\/p>\n\n\n\n<p>E-mail:&nbsp;<a href=\"mailto:tulio.crazys@gmail.com\" target=\"_blank\" rel=\"noreferrer noopener\">tulio.crazys@gmail.com<\/a><\/p>\n\n\n\n<p>WhatsApp: (47) 99985.3720<\/p>\n\n\n\n<p><strong>INSCRI\u00c7\u00d5ES CANDIDATAS<\/strong><\/p>\n\n\n\n<p>O regulamento e a ficha de inscri\u00e7\u00e3o est\u00e3o dispon\u00edveis no site<\/p>\n\n\n\n<p><a href=\"http:\/\/www.misssantacatarinaoficial.com.br\/portal\/inscricoes-2022\/\" rel=\"noreferrer noopener\" target=\"_blank\">http:\/\/www.misssantacatarinaoficial.com.br\/portal\/inscricoes-2022\/<\/a><\/p>\n\n\n\n<p><strong>INSCRI\u00c7\u00d5ES COORDENADOR MUNICIPAL<\/strong><\/p>\n\n\n\n<p>Interessados devem entrar em contato diretamente com T\u00falio Cordeiro<\/p>\n\n\n\n<p>WhatsApp: (47) 99985.3720<\/p>\n\n\n\n<p>ASSESSORIA DE COMUNICA\u00c7\u00c3O<\/p>\n\n\n\n<p>T\u00e1, e o Marketing?<\/p>\n\n\n\n<p>Tatieni Abreu<\/p>\n\n\n\n<p><\/p>\n","protected":false},"excerpt":{"rendered":"<p>Empres\u00e1rio e Diretor da Crazy\u00b4s Models, T\u00falio Cordeiro, com 42 anos de carreira no mundo&#8230;<\/p>\n","protected":false},"author":3,"featured_media":5143,"comment_status":"closed","ping_status":"open","sticky":false,"template":"","format":"standard","meta":{"om_disable_all_campaigns":false,"_monsterinsights_skip_tracking":false,"_monsterinsights_sitenote_active":false,"_monsterinsights_sitenote_note":"","_monsterinsights_sitenote_category":0,"spay_email":""},"categories":[1],"tags":[],"jetpack_featured_media_url":"https:\/\/vimagazine.com.br\/wp-content\/uploads\/2022\/07\/Tulio-Cordeiro-e1659042134461.jpeg","_links":{"self":[{"href":"https:\/\/vimagazine.com.br\/index.php?rest_route=\/wp\/v2\/posts\/5142"}],"collection":[{"href":"https:\/\/vimagazine.com.br\/index.php?rest_route=\/wp\/v2\/posts"}],"about":[{"href":"https:\/\/vimagazine.com.br\/index.php?rest_route=\/wp\/v2\/types\/post"}],"author":[{"embeddable":true,"href":"https:\/\/vimagazine.com.br\/index.php?rest_route=\/wp\/v2\/users\/3"}],"replies":[{"embeddable":true,"href":"https:\/\/vimagazine.com.br\/index.php?rest_route=%2Fwp%2Fv2%2Fcomments&post=5142"}],"version-history":[{"count":1,"href":"https:\/\/vimagazine.com.br\/index.php?rest_route=\/wp\/v2\/posts\/5142\/revisions"}],"predecessor-version":[{"id":5144,"href":"https:\/\/vimagazine.com.br\/index.php?rest_route=\/wp\/v2\/posts\/5142\/revisions\/5144"}],"wp:featuredmedia":[{"embeddable":true,"href":"https:\/\/vimagazine.com.br\/index.php?rest_route=\/wp\/v2\/media\/5143"}],"wp:attachment":[{"href":"https:\/\/vimagazine.com.br\/index.php?rest_route=%2Fwp%2Fv2%2Fmedia&parent=5142"}],"wp:term":[{"taxonomy":"category","embeddable":true,"href":"https:\/\/vimagazine.com.br\/index.php?rest_route=%2Fwp%2Fv2%2Fcategories&post=5142"},{"taxonomy":"post_tag","embeddable":true,"href":"https:\/\/vimagazine.com.br\/index.php?rest_route=%2Fwp%2Fv2%2Ftags&post=5142"}],"curies":[{"name":"wp","href":"https:\/\/api.w.org\/{rel}","templated":true}]}}