{"id":5155,"date":"2022-07-29T17:52:45","date_gmt":"2022-07-29T20:52:45","guid":{"rendered":"https:\/\/vimagazine.com.br\/?p=5155"},"modified":"2022-07-29T17:53:20","modified_gmt":"2022-07-29T20:53:20","slug":"espetaculo-menino-gigante-foi-um-sucesso-e-retorna-aos-palcos-da-harmonia-lyra-junto-com-o-projeto-arte-nas-escolas-da-unicred","status":"publish","type":"post","link":"https:\/\/vimagazine.com.br\/?p=5155","title":{"rendered":"Espet\u00e1culo Menino Gigante foi um sucesso e retorna aos palcos da Harmonia Lyra junto com o projeto Arte nas Escolas da Unicred"},"content":{"rendered":"\n<figure class=\"wp-block-image size-full\"><img width=\"826\" height=\"402\" src=\"https:\/\/vimagazine.com.br\/wp-content\/uploads\/2022\/07\/WhatsApp-Image-2022-07-29-at-17.46.01.jpeg\" alt=\"\" class=\"wp-image-5157\" srcset=\"https:\/\/vimagazine.com.br\/wp-content\/uploads\/2022\/07\/WhatsApp-Image-2022-07-29-at-17.46.01.jpeg 826w, https:\/\/vimagazine.com.br\/wp-content\/uploads\/2022\/07\/WhatsApp-Image-2022-07-29-at-17.46.01-300x146.jpeg 300w, https:\/\/vimagazine.com.br\/wp-content\/uploads\/2022\/07\/WhatsApp-Image-2022-07-29-at-17.46.01-768x374.jpeg 768w\" sizes=\"(max-width: 826px) 100vw, 826px\" \/><\/figure>\n\n\n\n<p>O Menino Gigante foi criado com o intuito de levar m\u00fasica e informa\u00e7\u00e3o sobre o nosso Brasil para as crian\u00e7as, transformando assim a ida ao teatro, num momento \u00fanico e inesquec\u00edvel! E quando os membros de uma organiza\u00e7\u00e3o entendem que juntos podem causar grandes impactos na sociedade, eles criam uma atmosfera positiva que se espalha e permite transformar muitas vidas. N\u00f3s do ISAM, juntamente com a Unicred, sabemos da import\u00e2ncia de colocar em pr\u00e1tica iniciativas para valorizar o ser humano e preservar o meio ambiente.<\/p>\n\n\n\n<p><br>Por isso, juntamos nossas for\u00e7as, nesta edi\u00e7\u00e3o, e o Menino Gigante, vai fazer parte do projeto social Arte nas Escolas, iniciativa do Motorcoop &#8211; Plataforma de a\u00e7\u00f5es Sociais \/ Educaionais \/ Ambientais da Unicred Uni\u00e3o, que oferece oficinas de teatro, m\u00fasica, fotografia e artesanato para estudantes da rede p\u00fablica, e at\u00e9 o momento j\u00e1 foram atendidos mais de 8,5 mil estudantes.<\/p>\n\n\n\n<p><br>O evento ter\u00e1 tr\u00eas sess\u00f5es gratuitas para as crian\u00e7as da rede p\u00fablica e para convidados.<br>O espet\u00e1culo: O Menino Gigante, fala sobre o Brasil! Com composi\u00e7\u00f5es de Cezar Elbert, o repert\u00f3rio e enredo enaltecem nosso pa\u00eds!<br>Instituto Social Arte Maior &#8211; ISAM<br>Rua Lages 59, Centro &#8211; CEP 89201-205 &#8211; Joinville\/SC<\/p>\n\n\n\n<p>Neste espet\u00e1culo, contaremos com cerca de 60 m\u00fasicos e artistas de diferentes forma\u00e7\u00f5es e idades, oportunizando uma viv\u00eancia art\u00edstica coletiva entre os participantes do projeto e oferecendo ao p\u00fablico uma experi\u00eancia cultural<br>diferenciada. Lembrando que grande parte do Coral \u00e9 formado por crian\u00e7as bolsistas do programa de Forma\u00e7\u00e3o Musical do ISAM.<\/p>\n\n\n\n<p><br>Al\u00e9m da participa\u00e7\u00e3o de estudantes da rede p\u00fablica de ensino, incluindo transporte de ida e volta at\u00e9 a Harmonia Lyra para viabilizar a presen\u00e7a de cada um, nosso Musical Menino Gigante, ter\u00e1 plateia participativa, ou seja, as crian\u00e7as ter\u00e3o intera\u00e7\u00e3o com os m\u00fasicos e atores, fazendo parte assim do espet\u00e1culo tamb\u00e9m!<br>Os alunos tiveram aulas e treinamentos atrav\u00e9s de apostila criada para o projeto e far\u00e3o a participa\u00e7\u00e3o nas grandes noites do espet\u00e1culo.<\/p>\n\n\n\n<p> Nesta temporada em especial, ter\u00e3o dicas sobre educa\u00e7\u00e3o financeira com a Unicred.<br>Com cen\u00e1rios e figurinos de Lucas David, dire\u00e7\u00e3o de K\u00e1tia Siqueira e produ\u00e7\u00e3o executiva de F\u00e1bio Martins. Com toda certeza, ser\u00e1 uma viagem incr\u00edvel por nossas terras, trazendo cultura, m\u00fasica e alegria!<br>Entrada gratuita, por\u00e9m o p\u00fablico \u00e9 convidado a contribuir com 2kg de alimento n\u00e3o perec\u00edvel que ser\u00e1 doado ao Lar Abdon Batista de Joinville <\/p>\n\n\n\n<p><br><strong>O QUE: MUSICAL O MENINO GIGANTE<\/strong><br><strong>QUANDO:<\/strong> 3 e 4 de agosto de 2022 &#8211; sess\u00e3o aberta ao p\u00fablico &#8211; 4 de agosto as 20hs.<br><strong>ONDE:<\/strong> Sociedade Harmonia Lyra<br>I<strong>ngressos:<\/strong><\/p>\n\n\n\n<p><br>https:\/\/www.eventbrite.com.br\/e\/o-menino-gigante-unicred-tickets-388032314097<br>Doa\u00e7\u00e3o de 2kg de alimento n\u00e3o perec\u00edvel que ser\u00e3o doados para o Lar Abdon Batista<br>MAIS INFORMA\u00c7\u00d5ES E AGENDAMENTOS: JU PAMPLONA &#8211; 47. 99995.5588<br>https:\/\/www.instagram.com\/isam.org.br\/<\/p>\n\n\n\n<p>Instituto Social Arte Maior &#8211; ISAM<br>Rua Lages 59, Centro &#8211; CEP 89201-205 &#8211; Joinville\/SC<\/p>\n\n\n\n<p><strong>Fotos pro Robson Khalaf<\/strong><\/p>\n\n\n\n<figure class=\"wp-block-image size-large\"><img width=\"768\" height=\"1024\" src=\"https:\/\/vimagazine.com.br\/wp-content\/uploads\/2022\/07\/a1618acc-38f9-4a52-80f0-48a6b65e27e8-768x1024.jpg\" alt=\"\" class=\"wp-image-5158\" srcset=\"https:\/\/vimagazine.com.br\/wp-content\/uploads\/2022\/07\/a1618acc-38f9-4a52-80f0-48a6b65e27e8-768x1024.jpg 768w, https:\/\/vimagazine.com.br\/wp-content\/uploads\/2022\/07\/a1618acc-38f9-4a52-80f0-48a6b65e27e8-225x300.jpg 225w, https:\/\/vimagazine.com.br\/wp-content\/uploads\/2022\/07\/a1618acc-38f9-4a52-80f0-48a6b65e27e8.jpg 802w\" sizes=\"(max-width: 768px) 100vw, 768px\" \/><\/figure>\n\n\n\n<figure class=\"wp-block-image size-large\"><img width=\"796\" height=\"1024\" src=\"https:\/\/vimagazine.com.br\/wp-content\/uploads\/2022\/07\/0b705bff-49da-4b1b-b0fd-1e1df9a014e7-1-796x1024.jpg\" alt=\"\" class=\"wp-image-5160\" srcset=\"https:\/\/vimagazine.com.br\/wp-content\/uploads\/2022\/07\/0b705bff-49da-4b1b-b0fd-1e1df9a014e7-1-796x1024.jpg 796w, https:\/\/vimagazine.com.br\/wp-content\/uploads\/2022\/07\/0b705bff-49da-4b1b-b0fd-1e1df9a014e7-1-233x300.jpg 233w, https:\/\/vimagazine.com.br\/wp-content\/uploads\/2022\/07\/0b705bff-49da-4b1b-b0fd-1e1df9a014e7-1-768x988.jpg 768w, https:\/\/vimagazine.com.br\/wp-content\/uploads\/2022\/07\/0b705bff-49da-4b1b-b0fd-1e1df9a014e7-1.jpg 822w\" sizes=\"(max-width: 796px) 100vw, 796px\" \/><\/figure>\n\n\n\n<figure class=\"wp-block-image size-full\"><img width=\"819\" height=\"980\" src=\"https:\/\/vimagazine.com.br\/wp-content\/uploads\/2022\/07\/ca2b4cbc-49bd-42cd-82f8-5006387bb341.jpg\" alt=\"\" class=\"wp-image-5161\" srcset=\"https:\/\/vimagazine.com.br\/wp-content\/uploads\/2022\/07\/ca2b4cbc-49bd-42cd-82f8-5006387bb341.jpg 819w, https:\/\/vimagazine.com.br\/wp-content\/uploads\/2022\/07\/ca2b4cbc-49bd-42cd-82f8-5006387bb341-251x300.jpg 251w, https:\/\/vimagazine.com.br\/wp-content\/uploads\/2022\/07\/ca2b4cbc-49bd-42cd-82f8-5006387bb341-768x919.jpg 768w\" sizes=\"(max-width: 819px) 100vw, 819px\" \/><\/figure>\n","protected":false},"excerpt":{"rendered":"<p>O Menino Gigante foi criado com o intuito de levar m\u00fasica e informa\u00e7\u00e3o sobre o&#8230;<\/p>\n","protected":false},"author":3,"featured_media":5156,"comment_status":"closed","ping_status":"open","sticky":false,"template":"","format":"standard","meta":{"om_disable_all_campaigns":false,"_monsterinsights_skip_tracking":false,"_monsterinsights_sitenote_active":false,"_monsterinsights_sitenote_note":"","_monsterinsights_sitenote_category":0,"spay_email":""},"categories":[1],"tags":[],"jetpack_featured_media_url":"https:\/\/vimagazine.com.br\/wp-content\/uploads\/2022\/07\/e8bb2747-e63b-445c-8e79-fcf885dc7d7c.jpg","_links":{"self":[{"href":"https:\/\/vimagazine.com.br\/index.php?rest_route=\/wp\/v2\/posts\/5155"}],"collection":[{"href":"https:\/\/vimagazine.com.br\/index.php?rest_route=\/wp\/v2\/posts"}],"about":[{"href":"https:\/\/vimagazine.com.br\/index.php?rest_route=\/wp\/v2\/types\/post"}],"author":[{"embeddable":true,"href":"https:\/\/vimagazine.com.br\/index.php?rest_route=\/wp\/v2\/users\/3"}],"replies":[{"embeddable":true,"href":"https:\/\/vimagazine.com.br\/index.php?rest_route=%2Fwp%2Fv2%2Fcomments&post=5155"}],"version-history":[{"count":2,"href":"https:\/\/vimagazine.com.br\/index.php?rest_route=\/wp\/v2\/posts\/5155\/revisions"}],"predecessor-version":[{"id":5163,"href":"https:\/\/vimagazine.com.br\/index.php?rest_route=\/wp\/v2\/posts\/5155\/revisions\/5163"}],"wp:featuredmedia":[{"embeddable":true,"href":"https:\/\/vimagazine.com.br\/index.php?rest_route=\/wp\/v2\/media\/5156"}],"wp:attachment":[{"href":"https:\/\/vimagazine.com.br\/index.php?rest_route=%2Fwp%2Fv2%2Fmedia&parent=5155"}],"wp:term":[{"taxonomy":"category","embeddable":true,"href":"https:\/\/vimagazine.com.br\/index.php?rest_route=%2Fwp%2Fv2%2Fcategories&post=5155"},{"taxonomy":"post_tag","embeddable":true,"href":"https:\/\/vimagazine.com.br\/index.php?rest_route=%2Fwp%2Fv2%2Ftags&post=5155"}],"curies":[{"name":"wp","href":"https:\/\/api.w.org\/{rel}","templated":true}]}}