{"id":5164,"date":"2022-07-29T18:06:01","date_gmt":"2022-07-29T21:06:01","guid":{"rendered":"https:\/\/vimagazine.com.br\/?p=5164"},"modified":"2022-07-29T18:06:04","modified_gmt":"2022-07-29T21:06:04","slug":"matheus-mare-canta-cartola-adoniran-barbosa-e-dorival-caymmi","status":"publish","type":"post","link":"https:\/\/vimagazine.com.br\/?p=5164","title":{"rendered":"Matheus Mar\u00ea canta Cartola, Adoniran Barbosa e Dorival Caymmi"},"content":{"rendered":"\n<p>O cantor e compositor Matheus Mar\u00ea lan\u00e7a o show Tri-butos, em uma bela homenagem aos tr\u00eas grandes compositores de inesquec\u00edveis obras do nosso samba; Adoniran Barbosa, Cartola e Dorival Caymmi.<\/p>\n\n\n\n<p><br>A apresenta\u00e7\u00e3o vai acontecer no Teatro Pedro Ivo em Florian\u00f3polis no pr\u00f3ximo dia 26 de agosto. O show visa o resgate do cancioneiro popular brasileiro, atrav\u00e9s da rever\u00eancia, em forma de homenagem do artista aos tr\u00eas grandes compositores do samba.<\/p>\n\n\n\n<p><br>O p\u00fablico de Florian\u00f3polis poder\u00e1 apreciar num s\u00f3 show, lindas can\u00e7\u00f5es que atravessam gera\u00e7\u00f5es, resgatando a mem\u00f3ria cultural do pa\u00eds em um espet\u00e1culo memor\u00e1vel, que causar\u00e1 ao p\u00fablico uma mistura de sensa\u00e7\u00f5es. As can\u00e7\u00f5es ser\u00e3o apresentadas em dois formatos: (solo) viol\u00e3o e voz e (quinteto) com quatro m\u00fasicos acompanhantes (multi-instrumentistas) com arranjos que seguem fielmente os desenhos harm\u00f4nicos das obras originais.<\/p>\n\n\n\n<p><br>\u201cO show Tri-butos ser\u00e1 uma celebra\u00e7\u00e3o! Adoniran, Cartola e Dorival representam com muita propriedade os tr\u00eas grandes centros do g\u00eanero: S\u00e3o Paulo, Rio de Janeiro e Bahia. Cada um carrega em sua obra, caracter\u00edsticas<br>culturais e musicais espec\u00edficas de sua regi\u00e3o. Juntar o legado desses mestres em um s\u00f3 espet\u00e1culo \u00e9 celebrar a vida e o samba em sua forma mais pura.\u201d Enfatiza Matheus.<\/p>\n\n\n\n<p><br>Na abertura do show o cantor far\u00e1 uma licen\u00e7a po\u00e9tica com uma \u00fanica can\u00e7\u00e3o in\u00e9dita, &#8220;Peregrino Brasileiro\u201d, em forma de homenagem. Durante a apresenta\u00e7\u00e3o o artista vai declamar textos originais, destes grandes \u00edcones da m\u00fasica brasileira, envolvendo o p\u00fablico com a arte de declamar e enriquecendo com poesia essa imers\u00e3o completa na<br>arte, m\u00fasica e pensamentos transmitidos em versos. <\/p>\n\n\n\n<p><br><strong>No vasto repert\u00f3rio, podemos citar as can\u00e7\u00f5es:<\/strong><\/p>\n\n\n\n<p><br>Dorival Caymmi &#8211; Samba da minha Terra\/ O Mar\/Quem vem pra beira do Mar\/Rosa Morena\/O que \u00e9 que a baiana Tem\/S\u00f3 Louco\/ Maracangalha.<br>Cartola &#8211; O mundo \u00e9 um Moinho\/ A Sorrir (O sol nascer\u00e1)\/Preciso me Encontrar\/As Rosas n\u00e3o Falam\/Alvorada.<br>Adoniran Barbosa &#8211; Tiro ao \u00c1lvaro\/ Trem das 11\/ Abrigo de Vagabundos\/ saudosa Maloca \/ Samba do Arnesto.<br>Pout-Purri &#8211; Preciso Me Encontrar\/Alvorada ( Cartola) &#8211; O que \u00e9 que a baiana tem\/ Samba da minha Terra (Dorival Caymmi) \u2013 Samba do Arnesto, Trem das 11 (Adoniran Barbosa).<\/p>\n\n\n\n<p><strong>Matheus Mar\u00ea<\/strong><br>O artista com 25 anos de idade, nascido em Teixeira de Freitas na Bahia onde viveu sua adolesc\u00eancia, por\u00e9m foi ap\u00f3s a sua mudan\u00e7a para Santa Catarina em 2013, que o aspirante a cantor e compositor teve a oportunidade de se dedicar exclusivamente a sua arte, sendo hoje o integrante mais jovem da Academia de Letras e Artes de Florian\u00f3polis (ADLA).<br>Matheus Mar\u00ea lan\u00e7ou recentemente seu primeiro EP \u201cViajante\u201d que explora diversos temas e sonoridades no estilo MPB, com elementos de Soul, samba, jazz e rock. Com uma especial aten\u00e7\u00e3o no estudo da musicalidade brasileira Matheus se descobriu f\u00e3 de compositores como: Adoniran Barbosa, Cartola e Dorival Caymmi, \u00edcones da m\u00fasica<br>que ele define como seus grandes mestres na arte de compor. Esse amor, por seus \u00eddolos levou o artista a montar o espet\u00e1culo \u201cTri-butos\u201d, tendo Florian\u00f3polis como a cidade para iniciar essa turn\u00ea.<\/p>\n\n\n\n<p><br><strong>Para saber mais acesse:<\/strong><br>https:\/\/www.youtube.com\/channel\/UCEAcRHmFelhTOwKM_stTLzg\/featured<br>https:\/\/www.instagram.com\/matheus_mare\/<br>https:\/\/www.facebook.com\/MatheusMareArtista<\/p>\n\n\n\n<p><strong>SERVI\u00c7O<\/strong><br>TRI-BUTOS &#8211; Matheus Mar\u00ea<br>Data: 26\/08\/2022<br>Local &#8211; Teatro Pedro Ivo<br>Endere\u00e7o: Rodovia SC 401, Km 15, n\u00b0 4600 &#8211; Saco Grande, Florian\u00f3polis &#8211; SC<br>Ingressos: https:\/\/site.blueticket.com.br\/evento\/30396<\/p>\n\n\n\n<p><strong>Assessoria de Imprensa\/ Divulga\u00e7\u00e3o TV<\/strong><br>Fernanda Lara Rocca<br>Instagram:@fernanda.l.rocca<br>twitter:@FernandaLara01<br>https:\/\/www.facebook.com\/fernanda.l.rocca<\/p>\n","protected":false},"excerpt":{"rendered":"<p>O cantor e compositor Matheus Mar\u00ea lan\u00e7a o show Tri-butos, em uma bela homenagem aos&#8230;<\/p>\n","protected":false},"author":3,"featured_media":5165,"comment_status":"closed","ping_status":"open","sticky":false,"template":"","format":"standard","meta":{"om_disable_all_campaigns":false,"_monsterinsights_skip_tracking":false,"_monsterinsights_sitenote_active":false,"_monsterinsights_sitenote_note":"","_monsterinsights_sitenote_category":0,"spay_email":""},"categories":[1],"tags":[],"jetpack_featured_media_url":"https:\/\/vimagazine.com.br\/wp-content\/uploads\/2022\/07\/canto-e1659128371453.jpg","_links":{"self":[{"href":"https:\/\/vimagazine.com.br\/index.php?rest_route=\/wp\/v2\/posts\/5164"}],"collection":[{"href":"https:\/\/vimagazine.com.br\/index.php?rest_route=\/wp\/v2\/posts"}],"about":[{"href":"https:\/\/vimagazine.com.br\/index.php?rest_route=\/wp\/v2\/types\/post"}],"author":[{"embeddable":true,"href":"https:\/\/vimagazine.com.br\/index.php?rest_route=\/wp\/v2\/users\/3"}],"replies":[{"embeddable":true,"href":"https:\/\/vimagazine.com.br\/index.php?rest_route=%2Fwp%2Fv2%2Fcomments&post=5164"}],"version-history":[{"count":1,"href":"https:\/\/vimagazine.com.br\/index.php?rest_route=\/wp\/v2\/posts\/5164\/revisions"}],"predecessor-version":[{"id":5167,"href":"https:\/\/vimagazine.com.br\/index.php?rest_route=\/wp\/v2\/posts\/5164\/revisions\/5167"}],"wp:featuredmedia":[{"embeddable":true,"href":"https:\/\/vimagazine.com.br\/index.php?rest_route=\/wp\/v2\/media\/5165"}],"wp:attachment":[{"href":"https:\/\/vimagazine.com.br\/index.php?rest_route=%2Fwp%2Fv2%2Fmedia&parent=5164"}],"wp:term":[{"taxonomy":"category","embeddable":true,"href":"https:\/\/vimagazine.com.br\/index.php?rest_route=%2Fwp%2Fv2%2Fcategories&post=5164"},{"taxonomy":"post_tag","embeddable":true,"href":"https:\/\/vimagazine.com.br\/index.php?rest_route=%2Fwp%2Fv2%2Ftags&post=5164"}],"curies":[{"name":"wp","href":"https:\/\/api.w.org\/{rel}","templated":true}]}}