{"id":5168,"date":"2022-07-30T15:52:07","date_gmt":"2022-07-30T18:52:07","guid":{"rendered":"https:\/\/vimagazine.com.br\/?p=5168"},"modified":"2022-07-30T15:52:19","modified_gmt":"2022-07-30T18:52:19","slug":"programacao-cultural-encerra-temporada-dos-girassois-mais-de-vinte-mil-pessoas-ja-movimentaram-o-parque-e-a-economia-de-joinville","status":"publish","type":"post","link":"https:\/\/vimagazine.com.br\/?p=5168","title":{"rendered":"Programa\u00e7\u00e3o Cultural encerra Temporada dos Girass\u00f3is Mais de vinte mil pessoas j\u00e1 movimentaram o parque e a economia de Joinville"},"content":{"rendered":"\n<p><\/p>\n\n\n\n<p>A temporada dos girass\u00f3is em Joinville est\u00e1 chegando aos \u00faltimos dias. Para quem n\u00e3o quer perder a atra\u00e7\u00e3o do Parque dos Hemerocallis, as flores podem ser apreciadas at\u00e9 domingo (31). Para isso, apresenta\u00e7\u00f5es culturais foram programadas no Jardim do Sol e da Capela. Na sexta-feira, na parte da tarde a pianista Rose Seiler vai ser apresentar e no s\u00e1bado, das 15h \u00e0s 18h. J\u00e1 no domingo pela manh\u00e3, das 10h ao meio dia, o Catafesta toca.<\/p>\n\n\n\n<p>A visita aos girass\u00f3is se tornou uma atra\u00e7\u00e3o tur\u00edstica da cidade e as 18 mil mudas de girassol plantadas no Parque dos Hemerocallis, em Joinville, j\u00e1 atra\u00edram mais de vinte mil visitantes do pa\u00eds inteiro. Esta visita\u00e7\u00e3o na temporada impacta no pr\u00f3prio neg\u00f3cio, que aumenta em 500% as suas vendas assim como em outros neg\u00f3cios da cadeia tur\u00edstica de Joinville. \u201cVendemos em um dia de girassol o que vendemos em um m\u00eas, em outras \u00e9pocas\u201d, comemora Dario Bergemann, jardineiro s\u00f3cio propriet\u00e1rio.<\/p>\n\n\n\n<p>O parque tem o foco de atua\u00e7\u00e3o na viv\u00eancia e contempla\u00e7\u00e3o do visitante \u00e0 natureza, al\u00e9m do cultivar dos Hemerocallis. No entanto, em uma pequena \u00e1rea do Mercado de Plantas vende flores de corte, mudas, bulbos, vasos, entre outros. Nesta edi\u00e7\u00e3o, para a venda foram separadas 3 mil hastes de girassol de corte.<\/p>\n\n\n\n<p>A temporada dos girass\u00f3is dura quinze dias, mas o trabalho come\u00e7a bem antes. Entre plantio e flora\u00e7\u00e3o s\u00e3o sessenta dias. Durante o ano a empresa familiar \u00e9 conduzida com uma equipe de 10 funcion\u00e1rios, na temporada o parque contrata e chega a gerar 50 empregos diretos e indiretos. E para ver todo este espet\u00e1culo da natureza, 80 \u00f4nibus de excurs\u00e3o devem trazer visitantes este ano. <\/p>\n\n\n\n<p>A expectativa \u00e9 crescer dez por cento no n\u00famero de visitantes em rela\u00e7\u00e3o a 2021, ano que ainda sofria os impactos da pandemia. \u201cRecebemos muitos visitantes de outros cantos do pa\u00eds que dizem aproveitar esta \u00e9poca de f\u00e9rias para virem a Joinville. Este ano teremos a volta do Festival de Dan\u00e7a, que com certeza trar\u00e1 visitantes bailarinos e suas fam\u00edlias\u201d, explica Dario.<\/p>\n\n\n\n<p>Essa movimenta\u00e7\u00e3o chega at\u00e9 outras propriedades da cidade como produtores rurais, caf\u00e9s, restaurantes, hot\u00e9is, pousadas, museus, transportes e o com\u00e9rcio em geral. Dario conta que muitos donos de propriedades rurais, participantes da Associa\u00e7\u00e3o de Turismo Eco-Rural de Joinville (ATERJ) dizem que tem reservas de visitantes em seus espa\u00e7os &#8211; caf\u00e9s coloniais e pousadas &#8211; tamb\u00e9m neste per\u00edodo por conta da temporada dos girass\u00f3is. Fato confirmado pelo presidente da associa\u00e7\u00e3o, Rogerio Tamazia.<\/p>\n\n\n\n<p>&#8220;A Temporada dos Girass\u00f3is impacta todo o turismo rural de Joinville. O visitante vem pra c\u00e1 ver as flores verde e amarelas e se depara com uma \u00e1rea rural riqu\u00edssima que ele tamb\u00e9m quer conhecer, desde produtores de orqu\u00eddeas, caf\u00e9s, hospedagens na \u00e1rea rural entre outros e isso acaba fortalecendo nosso segmento como um todo&#8221;.<\/p>\n\n\n\n<p><em>Novidades<\/em><br>Pensando no visitante, da \u00faltima temporada pra c\u00e1 a fam\u00edlia planejou e executou muitas inova\u00e7\u00f5es no parque inteiro. <\/p>\n\n\n\n<p>A acessibilidade cresceu e todos conseguem passar pelos oito jardins do parque. No jardim das \u00e1guas, al\u00e9m da remodela\u00e7\u00e3o do lago que j\u00e1 existia, foi erguido um novo e mais alto para aproximar cadeirantes e pessoas com baixa mobilidade dos peixes.<\/p>\n\n\n\n<p> \u201cAssim qualquer um pode alimentar as carpas japonesas e se alegrar com a receptividade delas\u201d, ressalta Dario.<br>No campo de cultivo, foi constru\u00eddo um mirante com rampa de acesso, permitindo cadeirantes ficarem na mesma altura das flores dos girass\u00f3is e verem tudo de cima.<\/p>\n\n\n\n<p> E, com um parque t\u00e3o extenso &#8211; s\u00e3o 50 mil metros quadrados &#8211; todo plano, mesmo quem tem mobilidade reduzida poder\u00e1 conhec\u00ea-lo, se quiser, sentado em uma cadeira de rodas. Algumas unidades foram compradas para garantir que todo visitante conhe\u00e7a cada pedacinho desse local de contempla\u00e7\u00e3o em Joinville.<br>Outra novidade para a estrutura desta temporada o visitante poder\u00e1 tomar caf\u00e9, almo\u00e7ar e fazer um lanche. Entre os parceiros est\u00e3o o Hemerocallis Caf\u00e9, com suas deliciosas sobremesas, cucas e salgados bem caseiros em estilo alem\u00e3o; O Restaurante Casa do Capit\u00e3o, com almo\u00e7o \u00e0 base de risotos; O Le French Premium Churros, com seus doces e deliciosos churros e o Caf\u00e9 Caramello, com doses individuais de caf\u00e9 creme.<\/p>\n\n\n\n<p><em>Os Girass\u00f3is<\/em><br>As duas esp\u00e9cies de sementes de girassol semeadas para a temporada demoram, em m\u00e9dia, sessenta dias para come\u00e7ar a florir e podem chegar a 1,5 metros de altura. No entanto, elas n\u00e3o produzem p\u00f3len, o que resulta numa maior durabilidade no uso ornamental, e n\u00e3o prejudica os al\u00e9rgicos. Assim, mais uma vez, o Parque e a Temporada dos Girass\u00f3is \u00e9 acess\u00edvel a todas as pessoas.<br>Os girass\u00f3is se voltam para a luz e giram em dire\u00e7\u00e3o a nascente do sol. Fato este que encanta pessoas de todas as idades, que nesta \u00e9poca do ano, em que muitos est\u00e3o em f\u00e9rias escolares, buscam passear nos jardins, curtir a beleza natural e o passeio em fam\u00edlia. A Temporada dos Girass\u00f3is deve durar pouco mais de tr\u00eas semanas. Haver\u00e1 ainda a venda de girass\u00f3is, de mudas germinadas e hastes florais.<\/p>\n\n\n\n<p><em>Sobre o Parque dos Hemerocallis\/Agr\u00edcola da Ilha<\/em><br>Aberto nos anos 90 pelo casal Neusa e Dario Bergemann, o local \u00e9 um ref\u00fagio dentro da \u00e1rea urbana, em meio ao bairro Jardim Sofia, em Joinville. A cada ano se consolida como um rico espa\u00e7o de encantos naturais ao longo de seus cinco hectares de terra. \u201cN\u00e3o podemos deixar de cuidar deste espa\u00e7o. \u00c9 a devolu\u00e7\u00e3o de um carinho de Deus em nossa terra\u201d, explica Neusa Nass Bergemann. O parque \u00e9 o maior produtor de Hemerocallis (famoso l\u00edrio) da Am\u00e9rica Latina e especialistas no melhoramento gen\u00e9tico desta esp\u00e9cie, com 35 anos de experi\u00eancia em jardinagem.<\/p>\n\n\n\n<p>O Parque dos Hemerocallis permanece aberto o ano todo para as fam\u00edlias que buscam um local de lazer junto \u00e0 natureza. E mesmo os apaixonados pelo paisagismo podem apreciar os jardins em seus diferentes momentos do ano. \u00c9 poss\u00edvel sentar na grama e fazer pic nic, andar descal\u00e7os, cantar na pedra furada, se molhar com a \u00e1gua que jorra das pedras, escutar diferentes sons, caminhar pela trilha, conhecer a capela feita com madeira de demoli\u00e7\u00e3o e vitrais criados por artistas joinvilenses, alimentar as carpas japonesas, conhecidas por viverem muito, com expectativa de chegarem aos 70 anos e, se divertir no jardim das aventuras, junto ao jardim das tropicais. D\u00e1 pra passar uma tarde inteira e se aquecer com o sol do inverno.<\/p>\n\n\n\n<p>Agende-se!<\/p>\n\n\n\n<p><em>Servi\u00e7o:<\/em><br>O qu\u00ea? 5\u00aa Temporada dos Girass\u00f3is<br>Onde? Parque dos Hemerocallis\/Agr\u00edcola da Ilha &#8211; Rua Tenente Ant\u00f4nio Jo\u00e3o, 4.257 \u2013 Jardim Sofia &#8211; https:\/\/maps.app.goo.gl\/SEjyFJibRJhZHF3w7<br>Quando? Entre 14 e 31 de julho &#8211; De ter\u00e7a a sexta-feira &#8211; 07:30 \u00e0s 17:00 e s\u00e1bados &#8211; e domingos (17, 24 e 31\/07) &#8211; 09:00 \u00e0s 17:00<br>Quanto? R$ 28,00 (inteira) R$ 14,00 (meia \u2013 6 a 18 anos, acima de 60 anos, professores e estudantes com carteirinha), at\u00e9 5 anos n\u00e3o paga.<br>Como? A compra de ingresso antecipado: www.agricoladailha.com ou no local.<\/p>\n\n\n\n<p><em>Assessoria de Comunica\u00e7\u00e3o e Imprensa:<\/em><br>Carolina Winter<br><br>@soucarolwinter<\/p>\n\n\n\n<figure class=\"wp-block-image size-large\"><img width=\"576\" height=\"1024\" src=\"https:\/\/vimagazine.com.br\/wp-content\/uploads\/2022\/07\/IMG-20220730-WA0054-576x1024.jpg\" alt=\"\" class=\"wp-image-5170\" srcset=\"https:\/\/vimagazine.com.br\/wp-content\/uploads\/2022\/07\/IMG-20220730-WA0054-576x1024.jpg 576w, https:\/\/vimagazine.com.br\/wp-content\/uploads\/2022\/07\/IMG-20220730-WA0054-169x300.jpg 169w, https:\/\/vimagazine.com.br\/wp-content\/uploads\/2022\/07\/IMG-20220730-WA0054-768x1365.jpg 768w, https:\/\/vimagazine.com.br\/wp-content\/uploads\/2022\/07\/IMG-20220730-WA0054-864x1536.jpg 864w, https:\/\/vimagazine.com.br\/wp-content\/uploads\/2022\/07\/IMG-20220730-WA0054.jpg 900w\" sizes=\"(max-width: 576px) 100vw, 576px\" \/><\/figure>\n","protected":false},"excerpt":{"rendered":"<p>A temporada dos girass\u00f3is em Joinville est\u00e1 chegando aos \u00faltimos dias. Para quem n\u00e3o quer&#8230;<\/p>\n","protected":false},"author":3,"featured_media":5169,"comment_status":"closed","ping_status":"open","sticky":false,"template":"","format":"standard","meta":{"om_disable_all_campaigns":false,"_monsterinsights_skip_tracking":false,"_monsterinsights_sitenote_active":false,"_monsterinsights_sitenote_note":"","_monsterinsights_sitenote_category":0,"spay_email":""},"categories":[1],"tags":[],"jetpack_featured_media_url":"https:\/\/vimagazine.com.br\/wp-content\/uploads\/2022\/07\/IMG-20220730-WA0053.jpg","_links":{"self":[{"href":"https:\/\/vimagazine.com.br\/index.php?rest_route=\/wp\/v2\/posts\/5168"}],"collection":[{"href":"https:\/\/vimagazine.com.br\/index.php?rest_route=\/wp\/v2\/posts"}],"about":[{"href":"https:\/\/vimagazine.com.br\/index.php?rest_route=\/wp\/v2\/types\/post"}],"author":[{"embeddable":true,"href":"https:\/\/vimagazine.com.br\/index.php?rest_route=\/wp\/v2\/users\/3"}],"replies":[{"embeddable":true,"href":"https:\/\/vimagazine.com.br\/index.php?rest_route=%2Fwp%2Fv2%2Fcomments&post=5168"}],"version-history":[{"count":1,"href":"https:\/\/vimagazine.com.br\/index.php?rest_route=\/wp\/v2\/posts\/5168\/revisions"}],"predecessor-version":[{"id":5171,"href":"https:\/\/vimagazine.com.br\/index.php?rest_route=\/wp\/v2\/posts\/5168\/revisions\/5171"}],"wp:featuredmedia":[{"embeddable":true,"href":"https:\/\/vimagazine.com.br\/index.php?rest_route=\/wp\/v2\/media\/5169"}],"wp:attachment":[{"href":"https:\/\/vimagazine.com.br\/index.php?rest_route=%2Fwp%2Fv2%2Fmedia&parent=5168"}],"wp:term":[{"taxonomy":"category","embeddable":true,"href":"https:\/\/vimagazine.com.br\/index.php?rest_route=%2Fwp%2Fv2%2Fcategories&post=5168"},{"taxonomy":"post_tag","embeddable":true,"href":"https:\/\/vimagazine.com.br\/index.php?rest_route=%2Fwp%2Fv2%2Ftags&post=5168"}],"curies":[{"name":"wp","href":"https:\/\/api.w.org\/{rel}","templated":true}]}}