{"id":5173,"date":"2022-07-30T18:56:50","date_gmt":"2022-07-30T21:56:50","guid":{"rendered":"https:\/\/vimagazine.com.br\/?p=5173"},"modified":"2022-07-30T18:56:54","modified_gmt":"2022-07-30T21:56:54","slug":"a-bela-e-a-fera-um-musical-fara-unica-apresentacao-na-avenida-paulista","status":"publish","type":"post","link":"https:\/\/vimagazine.com.br\/?p=5173","title":{"rendered":"A Bela e a Fera &#8211; Um Musical&#8221; far\u00e1 \u00fanica apresenta\u00e7\u00e3o na Avenida Paulista"},"content":{"rendered":"\n<p><\/p>\n\n\n\n<p class=\"has-medium-font-size\"><em>A superprodu\u00e7\u00e3o e adapta\u00e7\u00e3o musical de um dos maiores sucessos da hist\u00f3ria, &#8220;A Bela e a Fera&#8221;, de Madame de Beaumont, far\u00e1 \u00fanica apresenta\u00e7\u00e3o em S\u00e3o Paulo, no Teatro Gazeta, na Avenida Paulista, neste domingo, dia 31 de julho.<\/em><\/p>\n\n\n\n<p><\/p>\n\n\n\n<p style=\"font-size:18px\">&#8220;A Bela e a Fera \u2013 Um Musical&#8221; \u00e9 um espet\u00e1culo da Palavra e Som Entretenimento, e conta com efeitos especiais, 60 figurinos, sensa\u00e7\u00f5es em 3D, onde a plateia poder\u00e1 se sentir imersa na hist\u00f3ria, ilusionismo, cen\u00e1rios grandiosos, al\u00e9m de ser todo cantado ao vivo. Seguindo a linha Family Show o musical encanta todas as idades.<\/p>\n\n\n\n<p style=\"font-size:18px\">O musical conta a hist\u00f3ria de Bela, uma inteligente jovem que vive em uma pequena aldeia e \u00e9 considerada estranha pelos moradores locais. Bela \u00e9 cortejada por Gaspar, o jovem ca\u00e7ador da aldeia que pretende casar com ela, por\u00e9m a jovem n\u00e3o retribui o interesse do rapaz, pois acha Gaspar uma pessoa primitiva. A jovem tem o pai capturado pela Fera e decide entregar sua vida ao estranho ser em troca da liberdade do progenitor. No castelo, ela conhece objetos m\u00e1gicos e descobre que a Fera \u00e9 na verdade um pr\u00edncipe que precisa de amor para voltar \u00e0 forma humana.<\/p>\n\n\n\n<p style=\"font-size:18px\">A montagem nacional \u00e9 idealizada pelo diretor geral Bruno Souza, dire\u00e7\u00e3o de cena de Manuela Litti\u00e9ry, com coreografias de Gabriela Evangelista, dire\u00e7\u00e3o musical do Maestro Ettore Ver\u00edssimo, vers\u00e3o do texto de Lucas Cavalaro e roteiro final de Bruno Souza. A produ\u00e7\u00e3o do espet\u00e1culo fica a cargo da Palavra &amp; Som Entretenimento.<\/p>\n\n\n\n<p style=\"font-size:18px\">Palavra e Som Entretenimento \u00e9 uma produtora cultural de S\u00e3o Paulo, comandada por Bruno Souza, durante a pandemia percorreu mais de 9 estados, realizou mais de 30 sess\u00f5es e atingiu um p\u00fablico de mais de 100 mil pessoas com apresenta\u00e7\u00e3o em Drive- in. Empregando diretamente mais de 40 pessoas durante esse per\u00edodo, entre t\u00e9cnicos, atores, camareiras e costureiras.<\/p>\n\n\n\n<p style=\"font-size:18px\">O musical far\u00e1 \u00fanica apresenta\u00e7\u00e3o no Teatro Gazeta, na Avenida Paulista, em S\u00e3o Paulo, neste domingo, dia 31 de junho de 2022, domingo, \u00e0s 15h. Os ingressos j\u00e1 est\u00e3o \u00e0 venda pelo site Sympla.com.<\/p>\n\n\n\n<p>Ficha T\u00e9cnica:<\/p>\n\n\n\n<p>Idealiza\u00e7\u00e3o e dire\u00e7\u00e3o geral: Bruno Souza<\/p>\n\n\n\n<p>Vers\u00e3o: Lucas Cavalaro<\/p>\n\n\n\n<p>Dire\u00e7\u00e3o de cena: Daniela Simonassi<\/p>\n\n\n\n<p>Dire\u00e7\u00e3o musical: Ettore Ver\u00edssimo<\/p>\n\n\n\n<p>Assistente de dire\u00e7\u00e3o musical: Gabriel Fabbri<\/p>\n\n\n\n<p>Coreografias: Gabriela Evangelista<\/p>\n\n\n\n<p>Produ\u00e7\u00e3o: Palavra &amp; Som Entretenimento<\/p>\n\n\n\n<p>Produ\u00e7\u00e3o executiva: Luciana Gon\u00e7alves<\/p>\n\n\n\n<p>Produ\u00e7\u00e3o Art\u00edstica: Daniela Simonassi<\/p>\n\n\n\n<p><\/p>\n\n\n\n<p><\/p>\n\n\n\n<p>&#8220;A Bela e a Fera \u2013 Um Musical&#8221;<\/p>\n\n\n\n<p>\u00danica apresenta\u00e7\u00e3o<\/p>\n\n\n\n<p>Dia 31 de julho de 2022<\/p>\n\n\n\n<p>Domingo, \u00e0s 15h<\/p>\n\n\n\n<p>Teatro Gazeta \u2013 Avenida Paulista, 900. S\u00e3o Paulo &#8211; SP<\/p>\n\n\n\n<p>Ingressos de R$55,00 a R$110,00<\/p>\n\n\n\n<p>Venda online:&nbsp;<a href=\"https:\/\/bileto.sympla.com.br\/event\/71878\/d\/148574\/s\/972375\" target=\"_blank\" rel=\"noreferrer noopener\">https:\/\/bileto.sympla.com.br\/event\/71878\/d\/148574\/s\/972375<\/a><\/p>\n\n\n\n<p>Dura\u00e7\u00e3o: 90 minutos<\/p>\n\n\n\n<p>Classifica\u00e7\u00e3o: Livre<\/p>\n","protected":false},"excerpt":{"rendered":"<p>A superprodu\u00e7\u00e3o e adapta\u00e7\u00e3o musical de um dos maiores sucessos da hist\u00f3ria, &#8220;A Bela e&#8230;<\/p>\n","protected":false},"author":1,"featured_media":5174,"comment_status":"closed","ping_status":"open","sticky":false,"template":"","format":"standard","meta":{"om_disable_all_campaigns":false,"_monsterinsights_skip_tracking":false,"_monsterinsights_sitenote_active":false,"_monsterinsights_sitenote_note":"","_monsterinsights_sitenote_category":0,"spay_email":""},"categories":[27],"tags":[],"jetpack_featured_media_url":"https:\/\/vimagazine.com.br\/wp-content\/uploads\/2022\/07\/bela.jpeg","_links":{"self":[{"href":"https:\/\/vimagazine.com.br\/index.php?rest_route=\/wp\/v2\/posts\/5173"}],"collection":[{"href":"https:\/\/vimagazine.com.br\/index.php?rest_route=\/wp\/v2\/posts"}],"about":[{"href":"https:\/\/vimagazine.com.br\/index.php?rest_route=\/wp\/v2\/types\/post"}],"author":[{"embeddable":true,"href":"https:\/\/vimagazine.com.br\/index.php?rest_route=\/wp\/v2\/users\/1"}],"replies":[{"embeddable":true,"href":"https:\/\/vimagazine.com.br\/index.php?rest_route=%2Fwp%2Fv2%2Fcomments&post=5173"}],"version-history":[{"count":1,"href":"https:\/\/vimagazine.com.br\/index.php?rest_route=\/wp\/v2\/posts\/5173\/revisions"}],"predecessor-version":[{"id":5175,"href":"https:\/\/vimagazine.com.br\/index.php?rest_route=\/wp\/v2\/posts\/5173\/revisions\/5175"}],"wp:featuredmedia":[{"embeddable":true,"href":"https:\/\/vimagazine.com.br\/index.php?rest_route=\/wp\/v2\/media\/5174"}],"wp:attachment":[{"href":"https:\/\/vimagazine.com.br\/index.php?rest_route=%2Fwp%2Fv2%2Fmedia&parent=5173"}],"wp:term":[{"taxonomy":"category","embeddable":true,"href":"https:\/\/vimagazine.com.br\/index.php?rest_route=%2Fwp%2Fv2%2Fcategories&post=5173"},{"taxonomy":"post_tag","embeddable":true,"href":"https:\/\/vimagazine.com.br\/index.php?rest_route=%2Fwp%2Fv2%2Ftags&post=5173"}],"curies":[{"name":"wp","href":"https:\/\/api.w.org\/{rel}","templated":true}]}}