{"id":5176,"date":"2022-08-02T13:16:45","date_gmt":"2022-08-02T16:16:45","guid":{"rendered":"https:\/\/vimagazine.com.br\/?p=5176"},"modified":"2022-08-02T13:16:47","modified_gmt":"2022-08-02T16:16:47","slug":"o-despertar-da-primavera-um-grito-de-alerta-e-sucesso-de-publico-em-sao-paulo","status":"publish","type":"post","link":"https:\/\/vimagazine.com.br\/?p=5176","title":{"rendered":"&#8220;O despertar da primavera: um grito de alerta&#8221;  \u00e9 sucesso de p\u00fablico em S\u00e3o Paulo"},"content":{"rendered":"\n<p><\/p>\n\n\n\n<p class=\"has-medium-font-size\"><strong><em>A pe\u00e7a &#8220;O despertar da primavera: um grito de alerta&#8221;, com dire\u00e7\u00e3o geral de Pedro Ruffo, \u00e9 sucesso de p\u00fablico no Teatro Viradalata. Os ingressos est\u00e3o \u00e0 venda pelo Sympla.com.<\/em><\/strong><\/p>\n\n\n\n<p><\/p>\n\n\n\n<p>Inspirado na trag\u00e9dia infantil de Frank Wedekind, a adapta\u00e7\u00e3o de &#8220;O Despertar da Primavera: um grito de alerta&#8221; \u00e9 uma reflex\u00e3o a respeito da fal\u00eancia das Institui\u00e7\u00f5es de Poder. O peso da repress\u00e3o \u00e9 mostrado t\u00e3o dramaticamente nos di\u00e1logos entre jovens que v\u00e3o se descobrindo e simultaneamente mostrado no mundo dos adultos, denunciando os preconceitos e o conservadorismo das Institui\u00e7\u00f5es e Chefes de Fam\u00edlia, que prezam a todo custo a sua imagem, o cinismo de uma Religi\u00e3o castradora e hip\u00f3crita, e a inutilidade de uma Educa\u00e7\u00e3o t\u00e3o pouco atenta \u00e0s suas d\u00favidas e anseios.<\/p>\n\n\n\n<p>Melchior Gabor e Wendla Bergman, ambos no despertar da sexualidade, encontram-se, apaixonam-se, amam-se, numa Primavera repleta de desejos, sonhos e fantasias. Ele pertence a uma fam\u00edlia na qual o pai \u00e9 um representante do Poder. Ela nasce no seio de uma fam\u00edlia de classe m\u00e9dia alta e recebe da m\u00e3e uma educa\u00e7\u00e3o tradicional e religiosa. Outras hist\u00f3rias se cruzam com a destes adolescentes. Assim, \u00e0 medida que se vai desenrolando a hist\u00f3ria, o espectador \u00e9 confrontado com problemas flagrantes como o abuso sexual, a viol\u00eancia dom\u00e9stica, o machismo, a gravidez na adolesc\u00eancia, a droga, a prostitui\u00e7\u00e3o, o suic\u00eddio.<\/p>\n\n\n\n<p>A dire\u00e7\u00e3o assina uma vers\u00e3o contempor\u00e2nea e provocadora, que coloca todos os atores em cena, reagindo aos desdobramentos da trama, e faz um convite ao p\u00fablico para imergir e sensibilizar-se.<\/p>\n\n\n\n<p>A pe\u00e7a \u00e9 uma adapta\u00e7\u00e3o&nbsp;da obra de Frank Wedekind dirigida por Pedro Ruffo.&nbsp;No elenco est\u00e3o Thay&nbsp;Bergamin, Renan&nbsp;Rezende, Renan&nbsp;Cuisse, Gustavo&nbsp;Mazzei,&nbsp;Gustavo&nbsp;Brait, Giovana&nbsp;Brand\u00e3o, Let\u00edcia&nbsp;Navarro, Luci&nbsp;Oliveira, Victor Garbossa, Aline Cunha, Christiane Calderon, Thais Marques, Olivia Cattani e Theo Chiossi.&nbsp;As trilhas originais recebem a assinatura&nbsp;de Marcelo Moss e os figurinos de Uriel Orttiz. A produ\u00e7\u00e3o executiva \u00e9 de Gustavo Fl\u00f3, produ\u00e7\u00e3o e fotografia de Victor Miranda.<\/p>\n\n\n\n<p>O espet\u00e1culo est\u00e1 em cartaz no Teatro Viradalata, em curta temporada, \u00e0s ter\u00e7as-feiras, sempre \u00e0s 20h30. Os ingressos est\u00e3o \u00e0 venda pelo Sympla.com ou na bilheteria do teatro.<\/p>\n\n\n\n<figure class=\"wp-container-2 wp-block-gallery-1 wp-block-gallery columns-3 is-cropped\"><ul class=\"blocks-gallery-grid\"><li class=\"blocks-gallery-item\"><figure><img width=\"1024\" height=\"680\" src=\"https:\/\/vimagazine.com.br\/wp-content\/uploads\/2022\/08\/DSC10000-31-1024x680.jpg\" alt=\"\" data-id=\"5178\" data-full-url=\"https:\/\/vimagazine.com.br\/wp-content\/uploads\/2022\/08\/DSC10000-31.jpg\" data-link=\"https:\/\/vimagazine.com.br\/?attachment_id=5178\" class=\"wp-image-5178\" srcset=\"https:\/\/vimagazine.com.br\/wp-content\/uploads\/2022\/08\/DSC10000-31-1024x680.jpg 1024w, https:\/\/vimagazine.com.br\/wp-content\/uploads\/2022\/08\/DSC10000-31-300x199.jpg 300w, https:\/\/vimagazine.com.br\/wp-content\/uploads\/2022\/08\/DSC10000-31-768x510.jpg 768w, https:\/\/vimagazine.com.br\/wp-content\/uploads\/2022\/08\/DSC10000-31-1536x1020.jpg 1536w, https:\/\/vimagazine.com.br\/wp-content\/uploads\/2022\/08\/DSC10000-31.jpg 1920w\" sizes=\"(max-width: 1024px) 100vw, 1024px\" \/><\/figure><\/li><li class=\"blocks-gallery-item\"><figure><img width=\"1024\" height=\"680\" src=\"https:\/\/vimagazine.com.br\/wp-content\/uploads\/2022\/08\/DSC10000-261-1024x680.jpg\" alt=\"\" data-id=\"5179\" data-full-url=\"https:\/\/vimagazine.com.br\/wp-content\/uploads\/2022\/08\/DSC10000-261.jpg\" data-link=\"https:\/\/vimagazine.com.br\/?attachment_id=5179\" class=\"wp-image-5179\" srcset=\"https:\/\/vimagazine.com.br\/wp-content\/uploads\/2022\/08\/DSC10000-261-1024x680.jpg 1024w, https:\/\/vimagazine.com.br\/wp-content\/uploads\/2022\/08\/DSC10000-261-300x199.jpg 300w, https:\/\/vimagazine.com.br\/wp-content\/uploads\/2022\/08\/DSC10000-261-768x510.jpg 768w, https:\/\/vimagazine.com.br\/wp-content\/uploads\/2022\/08\/DSC10000-261-1536x1020.jpg 1536w, https:\/\/vimagazine.com.br\/wp-content\/uploads\/2022\/08\/DSC10000-261.jpg 1920w\" sizes=\"(max-width: 1024px) 100vw, 1024px\" \/><\/figure><\/li><li class=\"blocks-gallery-item\"><figure><img width=\"1024\" height=\"680\" src=\"https:\/\/vimagazine.com.br\/wp-content\/uploads\/2022\/08\/DSC10000-48-1024x680.jpg\" alt=\"\" data-id=\"5180\" data-full-url=\"https:\/\/vimagazine.com.br\/wp-content\/uploads\/2022\/08\/DSC10000-48.jpg\" data-link=\"https:\/\/vimagazine.com.br\/?attachment_id=5180\" class=\"wp-image-5180\" srcset=\"https:\/\/vimagazine.com.br\/wp-content\/uploads\/2022\/08\/DSC10000-48-1024x680.jpg 1024w, https:\/\/vimagazine.com.br\/wp-content\/uploads\/2022\/08\/DSC10000-48-300x199.jpg 300w, https:\/\/vimagazine.com.br\/wp-content\/uploads\/2022\/08\/DSC10000-48-768x510.jpg 768w, https:\/\/vimagazine.com.br\/wp-content\/uploads\/2022\/08\/DSC10000-48-1536x1020.jpg 1536w, https:\/\/vimagazine.com.br\/wp-content\/uploads\/2022\/08\/DSC10000-48.jpg 1920w\" sizes=\"(max-width: 1024px) 100vw, 1024px\" \/><\/figure><\/li><\/ul><\/figure>\n\n\n\n<p><strong>Ficha T\u00e9cnica:<\/strong><\/p>\n\n\n\n<p>Trag\u00e9dia infantil de\u00a0<strong>frank wedekind<\/strong><\/p>\n\n\n\n<p>dire\u00e7\u00e3o de&nbsp;<strong>pedro ruffo<\/strong><\/p>\n\n\n\n<p>:&nbsp;<strong>thay bergamin&nbsp;<\/strong>como WENDLA BERGMAN<\/p>\n\n\n\n<p>:&nbsp;<strong>renan rezende<\/strong>&nbsp;como MELCHIOR GABOR<\/p>\n\n\n\n<p>:&nbsp;<strong>renan cuisse&nbsp;<\/strong>como MORITZ STIEFEL<\/p>\n\n\n\n<p>:&nbsp;<strong>gustavo mazzei&nbsp;<\/strong>como HANSCHEN RILOW<\/p>\n\n\n\n<p>:&nbsp;<strong>gustavo brait&nbsp;<\/strong>como ERNST ROBEL<\/p>\n\n\n\n<p>:&nbsp;<strong>giovana brand\u00e3o&nbsp;<\/strong>como MARTHA BESSEL<\/p>\n\n\n\n<p>:&nbsp;<strong>let\u00edcia navarro&nbsp;<\/strong>como THEA<\/p>\n\n\n\n<p>:&nbsp;<strong>luci oliveira&nbsp;<\/strong>como ILSE<\/p>\n\n\n\n<p>:&nbsp;<strong>victor garbossa&nbsp;<\/strong>como REITOR e HERR GABOR<\/p>\n\n\n\n<p>:&nbsp;<strong>aline cunha&nbsp;<\/strong>como FRAU BERGMAN<\/p>\n\n\n\n<p>:&nbsp;<strong>christiane calderon&nbsp;<\/strong>e<strong>&nbsp;thais marques&nbsp;<\/strong>como FRAU GABOR<\/p>\n\n\n\n<p>:&nbsp;<strong>olivia cattani&nbsp;<\/strong>e<strong>&nbsp;theo chiossi&nbsp;<\/strong>como STAND-IN<\/p>\n\n\n\n<p>trilha de<strong>&nbsp;marcelo moss<\/strong><\/p>\n\n\n\n<p>figurinos de&nbsp;<strong>uriel orttiz<\/strong><\/p>\n\n\n\n<p>produ\u00e7\u00e3o de&nbsp;<strong>gustavo fl\u00f3 e victor miranda<\/strong><\/p>\n\n\n\n<p>fotografia e artes gr\u00e1ficas&nbsp;<strong>victor miranda<\/strong><\/p>\n\n\n\n<p>desenho de luz de<strong>&nbsp;elton ramos<\/strong><\/p>\n\n\n\n<p>assessoria de imprensa de&nbsp;<strong>unic\u00f3rnio assessoria<\/strong><\/p>\n\n\n\n<p><\/p>\n\n\n\n<p><\/p>\n\n\n\n<p><em>&#8220;O despertar da primavera: um grito de alerta&#8221;<\/em><\/p>\n\n\n\n<p>Curta temporada<\/p>\n\n\n\n<p>Ter\u00e7as-feiras, \u00e0s 20h30<\/p>\n\n\n\n<p>Teatro Viradalata &#8211;&nbsp;Rua Apinaj\u00e9s, 1387 &#8211; Sumar\u00e9, S\u00e3o Paulo \u2013 SP<\/p>\n\n\n\n<p>240 lugares (170 plateia &#8211; 70 balc\u00e3o)<\/p>\n\n\n\n<p>Teatro com acessibilidade<\/p>\n\n\n\n<p>Ingressos entre R$35,00 (meia) e R$70,00 (inteira)<\/p>\n\n\n\n<p>Vendas online:&nbsp;<a href=\"https:\/\/bileto.sympla.com.br\/event\/74568\/d\/145794\" target=\"_blank\" rel=\"noreferrer noopener\">https:\/\/bileto.sympla.com.br\/event\/74568\/d\/145794<\/a><\/p>\n\n\n\n<p>Venda sem Taxa de Conveni\u00eancia: Teatro Viradalata<\/p>\n\n\n\n<p>Informa\u00e7\u00e3o: (11) 3868-2535<\/p>\n\n\n\n<p>Hor\u00e1rio de atendimento ao p\u00fablico: 2h antes de qualquer espet\u00e1culo<\/p>\n\n\n\n<p>Acompanhe o espet\u00e1culo pelo Instagram:&nbsp;<a href=\"https:\/\/www.instagram.com\/despertardaprimaverateatro\" target=\"_blank\" rel=\"noreferrer noopener\">https:\/\/www.instagram.com\/despertardaprimaverateatro<\/a><\/p>\n","protected":false},"excerpt":{"rendered":"<p>A pe\u00e7a &#8220;O despertar da primavera: um grito de alerta&#8221;, com dire\u00e7\u00e3o geral de Pedro&#8230;<\/p>\n","protected":false},"author":1,"featured_media":5177,"comment_status":"closed","ping_status":"open","sticky":false,"template":"","format":"standard","meta":{"om_disable_all_campaigns":false,"_monsterinsights_skip_tracking":false,"_monsterinsights_sitenote_active":false,"_monsterinsights_sitenote_note":"","_monsterinsights_sitenote_category":0,"spay_email":""},"categories":[26],"tags":[],"jetpack_featured_media_url":"https:\/\/vimagazine.com.br\/wp-content\/uploads\/2022\/08\/DSC10000-363.jpg","_links":{"self":[{"href":"https:\/\/vimagazine.com.br\/index.php?rest_route=\/wp\/v2\/posts\/5176"}],"collection":[{"href":"https:\/\/vimagazine.com.br\/index.php?rest_route=\/wp\/v2\/posts"}],"about":[{"href":"https:\/\/vimagazine.com.br\/index.php?rest_route=\/wp\/v2\/types\/post"}],"author":[{"embeddable":true,"href":"https:\/\/vimagazine.com.br\/index.php?rest_route=\/wp\/v2\/users\/1"}],"replies":[{"embeddable":true,"href":"https:\/\/vimagazine.com.br\/index.php?rest_route=%2Fwp%2Fv2%2Fcomments&post=5176"}],"version-history":[{"count":1,"href":"https:\/\/vimagazine.com.br\/index.php?rest_route=\/wp\/v2\/posts\/5176\/revisions"}],"predecessor-version":[{"id":5181,"href":"https:\/\/vimagazine.com.br\/index.php?rest_route=\/wp\/v2\/posts\/5176\/revisions\/5181"}],"wp:featuredmedia":[{"embeddable":true,"href":"https:\/\/vimagazine.com.br\/index.php?rest_route=\/wp\/v2\/media\/5177"}],"wp:attachment":[{"href":"https:\/\/vimagazine.com.br\/index.php?rest_route=%2Fwp%2Fv2%2Fmedia&parent=5176"}],"wp:term":[{"taxonomy":"category","embeddable":true,"href":"https:\/\/vimagazine.com.br\/index.php?rest_route=%2Fwp%2Fv2%2Fcategories&post=5176"},{"taxonomy":"post_tag","embeddable":true,"href":"https:\/\/vimagazine.com.br\/index.php?rest_route=%2Fwp%2Fv2%2Ftags&post=5176"}],"curies":[{"name":"wp","href":"https:\/\/api.w.org\/{rel}","templated":true}]}}