{"id":5198,"date":"2022-08-02T16:59:14","date_gmt":"2022-08-02T19:59:14","guid":{"rendered":"https:\/\/vimagazine.com.br\/?p=5198"},"modified":"2022-08-02T16:59:17","modified_gmt":"2022-08-02T19:59:17","slug":"unisociesc-esta-com-novas-vagas-exclusivas-para-docentes-negros","status":"publish","type":"post","link":"https:\/\/vimagazine.com.br\/?p=5198","title":{"rendered":"UniSociesc est\u00e1 com novas vagas exclusivas para docentes  negros"},"content":{"rendered":"\n<p><em><strong>Interessados t\u00eam at\u00e9 o dia 4 de agosto para fazer a inscri\u00e7\u00e3o. H\u00e1 oportunidades em todas as institui\u00e7\u00f5es de ensino do ecossistema da companhia no Pa\u00eds<\/strong><\/em><\/p>\n\n\n\n<p>A \u00c2nima Educa\u00e7\u00e3o, o maior e mais inovador ecossistema de ensino de qualidade do Pa\u00eds, anuncia novo recrutamento de educadores negros para integrar suas institui\u00e7\u00f5es de ensino em todo o Brasil, entre elas a UniSociesc. As oportunidades s\u00e3o exclusivas para docentes que se autodeclaram pretos ou pardos e para as mais diferentes \u00e1reas do conhecimento.<\/p>\n\n\n\n<p>Para se candidatar \u00e9 preciso ter o t\u00edtulo de mestre, que \u00e9 exigido para todas as vagas docentes da organiza\u00e7\u00e3o educacional. Os interessados t\u00eam at\u00e9 o dia 04 de agosto para realizar a inscri\u00e7\u00e3o em:&nbsp;<a href=\"http:\/\/vagas.com.br\/v2361853\" target=\"_blank\" rel=\"noreferrer noopener\">http:\/\/vagas.com.br\/v2361853<\/a><\/p>\n\n\n\n<p>A iniciativa \u00e9 da \u00c2nima Plurais, pol\u00edtica institucional que atua dedicada a construir e a fortalecer a cultura de diversidade e inclus\u00e3o da companhia, e, pelo segundo semestre consecutivo, vem trabalhando ativamente para estimular a amplia\u00e7\u00e3o da representatividade e da pluralidade racial no ecossistema da institui\u00e7\u00e3o.<\/p>\n\n\n\n<p>\u201cPara a \u00c2nima, a representatividade racial \u00e9 um dos principais pilares para o desenvolvimento de uma sociedade mais igualit\u00e1ria, justa e inclusiva. Por isso, inciativas como essa t\u00eam sido cada vez mais priorit\u00e1rias para a companhia. Queremos que nosso ecossistema seja um ambiente de mais equidade, diversidade inclus\u00e3o\u201d, comenta Luiz Carneiro, Analista de Diversidade e Inclus\u00e3o da \u00c2nima.<\/p>\n\n\n\n<p><strong>Sobre a &nbsp;UniSociesc<\/strong><\/p>\n\n\n\n<p><em>Com voca\u00e7\u00e3o para inova\u00e7\u00e3o, ambientes maker, coworkings e espa\u00e7os que estimulam a troca de conhecimentos e experi\u00eancias, a UniSociesc \u00e9 reconhecida pelo MEC como a melhor institui\u00e7\u00e3o privada de ensino superior de Santa Catarina. H\u00e1 mais de 60 anos, dedica-se a formar profissionais e transformar pessoas, desenvolvendo compet\u00eancias, talentos e carreiras. Com unidades acad\u00eamicas nas cidades de Blumenau, Jaragu\u00e1 do Sul, Joinville (duas unidades) e S\u00e3o Bento do Sul, conta com ampla diversidade de cursos, s\u00e3o mais de 70 op\u00e7\u00f5es em seu portf\u00f3lio, e uma estrutura de laborat\u00f3rios diferenciada, sendo os mais completos e modernos entre as institui\u00e7\u00f5es de ensino da regi\u00e3o.<\/em><strong><\/strong><\/p>\n\n\n\n<p><strong>Sobre a \u00c2nima Educa\u00e7\u00e3o<\/strong><\/p>\n\n\n\n<p><em>Com o prop\u00f3sito de transformar o Brasil pela educa\u00e7\u00e3o, a \u00c2nima \u00e9 o maior e o mais inovador ecossistema de ensino de qualidade do pa\u00eds com um portf\u00f3lio de marcas valiosas e um dos principais players de educa\u00e7\u00e3o continuada na \u00e1rea m\u00e9dica. A companhia \u00e9 formada por uma comunidade de aprendizagem com aproximadamente 350 mil pessoas, composta por mais de 332 mil estudantes e cerca de 18 mil educadores, distribu\u00eddos em 18 institui\u00e7\u00f5es de ensino superior e em mais de 570 polos educacionais por todo o Brasil. Integradas tamb\u00e9m ao Ecossistema \u00c2nima est\u00e3o marcas especialistas em suas \u00e1reas de atua\u00e7\u00e3o, como HSM, HSM University, EBRADI (Escola Brasileira de Direito), Le Cordon Bleu (SP), SingularityU Brazil, Inspirali e Learning Village, primeiro hub de inova\u00e7\u00e3o e educa\u00e7\u00e3o da Am\u00e9rica Latina, al\u00e9m do Instituto \u00c2nima.<\/em><\/p>\n\n\n\n<p><em>Em 2021, a \u00c2nima conquistou o 1\u00ba lugar no setor servi\u00e7os e ficou na 45\u00aa posi\u00e7\u00e3o no ranking das 150 empresas mais inovadoras do Brasil pelo Pr\u00eamio Valor Inova\u00e7\u00e3o \u2013 parceria do jornal Valor Econ\u00f4mico e a Strategy&amp;, consultoria estrat\u00e9gica da PwC. Al\u00e9m disso, foi destaque no Guia ESG da revista Exame como uma das vencedoras na categoria Educa\u00e7\u00e3o e conquistou, em 2019, o pr\u00eamio Mulheres na Lideran\u00e7a, na categoria Educa\u00e7\u00e3o, iniciativa da ONG Women in Leadership in Latin America (WILL). Desde 2013, a companhia est\u00e1 na Bolsa de Valores, no segmento de Novo Mercado, considerado o de mais elevado grau de governan\u00e7a corporativa.<\/em><\/p>\n\n\n\n<p><strong>Relacionamento com a imprensa: UniSociesc&nbsp;<a href=\"http:\/\/www.unisociesc.com.br\/\" target=\"_blank\" rel=\"noreferrer noopener\">www.unisociesc.com.br<\/a><\/strong><\/p>\n\n\n\n<p><strong>Mem Comunica\u00e7\u00e3o |&nbsp;<a href=\"http:\/\/www.memcomunicacao.com.br\/\" target=\"_blank\" rel=\"noreferrer noopener\">www.memcomunicacao.com.br<\/a><\/strong><\/p>\n\n\n\n<p>Genara Rigotti \u2013 \u00a0<a href=\"mailto:redacao03memcomunicacao@gmail.com\" target=\"_blank\" rel=\"noreferrer noopener\">redacao03memcomunicacao@gmail.com<\/a><\/p>\n\n\n\n<p>Marlise Groth Mem &#8211; \u00a0<a href=\"mailto:marliseassessoria@gmail.com\" target=\"_blank\" rel=\"noreferrer noopener\">marliseassessoria@gmail.com<\/a><\/p>\n\n\n\n<p>Jo\u00e3o Al\u00e9cio Mem \u2013 \u00a0<a href=\"mailto:joaoalecioassessoria@gmail.com\" target=\"_blank\" rel=\"noreferrer noopener\">joaoalecioassessoria@gmail.com<\/a><\/p>\n\n\n\n<p>Graziela Lindner \u2013 <a href=\"mailto:grazielalindner@gmail.com\" target=\"_blank\" rel=\"noreferrer noopener\">grazielalindner@gmail.com<\/a><\/p>\n\n\n\n<p>Jornalismo\/ Assessoria de Imprensa \/ Consultoria em Comunica\u00e7\u00e3o e Eventos<\/p>\n\n\n\n<p>@mem_e_mem_agencia_de_noticias<\/p>\n\n\n\n<figure class=\"wp-block-image size-large\"><img width=\"1024\" height=\"682\" src=\"https:\/\/vimagazine.com.br\/wp-content\/uploads\/2022\/08\/docentes-1024x682.jpg\" alt=\"\" class=\"wp-image-5201\" srcset=\"https:\/\/vimagazine.com.br\/wp-content\/uploads\/2022\/08\/docentes-1024x682.jpg 1024w, https:\/\/vimagazine.com.br\/wp-content\/uploads\/2022\/08\/docentes-300x200.jpg 300w, https:\/\/vimagazine.com.br\/wp-content\/uploads\/2022\/08\/docentes-768x512.jpg 768w, https:\/\/vimagazine.com.br\/wp-content\/uploads\/2022\/08\/docentes.jpg 1280w\" sizes=\"(max-width: 1024px) 100vw, 1024px\" \/><\/figure>\n","protected":false},"excerpt":{"rendered":"<p>Interessados t\u00eam at\u00e9 o dia 4 de agosto para fazer a inscri\u00e7\u00e3o. H\u00e1 oportunidades em&#8230;<\/p>\n","protected":false},"author":3,"featured_media":5199,"comment_status":"closed","ping_status":"open","sticky":false,"template":"","format":"standard","meta":{"om_disable_all_campaigns":false,"_monsterinsights_skip_tracking":false,"_monsterinsights_sitenote_active":false,"_monsterinsights_sitenote_note":"","_monsterinsights_sitenote_category":0,"spay_email":""},"categories":[1],"tags":[],"jetpack_featured_media_url":"https:\/\/vimagazine.com.br\/wp-content\/uploads\/2022\/08\/docentes3-e1659470171714.jpg","_links":{"self":[{"href":"https:\/\/vimagazine.com.br\/index.php?rest_route=\/wp\/v2\/posts\/5198"}],"collection":[{"href":"https:\/\/vimagazine.com.br\/index.php?rest_route=\/wp\/v2\/posts"}],"about":[{"href":"https:\/\/vimagazine.com.br\/index.php?rest_route=\/wp\/v2\/types\/post"}],"author":[{"embeddable":true,"href":"https:\/\/vimagazine.com.br\/index.php?rest_route=\/wp\/v2\/users\/3"}],"replies":[{"embeddable":true,"href":"https:\/\/vimagazine.com.br\/index.php?rest_route=%2Fwp%2Fv2%2Fcomments&post=5198"}],"version-history":[{"count":1,"href":"https:\/\/vimagazine.com.br\/index.php?rest_route=\/wp\/v2\/posts\/5198\/revisions"}],"predecessor-version":[{"id":5202,"href":"https:\/\/vimagazine.com.br\/index.php?rest_route=\/wp\/v2\/posts\/5198\/revisions\/5202"}],"wp:featuredmedia":[{"embeddable":true,"href":"https:\/\/vimagazine.com.br\/index.php?rest_route=\/wp\/v2\/media\/5199"}],"wp:attachment":[{"href":"https:\/\/vimagazine.com.br\/index.php?rest_route=%2Fwp%2Fv2%2Fmedia&parent=5198"}],"wp:term":[{"taxonomy":"category","embeddable":true,"href":"https:\/\/vimagazine.com.br\/index.php?rest_route=%2Fwp%2Fv2%2Fcategories&post=5198"},{"taxonomy":"post_tag","embeddable":true,"href":"https:\/\/vimagazine.com.br\/index.php?rest_route=%2Fwp%2Fv2%2Ftags&post=5198"}],"curies":[{"name":"wp","href":"https:\/\/api.w.org\/{rel}","templated":true}]}}