{"id":5226,"date":"2022-08-04T17:20:53","date_gmt":"2022-08-04T20:20:53","guid":{"rendered":"https:\/\/vimagazine.com.br\/?p=5226"},"modified":"2022-08-04T17:20:58","modified_gmt":"2022-08-04T20:20:58","slug":"com-direito-a-missa-no-cristo-redentor-e-surpresa-na-tv-gardenia-cavalcanti-celebra-mais-um-ano-de-vida","status":"publish","type":"post","link":"https:\/\/vimagazine.com.br\/?p=5226","title":{"rendered":"Com direito a missa no Cristo Redentor e surpresa na TV,  Gard\u00eania Cavalcanti celebra mais um ano de vida"},"content":{"rendered":"\n<p>Quarta-feira, dia 03 de agosto, dia de celebra\u00e7\u00e3o para Gard\u00eania Cavalcanti e todos que a amam. A alagoana completou mais um ano de vida e as comemora\u00e7\u00f5es iniciaram-se cedo. Com o nascer do dia, \u00e0s 6h da manh\u00e3 no Cristo Redentor, o Padre Omar celebrou uma missa em sua homenagem ao anivers\u00e1rio de Gard\u00eania, que h\u00e1 alguns anos exerce com todo amor do mundo a fun\u00e7\u00e3o de madrinha das a\u00e7\u00f5es sociais do Santu\u00e1rio Cristo Redentor. Com toda a sua fam\u00edlia o momento foi perfeito para agradecer todo sucesso e prosperidade em sua vida.<\/p>\n\n\n\n<p><em>\u201cFoi muito especial, amanhecer no Cristo Redentor com a missa e as palavras t\u00e3o lindas do reitor do Cristo, a participa\u00e7\u00e3o da minha av\u00f3 que mora t\u00e3o longe e minha irm\u00e3 tamb\u00e9m presente j\u00e1 que nos vemos t\u00e3o pouco por causa da dist\u00e2ncia.\u201d<\/em>, conta Gard\u00eania.<\/p>\n\n\n\n<figure class=\"wp-container-2 wp-block-gallery-1 wp-block-gallery columns-2 is-cropped\"><ul class=\"blocks-gallery-grid\"><li class=\"blocks-gallery-item\"><figure><img width=\"533\" height=\"800\" src=\"https:\/\/vimagazine.com.br\/wp-content\/uploads\/2022\/08\/Gardenia-Cavalcanti-Aniversario.jpg\" alt=\"\" data-id=\"5232\" data-full-url=\"https:\/\/vimagazine.com.br\/wp-content\/uploads\/2022\/08\/Gardenia-Cavalcanti-Aniversario.jpg\" data-link=\"https:\/\/vimagazine.com.br\/?attachment_id=5232\" class=\"wp-image-5232\" srcset=\"https:\/\/vimagazine.com.br\/wp-content\/uploads\/2022\/08\/Gardenia-Cavalcanti-Aniversario.jpg 533w, https:\/\/vimagazine.com.br\/wp-content\/uploads\/2022\/08\/Gardenia-Cavalcanti-Aniversario-200x300.jpg 200w\" sizes=\"(max-width: 533px) 100vw, 533px\" \/><figcaption class=\"blocks-gallery-item__caption\">Gard\u00eania Cavalcanti &#8211; Comemora\u00e7\u00e3o Anivers\u00e1rio &#8211; Foto: Divulga\u00e7\u00e3o\n<\/figcaption><\/figure><\/li><li class=\"blocks-gallery-item\"><figure><img width=\"800\" height=\"533\" src=\"https:\/\/vimagazine.com.br\/wp-content\/uploads\/2022\/08\/Gardenia-Cavalcanti-Aniversario-2.jpg\" alt=\"\" data-id=\"5231\" data-full-url=\"https:\/\/vimagazine.com.br\/wp-content\/uploads\/2022\/08\/Gardenia-Cavalcanti-Aniversario-2.jpg\" data-link=\"https:\/\/vimagazine.com.br\/?attachment_id=5231\" class=\"wp-image-5231\" srcset=\"https:\/\/vimagazine.com.br\/wp-content\/uploads\/2022\/08\/Gardenia-Cavalcanti-Aniversario-2.jpg 800w, https:\/\/vimagazine.com.br\/wp-content\/uploads\/2022\/08\/Gardenia-Cavalcanti-Aniversario-2-300x200.jpg 300w, https:\/\/vimagazine.com.br\/wp-content\/uploads\/2022\/08\/Gardenia-Cavalcanti-Aniversario-2-768x512.jpg 768w\" sizes=\"(max-width: 800px) 100vw, 800px\" \/><figcaption class=\"blocks-gallery-item__caption\">Gard\u00eania Cavalcanti &#8211; Comemora\u00e7\u00e3o Anivers\u00e1rio &#8211; Foto: Divulga\u00e7\u00e3o\n<\/figcaption><\/figure><\/li><\/ul><\/figure>\n\n\n\n<p>As surpresas e homenagens n\u00e3o pararam por a\u00ed. A apresentadora do \u201cVem Com A Gente\u201d, que vai ao ar nas tardes da Band de segunda a sexta, foi presenteada com uma surpresa, um programa muito especial. O influenciador Dudu Glamour, que apresenta o quadro &#8220;T\u00f4 De Olho, com Dudu Glamour\u201d, foi o comandante neste dia especial. <em>\u201cFoi tudo surpresa, como disse a ela, chumbo trocado n\u00e3o d\u00f3i, risos! Ela fez isso comigo no meu dia e agora fiz com ela.\u201d,<\/em> comenta Dudu.<\/p>\n\n\n\n<p>Recheado de atra\u00e7\u00f5es escolhidas a dedo, o grupo Fundo de Quintal deu um show no palco. <em>\u201cQue bom que o grupo Fundo de Quintal fez parte de um dia t\u00e3o festivo, t\u00e3o importante. Ficamos felizes por termos sido lembrados em um dia de celebra\u00e7\u00e3o para ela e toda a equipe.\u201d<\/em>, conta Junior Itagua\u00ed, vocalista do grupo. <em>\u201cMuito bom participar de um programa como esse, que valoriza a m\u00fasica popular brasileira. A Gard\u00eania \u00e9 incr\u00edvel, uma energia positiv\u00edssima, uma mulher batalhadora, guerreira. Foi muito importante para a gente do Fundo de Quintal participar desse momento, o anivers\u00e1rio dela, um novo ciclo, foi incr\u00edvel!\u201d<\/em>, completou M\u00e1rcio Alexandre, tamb\u00e9m vocalista do grupo.<\/p>\n\n\n\n<figure class=\"wp-container-4 wp-block-gallery-3 wp-block-gallery columns-3 is-cropped\"><ul class=\"blocks-gallery-grid\"><li class=\"blocks-gallery-item\"><figure><img width=\"598\" height=\"800\" src=\"https:\/\/vimagazine.com.br\/wp-content\/uploads\/2022\/08\/Gardenia-Cavalcanti-Aniversario-3.jpg\" alt=\"\" data-id=\"5230\" data-full-url=\"https:\/\/vimagazine.com.br\/wp-content\/uploads\/2022\/08\/Gardenia-Cavalcanti-Aniversario-3.jpg\" data-link=\"https:\/\/vimagazine.com.br\/?attachment_id=5230\" class=\"wp-image-5230\" srcset=\"https:\/\/vimagazine.com.br\/wp-content\/uploads\/2022\/08\/Gardenia-Cavalcanti-Aniversario-3.jpg 598w, https:\/\/vimagazine.com.br\/wp-content\/uploads\/2022\/08\/Gardenia-Cavalcanti-Aniversario-3-224x300.jpg 224w\" sizes=\"(max-width: 598px) 100vw, 598px\" \/><figcaption class=\"blocks-gallery-item__caption\">Gard\u00eania Cavalcanti &#8211; Comemora\u00e7\u00e3o Anivers\u00e1rio &#8211; Foto: Divulga\u00e7\u00e3o\n<\/figcaption><\/figure><\/li><li class=\"blocks-gallery-item\"><figure><img width=\"598\" height=\"800\" src=\"https:\/\/vimagazine.com.br\/wp-content\/uploads\/2022\/08\/Gardenia-Cavalcanti-Aniversario-4.jpg\" alt=\"\" data-id=\"5229\" data-full-url=\"https:\/\/vimagazine.com.br\/wp-content\/uploads\/2022\/08\/Gardenia-Cavalcanti-Aniversario-4.jpg\" data-link=\"https:\/\/vimagazine.com.br\/?attachment_id=5229\" class=\"wp-image-5229\" srcset=\"https:\/\/vimagazine.com.br\/wp-content\/uploads\/2022\/08\/Gardenia-Cavalcanti-Aniversario-4.jpg 598w, https:\/\/vimagazine.com.br\/wp-content\/uploads\/2022\/08\/Gardenia-Cavalcanti-Aniversario-4-224x300.jpg 224w\" sizes=\"(max-width: 598px) 100vw, 598px\" \/><figcaption class=\"blocks-gallery-item__caption\">Gard\u00eania Cavalcanti &#8211; Comemora\u00e7\u00e3o Anivers\u00e1rio &#8211; Foto: Divulga\u00e7\u00e3o\n<\/figcaption><\/figure><\/li><li class=\"blocks-gallery-item\"><figure><img width=\"598\" height=\"666\" src=\"https:\/\/vimagazine.com.br\/wp-content\/uploads\/2022\/08\/Gardenia-Cavalcanti-Aniversario-6.jpg\" alt=\"\" data-id=\"5228\" data-full-url=\"https:\/\/vimagazine.com.br\/wp-content\/uploads\/2022\/08\/Gardenia-Cavalcanti-Aniversario-6.jpg\" data-link=\"https:\/\/vimagazine.com.br\/?attachment_id=5228\" class=\"wp-image-5228\" srcset=\"https:\/\/vimagazine.com.br\/wp-content\/uploads\/2022\/08\/Gardenia-Cavalcanti-Aniversario-6.jpg 598w, https:\/\/vimagazine.com.br\/wp-content\/uploads\/2022\/08\/Gardenia-Cavalcanti-Aniversario-6-269x300.jpg 269w\" sizes=\"(max-width: 598px) 100vw, 598px\" \/><figcaption class=\"blocks-gallery-item__caption\">Gard\u00eania Cavalcanti &#8211; Comemora\u00e7\u00e3o Anivers\u00e1rio &#8211; Foto: Divulga\u00e7\u00e3o\n<\/figcaption><\/figure><\/li><\/ul><\/figure>\n\n\n\n<p>Para encher ainda mais todo o cen\u00e1rio de muito amor, v\u00e1rios amigos e familiares, inclusive do Recife, enviaram v\u00eddeos com homenagens e declara\u00e7\u00f5es, relembrando diversos momentos de sua vida e carreira.<\/p>\n\n\n\n<p>\u201cEu imaginava que eles preparariam uma surpresa, mas n\u00e3o tanto assim. A primeira pessoa que me enxergou como <em>apresentadora falando, o homem que me deu oportunidade no mercado de trabalho para ser executiva, meu chefe atual que \u00e9 o diretor-geral aqui da Band, e umas duzentas pessoas desceram para cantar parab\u00e9ns, eu to muito feliz e muito emocionada. A gente enxerga que est\u00e1 fazendo a coisa certa, quando temos esse carinho.\u201d<\/em><\/p>\n\n\n\n<p>Empres\u00e1ria, apresentadora, colunista, digital influencer, madrinha das a\u00e7\u00f5es sociais do Santu\u00e1rio Cristo Redentor, m\u00e3e e esposa, Gard\u00eania Cavalcanti vem crescendo cada vez mais e trilhando um caminho cheio de personalidade e dedica\u00e7\u00e3o. Apoiando sempre as artes, seja no teatro, na m\u00fasica, dan\u00e7a ou na TV, seu programa \u201cVem Com A Gente\u201d, \u00e9 exibido para todo o estado do Rio de Janeiro atrav\u00e9s da Band Rio e para todo o Brasil e mundo atrav\u00e9s do canal do \u201cVem com a Gente\u201d no YouTube da Band Rio: Vem com a Gente \u2013 YouTube.<\/p>\n","protected":false},"excerpt":{"rendered":"<p>Gard\u00eania Cavalcanti vem crescendo cada vez mais e trilhando um caminho cheio de personalidade e dedica\u00e7\u00e3o<\/p>\n","protected":false},"author":18,"featured_media":5227,"comment_status":"closed","ping_status":"open","sticky":false,"template":"","format":"standard","meta":{"om_disable_all_campaigns":false,"_monsterinsights_skip_tracking":false,"_monsterinsights_sitenote_active":false,"_monsterinsights_sitenote_note":"","_monsterinsights_sitenote_category":0,"spay_email":""},"categories":[1],"tags":[288,349,354,353,352,159],"jetpack_featured_media_url":"https:\/\/vimagazine.com.br\/wp-content\/uploads\/2022\/08\/WhatsApp-Image-2022-08-04-at-15.14.06-1.jpeg","_links":{"self":[{"href":"https:\/\/vimagazine.com.br\/index.php?rest_route=\/wp\/v2\/posts\/5226"}],"collection":[{"href":"https:\/\/vimagazine.com.br\/index.php?rest_route=\/wp\/v2\/posts"}],"about":[{"href":"https:\/\/vimagazine.com.br\/index.php?rest_route=\/wp\/v2\/types\/post"}],"author":[{"embeddable":true,"href":"https:\/\/vimagazine.com.br\/index.php?rest_route=\/wp\/v2\/users\/18"}],"replies":[{"embeddable":true,"href":"https:\/\/vimagazine.com.br\/index.php?rest_route=%2Fwp%2Fv2%2Fcomments&post=5226"}],"version-history":[{"count":1,"href":"https:\/\/vimagazine.com.br\/index.php?rest_route=\/wp\/v2\/posts\/5226\/revisions"}],"predecessor-version":[{"id":5233,"href":"https:\/\/vimagazine.com.br\/index.php?rest_route=\/wp\/v2\/posts\/5226\/revisions\/5233"}],"wp:featuredmedia":[{"embeddable":true,"href":"https:\/\/vimagazine.com.br\/index.php?rest_route=\/wp\/v2\/media\/5227"}],"wp:attachment":[{"href":"https:\/\/vimagazine.com.br\/index.php?rest_route=%2Fwp%2Fv2%2Fmedia&parent=5226"}],"wp:term":[{"taxonomy":"category","embeddable":true,"href":"https:\/\/vimagazine.com.br\/index.php?rest_route=%2Fwp%2Fv2%2Fcategories&post=5226"},{"taxonomy":"post_tag","embeddable":true,"href":"https:\/\/vimagazine.com.br\/index.php?rest_route=%2Fwp%2Fv2%2Ftags&post=5226"}],"curies":[{"name":"wp","href":"https:\/\/api.w.org\/{rel}","templated":true}]}}