{"id":5234,"date":"2022-08-05T01:08:52","date_gmt":"2022-08-05T04:08:52","guid":{"rendered":"https:\/\/vimagazine.com.br\/?p=5234"},"modified":"2022-08-05T09:57:46","modified_gmt":"2022-08-05T12:57:46","slug":"cirurgiao-dentista-fecha-parceria-e-inaugura-nova-clinica-odontologica","status":"publish","type":"post","link":"https:\/\/vimagazine.com.br\/?p=5234","title":{"rendered":"Cirurgi\u00e3o Dentista fecha parceria e inaugura nova cl\u00ednica odontol\u00f3gica"},"content":{"rendered":"\n<p><\/p>\n\n\n\n<p><\/p>\n\n\n\n<p><strong>&nbsp;&nbsp;&nbsp; Adriano Iglesias<\/strong> est\u00e1 h\u00e1 mais de 20 anos no mercado odontol\u00f3gico, \u00e9 formado em odontologia pela <strong>USP de Ribeir\u00e3o Preto<\/strong>. Possui especializa\u00e7\u00e3o nos <strong>Estados Unidos<\/strong>, onde passou anos viajando, estudando e praticando seu m\u00e9todo <strong>Full 2D de reabilita\u00e7\u00e3o oral<\/strong>. Foi durante esse tempo que p\u00f4de testar equipamentos, softwares, materiais e t\u00e9cnicas, tudo para garantir a qualidade e excel\u00eancia de seu servi\u00e7o atual.&nbsp;<\/p>\n\n\n\n<figure class=\"wp-block-image size-large\"><img width=\"1024\" height=\"683\" src=\"https:\/\/vimagazine.com.br\/wp-content\/uploads\/2022\/08\/0d21a4eb-cf4d-49fd-a8c9-23af3e3871cd-1024x683.jpg\" alt=\"\" class=\"wp-image-5235\" srcset=\"https:\/\/vimagazine.com.br\/wp-content\/uploads\/2022\/08\/0d21a4eb-cf4d-49fd-a8c9-23af3e3871cd-1024x683.jpg 1024w, https:\/\/vimagazine.com.br\/wp-content\/uploads\/2022\/08\/0d21a4eb-cf4d-49fd-a8c9-23af3e3871cd-300x200.jpg 300w, https:\/\/vimagazine.com.br\/wp-content\/uploads\/2022\/08\/0d21a4eb-cf4d-49fd-a8c9-23af3e3871cd-768x512.jpg 768w, https:\/\/vimagazine.com.br\/wp-content\/uploads\/2022\/08\/0d21a4eb-cf4d-49fd-a8c9-23af3e3871cd.jpg 1363w\" sizes=\"(max-width: 1024px) 100vw, 1024px\" \/><figcaption>Foto: divulga\u00e7\u00e3o <\/figcaption><\/figure>\n\n\n\n<p><\/p>\n\n\n\n<p><strong><em>Como surgiu a tecnologia 3D utilizada nas t\u00e9cnicas odontol\u00f3gicas, Dr. Adriano Iglesias?<\/em><\/strong><\/p>\n\n\n\n<p><\/p>\n\n\n\n<p><\/p>\n\n\n\n<p>&nbsp;<strong>R:<\/strong> Ap\u00f3s anos de pesquisas e estudos em tecnologia nos EUA, aperfei\u00e7oei a t\u00e9cnica digital de reabilita\u00e7\u00e3o oral em porcelana pura para lentes dentais<\/p>\n\n\n\n<p><\/p>\n\n\n\n<p>&nbsp; &#8211;&nbsp; Esta t\u00e9cnica muda o conceito de tratamento odontol\u00f3gico como conhec\u00edamos, pois, com poucas sess\u00f5es de atendimento \u00e9 poss\u00edvel com ajuda da Odontologia Digital e anestesia computadorizada, finalizar de maneira definitiva tratamentos com lentes de contato dentais em porcelana pura e at\u00e9 reabilita\u00e7\u00f5es extensas envolvendo implantes e demais especialidades.<\/p>\n\n\n\n<p><\/p>\n\n\n\n<p><strong><em>Qual o diferencial do tratamento das lentes de contato em rela\u00e7\u00e3o \u00e0s demais? Quais os benef\u00edcios?<\/em><\/strong><\/p>\n\n\n\n<p><\/p>\n\n\n\n<p><\/p>\n\n\n\n<p><strong>\u00a0\u00a0\u00a0 R:<\/strong> Com a tecnologia \u00e9 poss\u00edvel fazer o planejamento de cada caso de forma personalizada. Cada dente presente ou ausente na boca recebe um tipo de tratamento exclusivo para que seja restaurado de forma funcional e est\u00e9tica seguindo o projeto que foi desenhado no computador. Considerando as principais caracter\u00edsticas do paciente como idade, formato de rosto, cor de pele, cor do fundo dos olhos, enfim sua personalidade, para que o resultado final seja um conjunto natural de dentes que reflita um sorriso real, com o seu maior potencial de beleza&#8221;.<\/p>\n\n\n\n<p><\/p>\n\n\n\n<p>&nbsp; &#8211; Para a odontologia digital que realizamos \u00e9 preciso uma cl\u00ednica moderna, com centro cir\u00fargico, m\u00e9dico anestesista e equipamentos de tecnologia 3D possibilitando n\u00e3o s\u00f3 a instala\u00e7\u00e3o dos implantes sem dor e, das lentes dentais, mas de todos tratamentos complementares necess\u00e1rios.&nbsp; O tratamento \u00e9 indicado para voc\u00ea que deseja uma boca perfeita de forma r\u00e1pida, definitiva e com a m\u00e1xima qualidade.<\/p>\n\n\n\n<p><\/p>\n\n\n\n<p><strong><em>Como tem sido aceito pelo p\u00fablico esse tipo de t\u00e9cnica inovadora?<\/em><\/strong><\/p>\n\n\n\n<p><\/p>\n\n\n\n<p>&nbsp;&nbsp;&nbsp; <strong>R:&nbsp; <\/strong>O resultado final com as lentes dentais que desenvolvemos garante a satisfa\u00e7\u00e3o dos pacientes.<\/p>\n\n\n\n<p><\/p>\n\n\n\n<p>&nbsp;&nbsp; &#8211;&nbsp; &#8220;Meu objetivo com a T\u00e9cnica Digital de reabilita\u00e7\u00e3o oral \u00e9 trazer tranquilidade e seguran\u00e7a, devolvendo a apar\u00eancia que foi perdida com os anos e com tratamentos anteriores que n\u00e3o tiveram o resultado esperado&#8221;.<\/p>\n\n\n\n<p><\/p>\n\n\n\n<p><strong><em>O senhor atendeu famosos, que v\u00e3o de ex-BBB a cantores e Influencers. Como o senhor conseguiu obter todo esse sucesso com os famosos e quais s\u00e3o os atendimentos que eles mais pedem?<\/em><\/strong><\/p>\n\n\n\n<p><\/p>\n\n\n\n<p><strong>&nbsp;&nbsp; R: <\/strong>O sucesso est\u00e1 atrelado ao resultado est\u00e9tico impressionante que entregamos com nossas lentes dentais. O desejo por dentes perfeitos, brancos e alinhados de forma natural e com previsibilidade de resultado de forma r\u00e1pida inspira cada vez mais a procura por nosso tratamento exclusivo.<\/p>\n\n\n\n<p><\/p>\n\n\n\n<p><strong><em>No pr\u00f3ximo dia 10 o senhor ir\u00e1 lan\u00e7ar em parceria com o Dr. Viotto a Cl\u00ednica Viotto Rio Preto, em S\u00e3o Jos\u00e9 do Rio Preto (SP). Segundo fonte, a cl\u00ednica est\u00e1 equipada com o que h\u00e1 de melhor em odontologia digital. Quais as novidades que o p\u00fablico pode esperar?<\/em><\/strong><\/p>\n\n\n\n<p><\/p>\n\n\n\n<p><strong>&nbsp; R:<\/strong> A parceria com o Dr. Roberto Viotto vem fortalecer o trabalho est\u00e9tico que j\u00e1 realizamos h\u00e1 mais de 20 anos, trazendo para nossa regi\u00e3o as lentes de contato padr\u00e3o Viotto, que s\u00e3o reconhecidas, como as melhores do mundo.<\/p>\n\n\n\n<p><\/p>\n\n\n\n<p><strong><em>Como nasceu a sua parceria com o Dr. Viotto?<\/em><\/strong><\/p>\n\n\n\n<p><\/p>\n\n\n\n<p>&nbsp;<strong>R: <\/strong>Nossa parceria nasceu com o objetivo de somar for\u00e7as e oferecer aos nossos pacientes, lentes de contato dentais, em porcelana pura de alta qualidade e de forma exclusiva.<\/p>\n\n\n\n<p><\/p>\n\n\n\n<p><strong><em>Como as pessoas podem fazer para entrar em contato com o senhor?<\/em><\/strong><\/p>\n\n\n\n<p><\/p>\n\n\n\n<p><\/p>\n\n\n\n<p>&nbsp;<strong>R:&nbsp; <\/strong>Atrav\u00e9s das redes sociais. Clique <a href=\"https:\/\/www.instagram.com\/dr.adrianoiglesias\/\">aqui<\/a>.&nbsp; Acesse tamb\u00e9m <a href=\"https:\/\/www.instagram.com\/clinicaviottoriopreto\/\">aqui<\/a> ou visite o site do Dr. Adriando Iglesias. <a href=\"https:\/\/adrianoiglesias.com\/\">Aqui<\/a>. Ou ainda, voc\u00ea pode entrar em contato pelo whatsapp (17) 99129-1717 ou pelo telefone (17) 3222-7320.<\/p>\n\n\n\n<p><\/p>\n\n\n\n<p><\/p>\n","protected":false},"excerpt":{"rendered":"<p>&nbsp;&nbsp;&nbsp; Adriano Iglesias est\u00e1 h\u00e1 mais de 20 anos no mercado odontol\u00f3gico, \u00e9 formado em&#8230;<\/p>\n","protected":false},"author":2,"featured_media":5236,"comment_status":"closed","ping_status":"open","sticky":false,"template":"","format":"standard","meta":{"om_disable_all_campaigns":false,"_monsterinsights_skip_tracking":false,"_monsterinsights_sitenote_active":false,"_monsterinsights_sitenote_note":"","_monsterinsights_sitenote_category":0,"spay_email":""},"categories":[31],"tags":[371,373,372],"jetpack_featured_media_url":"https:\/\/vimagazine.com.br\/wp-content\/uploads\/2022\/08\/bb6e120e-da31-4572-8c64-a670a23c0067.jpg","_links":{"self":[{"href":"https:\/\/vimagazine.com.br\/index.php?rest_route=\/wp\/v2\/posts\/5234"}],"collection":[{"href":"https:\/\/vimagazine.com.br\/index.php?rest_route=\/wp\/v2\/posts"}],"about":[{"href":"https:\/\/vimagazine.com.br\/index.php?rest_route=\/wp\/v2\/types\/post"}],"author":[{"embeddable":true,"href":"https:\/\/vimagazine.com.br\/index.php?rest_route=\/wp\/v2\/users\/2"}],"replies":[{"embeddable":true,"href":"https:\/\/vimagazine.com.br\/index.php?rest_route=%2Fwp%2Fv2%2Fcomments&post=5234"}],"version-history":[{"count":2,"href":"https:\/\/vimagazine.com.br\/index.php?rest_route=\/wp\/v2\/posts\/5234\/revisions"}],"predecessor-version":[{"id":5238,"href":"https:\/\/vimagazine.com.br\/index.php?rest_route=\/wp\/v2\/posts\/5234\/revisions\/5238"}],"wp:featuredmedia":[{"embeddable":true,"href":"https:\/\/vimagazine.com.br\/index.php?rest_route=\/wp\/v2\/media\/5236"}],"wp:attachment":[{"href":"https:\/\/vimagazine.com.br\/index.php?rest_route=%2Fwp%2Fv2%2Fmedia&parent=5234"}],"wp:term":[{"taxonomy":"category","embeddable":true,"href":"https:\/\/vimagazine.com.br\/index.php?rest_route=%2Fwp%2Fv2%2Fcategories&post=5234"},{"taxonomy":"post_tag","embeddable":true,"href":"https:\/\/vimagazine.com.br\/index.php?rest_route=%2Fwp%2Fv2%2Ftags&post=5234"}],"curies":[{"name":"wp","href":"https:\/\/api.w.org\/{rel}","templated":true}]}}