{"id":5396,"date":"2022-08-06T12:39:30","date_gmt":"2022-08-06T15:39:30","guid":{"rendered":"https:\/\/vimagazine.com.br\/?p=5396"},"modified":"2022-08-06T12:39:30","modified_gmt":"2022-08-06T15:39:30","slug":"italo-coutinho-volta-aos-palcos-com-o-grupo-domino","status":"publish","type":"post","link":"https:\/\/vimagazine.com.br\/?p=5396","title":{"rendered":"Italo Coutinho volta aos palcos com o Grupo Domin\u00f3"},"content":{"rendered":"\n<p><\/p>\n\n\n\n<p style=\"font-size:18px\">O ex-Domin\u00f3, \u00cdtalo Coutinho, 43 anos, propriet\u00e1rio da marca Domin\u00f3, deixada por Gugu, fez sua estr\u00e9ia em S\u00e3o Paulo, no \u00faltimo dia 10 de julho, com novo show do Domin\u00f3 na caravana SV Sebah Vieira, ao lado de Mara Maravilha , C\u00e1tia Paganote (Paquist\u00e3o) , Rosana , Sebah Vieira, Grupo Polegar, entre outros .<\/p>\n\n\n\n<p style=\"font-size:18px\">O show Caravana SV Sebah Viera, traz sucessos e \u00edcones da m\u00fasica brasileira dos anos 80, 90 e 2000. No come\u00e7o de setembro deste ano, O ex-Domin\u00f3 participar\u00e1, tamb\u00e9m, da Lavagem de Sainte Madelleine, em Paris, como cantor, no mesmo per\u00edodo em que aprimorar\u00e1 seus conhecimentos culin\u00e1rios no Le Cordon Bleu, onde come\u00e7ou sua forma\u00e7\u00e3o como Chef Internacional. \u00edtalo Coutinho atua, ainda, como Digital Influencer e Blogueiro, possuindo um canal de culin\u00e1ria no YouTube e no Instagram, chamado Del\u00edcias de \u00cdtalo COUTINHO, com receitas simples e sofisticadas. Por onde passa o ex-Domin\u00f3 agita e encanta, levando conhecimento e divers\u00e3o atrav\u00e9s de sua arte e carisma!<\/p>\n\n\n\n<p><\/p>\n\n\n\n<p><\/p>\n\n\n\n<figure class=\"wp-container-2 wp-block-gallery-1 wp-block-gallery columns-3 is-cropped\"><ul class=\"blocks-gallery-grid\"><li class=\"blocks-gallery-item\"><figure><img width=\"1024\" height=\"683\" src=\"https:\/\/vimagazine.com.br\/wp-content\/uploads\/2022\/08\/f073ae1d-cdfb-441f-82a3-ebd35806d3d3.jpeg\" alt=\"\" data-id=\"5398\" data-full-url=\"https:\/\/vimagazine.com.br\/wp-content\/uploads\/2022\/08\/f073ae1d-cdfb-441f-82a3-ebd35806d3d3.jpeg\" data-link=\"https:\/\/vimagazine.com.br\/?attachment_id=5398\" class=\"wp-image-5398\" srcset=\"https:\/\/vimagazine.com.br\/wp-content\/uploads\/2022\/08\/f073ae1d-cdfb-441f-82a3-ebd35806d3d3.jpeg 1024w, https:\/\/vimagazine.com.br\/wp-content\/uploads\/2022\/08\/f073ae1d-cdfb-441f-82a3-ebd35806d3d3-300x200.jpeg 300w, https:\/\/vimagazine.com.br\/wp-content\/uploads\/2022\/08\/f073ae1d-cdfb-441f-82a3-ebd35806d3d3-768x512.jpeg 768w\" sizes=\"(max-width: 1024px) 100vw, 1024px\" \/><\/figure><\/li><li class=\"blocks-gallery-item\"><figure><img width=\"750\" height=\"674\" src=\"https:\/\/vimagazine.com.br\/wp-content\/uploads\/2022\/08\/IMG_1044.jpeg\" alt=\"\" data-id=\"5399\" data-full-url=\"https:\/\/vimagazine.com.br\/wp-content\/uploads\/2022\/08\/IMG_1044.jpeg\" data-link=\"https:\/\/vimagazine.com.br\/?attachment_id=5399\" class=\"wp-image-5399\" srcset=\"https:\/\/vimagazine.com.br\/wp-content\/uploads\/2022\/08\/IMG_1044.jpeg 750w, https:\/\/vimagazine.com.br\/wp-content\/uploads\/2022\/08\/IMG_1044-300x270.jpeg 300w\" sizes=\"(max-width: 750px) 100vw, 750px\" \/><\/figure><\/li><li class=\"blocks-gallery-item\"><figure><img width=\"828\" height=\"914\" src=\"https:\/\/vimagazine.com.br\/wp-content\/uploads\/2022\/08\/IMG_1045.jpeg\" alt=\"\" data-id=\"5400\" data-full-url=\"https:\/\/vimagazine.com.br\/wp-content\/uploads\/2022\/08\/IMG_1045.jpeg\" data-link=\"https:\/\/vimagazine.com.br\/?attachment_id=5400\" class=\"wp-image-5400\" srcset=\"https:\/\/vimagazine.com.br\/wp-content\/uploads\/2022\/08\/IMG_1045.jpeg 828w, https:\/\/vimagazine.com.br\/wp-content\/uploads\/2022\/08\/IMG_1045-272x300.jpeg 272w, https:\/\/vimagazine.com.br\/wp-content\/uploads\/2022\/08\/IMG_1045-768x848.jpeg 768w\" sizes=\"(max-width: 828px) 100vw, 828px\" \/><\/figure><\/li><\/ul><\/figure>\n\n\n\n<p style=\"font-size:18px\">Contatos:<\/p>\n\n\n\n<p style=\"font-size:18px\">Instagram @italocoutinhosol<\/p>\n\n\n\n<p style=\"font-size:18px\">Canal YouTube: Del\u00edcias de Italo Coutinho&nbsp;<\/p>\n","protected":false},"excerpt":{"rendered":"<p>O ex-Domin\u00f3, \u00cdtalo Coutinho, 43 anos, propriet\u00e1rio da marca Domin\u00f3, deixada por Gugu, fez sua&#8230;<\/p>\n","protected":false},"author":1,"featured_media":5397,"comment_status":"closed","ping_status":"open","sticky":false,"template":"","format":"standard","meta":{"om_disable_all_campaigns":false,"_monsterinsights_skip_tracking":false,"_monsterinsights_sitenote_active":false,"_monsterinsights_sitenote_note":"","_monsterinsights_sitenote_category":0,"spay_email":""},"categories":[26],"tags":[],"jetpack_featured_media_url":"https:\/\/vimagazine.com.br\/wp-content\/uploads\/2022\/08\/982d647e-f801-40e6-823b-0b4ab89ab6f5.jpeg","_links":{"self":[{"href":"https:\/\/vimagazine.com.br\/index.php?rest_route=\/wp\/v2\/posts\/5396"}],"collection":[{"href":"https:\/\/vimagazine.com.br\/index.php?rest_route=\/wp\/v2\/posts"}],"about":[{"href":"https:\/\/vimagazine.com.br\/index.php?rest_route=\/wp\/v2\/types\/post"}],"author":[{"embeddable":true,"href":"https:\/\/vimagazine.com.br\/index.php?rest_route=\/wp\/v2\/users\/1"}],"replies":[{"embeddable":true,"href":"https:\/\/vimagazine.com.br\/index.php?rest_route=%2Fwp%2Fv2%2Fcomments&post=5396"}],"version-history":[{"count":1,"href":"https:\/\/vimagazine.com.br\/index.php?rest_route=\/wp\/v2\/posts\/5396\/revisions"}],"predecessor-version":[{"id":5401,"href":"https:\/\/vimagazine.com.br\/index.php?rest_route=\/wp\/v2\/posts\/5396\/revisions\/5401"}],"wp:featuredmedia":[{"embeddable":true,"href":"https:\/\/vimagazine.com.br\/index.php?rest_route=\/wp\/v2\/media\/5397"}],"wp:attachment":[{"href":"https:\/\/vimagazine.com.br\/index.php?rest_route=%2Fwp%2Fv2%2Fmedia&parent=5396"}],"wp:term":[{"taxonomy":"category","embeddable":true,"href":"https:\/\/vimagazine.com.br\/index.php?rest_route=%2Fwp%2Fv2%2Fcategories&post=5396"},{"taxonomy":"post_tag","embeddable":true,"href":"https:\/\/vimagazine.com.br\/index.php?rest_route=%2Fwp%2Fv2%2Ftags&post=5396"}],"curies":[{"name":"wp","href":"https:\/\/api.w.org\/{rel}","templated":true}]}}