{"id":5406,"date":"2022-08-06T12:59:39","date_gmt":"2022-08-06T15:59:39","guid":{"rendered":"https:\/\/vimagazine.com.br\/?p=5406"},"modified":"2022-08-06T13:01:18","modified_gmt":"2022-08-06T16:01:18","slug":"expocentro-recebe-zeze-di-camargo-e-luciano-na-turne-30-anos-e-o-amor","status":"publish","type":"post","link":"https:\/\/vimagazine.com.br\/?p=5406","title":{"rendered":"Expocentro recebe Zez\u00e9 Di Camargo e Luciano na turn\u00ea \u201c30 anos &#8211; \u00c9 o amor&#8221;"},"content":{"rendered":"\n<p><\/p>\n\n\n\n<p class=\"has-medium-font-size\"><em><strong>Dupla se apresenta em Santa Catarina em outubro<\/strong><\/em><\/p>\n\n\n\n<p><\/p>\n\n\n\n<p style=\"font-size:18px\">Os irm\u00e3os Zez\u00e9 Di Camargo e Luciano estar\u00e3o no Expocentro, dia 21 de outubro, com a turn\u00ea \u201c30 anos- \u00c9 o amor\u201d. \u201cEstamos muito felizes de trazer para a cidade um show ic\u00f4nico, com estes artistas que marcaram gera\u00e7\u00f5es. E ainda movimentar o turismo e a economia da regi\u00e3o\u201d, salienta Djalma Berger, administrador do Expocentro Balne\u00e1rio Cambori\u00fa J\u00falio Tedesco.<\/p>\n\n\n\n<p style=\"font-size:18px\">Nem Zez\u00e9 Di Camargo e Luciano sabem muito bem como \u00e9 que 30 anos se passaram desde que \u201c\u00c9 o Amor\u201d se consagrou de Norte a Sul do pa\u00eds, sendo, de tempos em tempos, regravada pelas vozes mais plurais da M\u00fasica Brasileira. E l\u00e1 se v\u00e3o tr\u00eas d\u00e9cadas desde que \u201c\u00c9 o Amor\u201d chegou \u00e0 r\u00e1dio Terra de Goi\u00e2nia (GO), em uma singela fita K-7 levada por Seu Francisco Camargo, pai de Zez\u00e9 Di Camargo e Luciano. De l\u00e1 pra c\u00e1, a can\u00e7\u00e3o composta por Zez\u00e9, acumula mais de 70 regrava\u00e7\u00f5es, incluindo int\u00e9rpretes que a lan\u00e7aram em hebraico e russo, somando mais de 1 bilh\u00e3o de execu\u00e7\u00f5es no mundo, segundo dados do ECAD.<br>E \u00e9 no embalo do hit que os al\u00e7ou ao sucesso que os irm\u00e3os prometem um show memor\u00e1vel aos f\u00e3s do Sul. A profundidade que se faz presente nessa hist\u00f3ria, de certa forma, inspira a ilus\u00e3o \u00f3tica dos pain\u00e9is de LED que estampam imagens e cen\u00e1rios ao fundo do palco de \u201c30 anos &#8211; \u00c9 o amor&#8221;. O espet\u00e1culo em quest\u00e3o celebra, em grande estilo, a turn\u00ea dos 2 Filhos de Francisco em todo o Brasil, mas que ganhar\u00e1 alguns elementos surpresas em uma das regi\u00f5es mais belas do pa\u00eds<br>Com muitas imagens em tel\u00f5es e efeitos de luzes, 30 ANOS &#8211; \u00c9 O AMOR faz &#8220;uma viagem no tempo\u201d. \u201cTeremos aquelas can\u00e7\u00f5es que n\u00e3o necessariamente foram trabalhadas nas r\u00e1dios, de 1991 para c\u00e1, mas que o p\u00fablico gosta, sempre cantou e pediu nos shows. Agora, atendemos os pedidos&#8221;, afirma Luciano.<br>Segundo Zez\u00e9 Di Camargo, no repert\u00f3rio, o p\u00fablico poder\u00e1 contemplar um pedacinho de cada \u00e9poca da dupla, durante toda a sua trajet\u00f3ria. \u201cVai ser uma apresenta\u00e7\u00e3o especial para os f\u00e3s, numa regi\u00e3o que eu amo tanto e me sinto em casa, por isso comprei um apartamento, onde sempre estou com a Graciele&#8221;, afirma Zez\u00e9 Di Camargo.<br><br>PLAYLIST DO AMOR:<br><br>\u201cFera Mansa\u201d, \u201cComo Um Anjo\u201d, \u201cVivendo Por Viver\u201d, \u201cDou a Vida Por Um Beijo\u201d, \u201cVoc\u00ea Vai Ver\u201d, \u201cToma Ju\u00edzo\u201d, \u201cPreciso Ser Amado\u201d, \u201cTarde Demais\u201d, \u201cT\u00e3o Linda e T\u00e3o Louca\u201d, \u201cPra N\u00e3o Pensar em Voc\u00ea\u201d, \u201cEstrada da Vida\u201d, \u201cDo Outro Lado da Cidade\u201d, \u201cAinda Ontem Chorei de Saudade\u201d, \u201cDois Cora\u00e7\u00f5es e Uma Hist\u00f3ria\u201d, \u201cSem Medo de Ser Feliz\u201d, \u201cMe Leva Pra Casa\u201d, \u201cA Ferro e Fogo\u201d, \u201cNa Hora H\u201d, \u201cIndiferen\u00e7a\u201d, \u201cPedras\u201d, \u201cMentes T\u00e3o Bem\u201d, \u201c\u00c9 O Amor\u201d, \u201cNo Dia Em Que Eu Sai de Casa\u201d, \u201cFlores Em Vida\u201d, \u201cSonho de Amor\u201d e \u201cMexe Que \u00e9 Bom\u201d.<br><br><br><strong>SIN\u00d4NIMO DE SUCESSO:<\/strong><br><br>S\u00e3o mais de 40 milh\u00f5es de c\u00f3pias vendidas. S\u00f3 no Brasil, somam cerca de 120 shows por ano, com p\u00fablico m\u00e9dio de 30 mil pessoas, enquanto avan\u00e7am fronteiras pelo mercado latino vizinho ao Brasil, com sucesso esplendoroso. A fa\u00e7anha maior, no entanto, est\u00e1 na perman\u00eancia constante no top das paradas de sucesso durante essas d\u00e9cadas, Em 2005, quando a dupla emprestou a sua hist\u00f3ria ao cinema para o longa-metragem \u201c2 Filhos de Francisco\u201d, as bilheterias fizeram jus \u00e0 saga da fam\u00edlia Camargo, com mais de seis milh\u00f5es de ingressos vendidos. Em 2018, tamb\u00e9m estiveram em cartaz com o musical sobre eles, uma produ\u00e7\u00e3o brilhantemente assinada pela T4F.<br><br>A \u201cviagem no tempo\u201d, que agora se apresenta, surge como oportunidade rara, e muito especial em raz\u00e3o da celebra\u00e7\u00e3o pelos 30 anos de uma hist\u00f3ria de sucesso, de percorrer toda essa linha do tempo por meio das can\u00e7\u00f5es que fazem sua trilha sonora. E, ouvindo todo o repert\u00f3rio, \u00e9 de se perguntar se realmente se passaram tr\u00eas d\u00e9cadas, ou se tudo parece ter sido cantado ontem mesmo, um pouco pela falta de no\u00e7\u00e3o que a velocidade do tempo nos imp\u00f5e, um pouco pela perman\u00eancia dessas m\u00fasicas na nossa mem\u00f3ria afetiva. Que Bom!<br>A venda de ingressos j\u00e1 est\u00e1 aberta no site do Ingresso Nacional.&nbsp;<a href=\"https:\/\/mail.hostinger.com\/#NOP\">https:\/\/www.ingressonacional.com.br\/evento\/20738\/zeze-di-camargo-e-luciano&#8211;30-anos-de-sucesso<\/a><\/p>\n\n\n\n<p><\/p>\n\n\n\n<figure class=\"wp-container-2 wp-block-gallery-1 wp-block-gallery columns-1 is-cropped\"><ul class=\"blocks-gallery-grid\"><li class=\"blocks-gallery-item\"><figure><img width=\"1024\" height=\"683\" src=\"https:\/\/vimagazine.com.br\/wp-content\/uploads\/2022\/08\/zcl-2393-1024x683.jpg\" alt=\"\" data-id=\"5408\" data-full-url=\"https:\/\/vimagazine.com.br\/wp-content\/uploads\/2022\/08\/zcl-2393.jpg\" data-link=\"https:\/\/vimagazine.com.br\/?attachment_id=5408\" class=\"wp-image-5408\" srcset=\"https:\/\/vimagazine.com.br\/wp-content\/uploads\/2022\/08\/zcl-2393-1024x683.jpg 1024w, https:\/\/vimagazine.com.br\/wp-content\/uploads\/2022\/08\/zcl-2393-300x200.jpg 300w, https:\/\/vimagazine.com.br\/wp-content\/uploads\/2022\/08\/zcl-2393-768x512.jpg 768w, https:\/\/vimagazine.com.br\/wp-content\/uploads\/2022\/08\/zcl-2393-1536x1024.jpg 1536w, https:\/\/vimagazine.com.br\/wp-content\/uploads\/2022\/08\/zcl-2393.jpg 1920w\" sizes=\"(max-width: 1024px) 100vw, 1024px\" \/><\/figure><\/li><\/ul><\/figure>\n\n\n\n<p><br><strong>Data:&nbsp;<\/strong>21 de outubro<br><strong>Abertura dos port\u00f5es:<\/strong>&nbsp;20 horas<br><strong>Venda de ingressos:<\/strong>&nbsp;Ingresso Nacional<br><strong>Expocentro Balne\u00e1rio Cambori\u00fa J\u00falio Tedesco<\/strong><br><strong>Contato:<\/strong><br>47 &#8211; 3228-1700<br>47 &#8211; 3228-1701<br>Av. Marginal Oeste- Balne\u00e1rio Cambori\u00fa-SC<br>@expocentrobc<br><a href=\"https:\/\/mail.hostinger.com\/#NOP\">www.expocentrobc.com.br<\/a><\/p>\n","protected":false},"excerpt":{"rendered":"<p>Dupla se apresenta em Santa Catarina em outubro Os irm\u00e3os Zez\u00e9 Di Camargo e Luciano&#8230;<\/p>\n","protected":false},"author":1,"featured_media":5411,"comment_status":"closed","ping_status":"open","sticky":false,"template":"","format":"standard","meta":{"om_disable_all_campaigns":false,"_monsterinsights_skip_tracking":false,"_monsterinsights_sitenote_active":false,"_monsterinsights_sitenote_note":"","_monsterinsights_sitenote_category":0,"spay_email":""},"categories":[26],"tags":[],"jetpack_featured_media_url":"https:\/\/vimagazine.com.br\/wp-content\/uploads\/2022\/08\/zcl-foto-1-1.jpg","_links":{"self":[{"href":"https:\/\/vimagazine.com.br\/index.php?rest_route=\/wp\/v2\/posts\/5406"}],"collection":[{"href":"https:\/\/vimagazine.com.br\/index.php?rest_route=\/wp\/v2\/posts"}],"about":[{"href":"https:\/\/vimagazine.com.br\/index.php?rest_route=\/wp\/v2\/types\/post"}],"author":[{"embeddable":true,"href":"https:\/\/vimagazine.com.br\/index.php?rest_route=\/wp\/v2\/users\/1"}],"replies":[{"embeddable":true,"href":"https:\/\/vimagazine.com.br\/index.php?rest_route=%2Fwp%2Fv2%2Fcomments&post=5406"}],"version-history":[{"count":2,"href":"https:\/\/vimagazine.com.br\/index.php?rest_route=\/wp\/v2\/posts\/5406\/revisions"}],"predecessor-version":[{"id":5412,"href":"https:\/\/vimagazine.com.br\/index.php?rest_route=\/wp\/v2\/posts\/5406\/revisions\/5412"}],"wp:featuredmedia":[{"embeddable":true,"href":"https:\/\/vimagazine.com.br\/index.php?rest_route=\/wp\/v2\/media\/5411"}],"wp:attachment":[{"href":"https:\/\/vimagazine.com.br\/index.php?rest_route=%2Fwp%2Fv2%2Fmedia&parent=5406"}],"wp:term":[{"taxonomy":"category","embeddable":true,"href":"https:\/\/vimagazine.com.br\/index.php?rest_route=%2Fwp%2Fv2%2Fcategories&post=5406"},{"taxonomy":"post_tag","embeddable":true,"href":"https:\/\/vimagazine.com.br\/index.php?rest_route=%2Fwp%2Fv2%2Ftags&post=5406"}],"curies":[{"name":"wp","href":"https:\/\/api.w.org\/{rel}","templated":true}]}}