{"id":5424,"date":"2022-08-08T02:00:19","date_gmt":"2022-08-08T05:00:19","guid":{"rendered":"https:\/\/vimagazine.com.br\/?p=5424"},"modified":"2022-08-08T02:00:23","modified_gmt":"2022-08-08T05:00:23","slug":"rita-lima-e-igor-oliveira-falam-sobre-o-programa-ricos-e-destacam-o-entusiasmo-que-possuem-em-transformar-vidas","status":"publish","type":"post","link":"https:\/\/vimagazine.com.br\/?p=5424","title":{"rendered":"Rita Lima e Igor Oliveira falam sobre o \u201cPrograma Ricos\u201d e destacam o entusiasmo que possuem em transformar vidas"},"content":{"rendered":"\n<p><\/p>\n\n\n\n<p><strong>\u00a0\u00a0 Rita Lima<\/strong>\u00a0\u00e9 empres\u00e1ria com atua\u00e7\u00e3o h\u00e1 mais de 13 anos no segmento de cons\u00f3rcio, possui curso de Starter practitioner em Programa\u00e7\u00e3o neurolingu\u00edstica &#8211;\u00a0<strong>PNL<\/strong>\u00a0&#8211; Neuro Training Institute e tem um projeto no qual atua como mentora ajudando as pessoas a mudarem de vida.<\/p>\n\n\n\n<figure class=\"wp-block-image size-large\"><img width=\"1024\" height=\"750\" src=\"https:\/\/vimagazine.com.br\/wp-content\/uploads\/2022\/08\/9bb939a0-8f8b-4fe8-9729-816165add2ea-1024x750.jpg\" alt=\"\" class=\"wp-image-5425\" srcset=\"https:\/\/vimagazine.com.br\/wp-content\/uploads\/2022\/08\/9bb939a0-8f8b-4fe8-9729-816165add2ea-1024x750.jpg 1024w, https:\/\/vimagazine.com.br\/wp-content\/uploads\/2022\/08\/9bb939a0-8f8b-4fe8-9729-816165add2ea-300x220.jpg 300w, https:\/\/vimagazine.com.br\/wp-content\/uploads\/2022\/08\/9bb939a0-8f8b-4fe8-9729-816165add2ea-768x562.jpg 768w, https:\/\/vimagazine.com.br\/wp-content\/uploads\/2022\/08\/9bb939a0-8f8b-4fe8-9729-816165add2ea.jpg 1280w\" sizes=\"(max-width: 1024px) 100vw, 1024px\" \/><figcaption>Foto: divulga\u00e7\u00e3o <\/figcaption><\/figure>\n\n\n\n<p><\/p>\n\n\n\n<p>\u00a0\u00a0 Com o \u2018<strong>Programa Ricos<\/strong>\u2019 \u2013 forma\u00e7\u00e3o de l\u00edderes de excel\u00eancia, para tornar pessoas aptas a serem empreendedoras de sucesso, e sobretudo a como se manterem bem-sucedidas, eu entrevistei os idealizadores do projeto, <strong>Rita Lima<\/strong> e seu esposo, <strong>Igor Oliveira<\/strong>.\u00a0<\/p>\n\n\n\n<p><\/p>\n\n\n\n<p><strong><em>O que \u00e9 o \u2018Programa Ricos\u2019?<\/em><\/strong><\/p>\n\n\n\n<p><\/p>\n\n\n\n<p>\u00a0<strong>R: <\/strong>O Programa Ricos \u00e9 um treinamento de Equipe que desenvolvemos com o intuito de dar todo o apoio profissional e manter o pessoal motivado, capacitado e trabalhar a produtividade em vendas.<\/p>\n\n\n\n<p><\/p>\n\n\n\n<p><strong><em>Como e quando surgiu o \u2018Programa Ricos\u2019?<\/em><\/strong><\/p>\n\n\n\n<p><\/p>\n\n\n\n<p>\u00a0<strong>R: <\/strong>Surgiu no ano de 2017, est\u00e1vamos no estado do Pernambuco. Surgiu com a ideia do Igor Oliveira, o intuito era criar um movimento de capacita\u00e7\u00e3o, desenvolvimento pessoal, treinamentos e trabalhar produtividade em vendas.<\/p>\n\n\n\n<p><\/p>\n\n\n\n<p><strong><em>Quem s\u00e3o os l\u00edderes de voc\u00eas e quais as suas fun\u00e7\u00f5es e estados no qual atuam?<\/em><\/strong><\/p>\n\n\n\n<p><\/p>\n\n\n\n<p><strong>\u00a0R: Ketlen Farias<\/strong> &#8211; Diretora Norte e Nordeste programa Ricos<\/p>\n\n\n\n<p><\/p>\n\n\n\n<p><strong>\u00a0Bruna Franco<\/strong> e <strong>Danny Hebert<\/strong> &#8211; Plataforma do Pernambuco programa Ricos<\/p>\n\n\n\n<p><\/p>\n\n\n\n<p><strong>\u00a0Laura Lalesca<\/strong> e <strong>Aline Silva<\/strong> &#8211; Plataforma Estado da Para\u00edba Programa Ricos.<\/p>\n\n\n\n<p><\/p>\n\n\n\n<p><strong>Yasmin C\u00e2ndido<\/strong> e <strong>Claudemir Mar\u00e7al<\/strong> &#8211; Coordenadores de Estado Rio Grande do Norte.<\/p>\n\n\n\n<p><\/p>\n\n\n\n<p><strong>Daniel Lima<\/strong> e <strong>Frank Arag\u00e3o<\/strong> &#8211; Coordenadores de estado da Alagoas Programa Ricos.<\/p>\n\n\n\n<p><\/p>\n\n\n\n<p><strong>D\u00e9bora Oliveira<\/strong> &#8211; Coordenadora de Estado Cear\u00e1 Programa Ricos.<\/p>\n\n\n\n<p><\/p>\n\n\n\n<p><strong>Pamela Tauane<\/strong> e <strong>Maiara Sampaio<\/strong> &#8211; Plataformas estado de S\u00e3o Paulo Programa Ricos.<\/p>\n\n\n\n<p><\/p>\n\n\n\n<p><strong>Sueli Santos<\/strong> &#8211; Plataforma Estado Rio de Janeiro Programa Ricos.<\/p>\n\n\n\n<p><\/p>\n\n\n\n<p><strong><em>Representantes Programa Ricos<\/em><\/strong>:<\/p>\n\n\n\n<p><\/p>\n\n\n\n<p>\u00c1lvaro Rocha e Mayse, Gabriel Duarte, Amanda Karolayne, Lucas Henrique, C\u00e1ssia Lima, Alan Pereira, Raquel Poliana, Jos\u00e9 mathias e Camila Oliveira, Wilison Teixeira, Marcela Farias, \u00cdtala Gomes, B\u00e1rbara Sammy e Daniel Pessoa, Wellington Marcelino, Monica Brasil, Andr\u00e9 Luiz, Ruan Barbosa, Fernando Bispo.<\/p>\n\n\n\n<p><\/p>\n\n\n\n<p><strong><em>Qual o perfil desses l\u00edderes e qual o principal foco eles precisam ter para transformar a vida das pessoas?<\/em><\/strong><\/p>\n\n\n\n<p><\/p>\n\n\n\n<p>\u00a0\u00a0\u00a0 <strong>R: <\/strong>Eles precisam ser determinados, focados e disciplinados. O foco deles \u00e9 tamb\u00e9m na transforma\u00e7\u00e3o de pessoas, e precis\u00e3o ser exemplo e inspira\u00e7\u00e3o para os outros. Eles contribuem diretamente na forma\u00e7\u00e3o de pessoas que saem do absoluto zero, entram para o mundo empreendedor e mudam de vida.<\/p>\n\n\n\n<p><\/p>\n\n\n\n<p><strong><em>Quais os principais meios para que uma pessoa se torne empres\u00e1rio e, sobretudo, se mantenha empres\u00e1rio?<\/em><\/strong><\/p>\n\n\n\n<p><\/p>\n\n\n\n<p>\u00a0 <strong>R: \u00a0<\/strong>Honestidade e prop\u00f3sito. O que mant\u00e9m uma equipe alinhada e unida n\u00e3o \u00e9 o dinheiro que voc\u00ea d\u00e1 a ela, mas o motivo por ela estar ali. Ent\u00e3o quando voc\u00ea se torna um empres\u00e1rio, voc\u00ea precisa continuar com o seu prop\u00f3sito bem claro para conseguir prosseguir.<\/p>\n\n\n\n<p><\/p>\n\n\n\n<p><strong><em>Quais s\u00e3o as principais orienta\u00e7\u00f5es que voc\u00ea e seu esposo, Igor Oliveira ministram nesse per\u00edodo em que voc\u00eas ficam com os l\u00edderes que s\u00e3o formados por voc\u00eas?<\/em><\/strong><\/p>\n\n\n\n<p><\/p>\n\n\n\n<p>\u00a0<strong>R: \u00a0<\/strong>Os principais temas que n\u00f3s abordamos nesse per\u00edodo de forma\u00e7\u00e3o s\u00e3o:<\/p>\n\n\n\n<p><\/p>\n\n\n\n<p>Mentalidade, Hard skills, Soft skills, Produto, Marketing, Vendas, Educa\u00e7\u00e3o financeira e Gest\u00e3o.<\/p>\n\n\n\n<p><\/p>\n\n\n\n<p><strong><em>Voc\u00eas possuem uma meta de transformar vidas. Como surgiu esse prop\u00f3sito em voc\u00eas e como \u00e9 ficar longe da fam\u00edlia e filhos nesse per\u00edodo da forma\u00e7\u00e3o?<\/em><\/strong><\/p>\n\n\n\n<p><\/p>\n\n\n\n<p>\u00a0<strong>R: \u00a0<\/strong>N\u00e3o \u00e9 f\u00e1cil ficar longe de casa, mas nosso prop\u00f3sito \u00e9 bem maior do isso. Assim sendo esse m\u00eas, estamos colocando a nossa pele em jogo. N\u00f3s tivemos nossas vidas transformadas, sa\u00edmos do zero e crescemos muito e, hoje podemos ajudar pessoas a fazerem o mesmo e vamos continuar fazendo!<\/p>\n\n\n\n<p><\/p>\n\n\n\n<p><strong><em>Como as pessoas podem fazer para participar da forma\u00e7\u00e3o que voc\u00eas oferecem no &#8216;Programa Ricos&#8217;? Como as pessoas podem fazer para entrarem em contato com voc\u00eas?<\/em><\/strong><\/p>\n\n\n\n<p><\/p>\n\n\n\n<p>\u00a0<strong>R: \u00a0<\/strong>A nossa forma\u00e7\u00e3o \u00e9 \u201caberta\u201d para quem tem coragem e vontade de mudar de vida. \u00c9 s\u00f3 falar com um de nossos representantes e passar pela nossa triagem. Clique no link do nosso <a href=\"https:\/\/www.instagram.com\/programa.ricos\/\">Whatsapp<\/a> que est\u00e1 na Bio do nosso Instagram (<a href=\"https:\/\/www.instagram.com\/programa.ricos\/\">@programa.ricos<\/a>) e nossa equipe entrar\u00e1 em contato.<\/p>\n\n\n\n<p><\/p>\n","protected":false},"excerpt":{"rendered":"<p>\u00a0\u00a0 Rita Lima\u00a0\u00e9 empres\u00e1ria com atua\u00e7\u00e3o h\u00e1 mais de 13 anos no segmento de cons\u00f3rcio,&#8230;<\/p>\n","protected":false},"author":2,"featured_media":5426,"comment_status":"closed","ping_status":"open","sticky":false,"template":"","format":"standard","meta":{"om_disable_all_campaigns":false,"_monsterinsights_skip_tracking":false,"_monsterinsights_sitenote_active":false,"_monsterinsights_sitenote_note":"","_monsterinsights_sitenote_category":0,"spay_email":""},"categories":[31],"tags":[383,384,324],"jetpack_featured_media_url":"https:\/\/vimagazine.com.br\/wp-content\/uploads\/2022\/08\/a0ca7132-9112-4240-b698-a79425275c51.jpg","_links":{"self":[{"href":"https:\/\/vimagazine.com.br\/index.php?rest_route=\/wp\/v2\/posts\/5424"}],"collection":[{"href":"https:\/\/vimagazine.com.br\/index.php?rest_route=\/wp\/v2\/posts"}],"about":[{"href":"https:\/\/vimagazine.com.br\/index.php?rest_route=\/wp\/v2\/types\/post"}],"author":[{"embeddable":true,"href":"https:\/\/vimagazine.com.br\/index.php?rest_route=\/wp\/v2\/users\/2"}],"replies":[{"embeddable":true,"href":"https:\/\/vimagazine.com.br\/index.php?rest_route=%2Fwp%2Fv2%2Fcomments&post=5424"}],"version-history":[{"count":1,"href":"https:\/\/vimagazine.com.br\/index.php?rest_route=\/wp\/v2\/posts\/5424\/revisions"}],"predecessor-version":[{"id":5427,"href":"https:\/\/vimagazine.com.br\/index.php?rest_route=\/wp\/v2\/posts\/5424\/revisions\/5427"}],"wp:featuredmedia":[{"embeddable":true,"href":"https:\/\/vimagazine.com.br\/index.php?rest_route=\/wp\/v2\/media\/5426"}],"wp:attachment":[{"href":"https:\/\/vimagazine.com.br\/index.php?rest_route=%2Fwp%2Fv2%2Fmedia&parent=5424"}],"wp:term":[{"taxonomy":"category","embeddable":true,"href":"https:\/\/vimagazine.com.br\/index.php?rest_route=%2Fwp%2Fv2%2Fcategories&post=5424"},{"taxonomy":"post_tag","embeddable":true,"href":"https:\/\/vimagazine.com.br\/index.php?rest_route=%2Fwp%2Fv2%2Ftags&post=5424"}],"curies":[{"name":"wp","href":"https:\/\/api.w.org\/{rel}","templated":true}]}}