{"id":5430,"date":"2022-08-08T15:58:41","date_gmt":"2022-08-08T18:58:41","guid":{"rendered":"https:\/\/vimagazine.com.br\/?p=5430"},"modified":"2022-08-08T15:58:45","modified_gmt":"2022-08-08T18:58:45","slug":"ze-ramalho-encanta-publico-com-sucessos-no-show-no-expocentro","status":"publish","type":"post","link":"https:\/\/vimagazine.com.br\/?p=5430","title":{"rendered":"Z\u00e9 Ramalho encanta p\u00fablico com sucessos no show no Expocentro"},"content":{"rendered":"\n<p>Sucessos como Avohai, Admir\u00e1vel Gado Novo, Ch\u00e3o de Giz, foram algumas das in\u00fameras m\u00fasicas do cantor Z\u00e9 Ramalho, que o p\u00fablico cantou e se emocionou no show inesquec\u00edvel no Expocentro Balne\u00e1rio Cambori\u00fa J\u00falio Tedesco.<\/p>\n\n\n\n<p>O cantor est\u00e1 percorrendo o Brasil com a turn\u00ea Show dos Sucessos, que comemora os 45 anos de carreira e Balne\u00e1rio Cambori\u00fa foi a primeira cidade do sul a receber o artista.&nbsp;<em>\u201cFoi um mais um show memor\u00e1vel que o Expocentro recebeu. Teremos uma sequ\u00eancia de grandes artistas, levando ao p\u00fablico um entretenimento cultural de qualidade e com certeza satisfazendo a expectativa de todos\u201d,<\/em>&nbsp;ressalta Djalma Berger, Administrador do Expocentro Balne\u00e1rio Cambori\u00fa J\u00falio Tedesco.<\/p>\n\n\n\n<p>A agenda do espa\u00e7o n\u00e3o para, al\u00e9m de muitas feiras e congressos j\u00e1 est\u00e1 agendado o show da dupla mais rom\u00e2ntica do Brasil, os irm\u00e3os Zez\u00e9 Di Camargo e Luciano, no dia 21 de outubro e a venda dos ingressos j\u00e1 est\u00e3o abertas.<\/p>\n\n\n\n<p><strong>Servi\u00e7o:<\/strong><br><strong>Local<\/strong>: Expocentro Balne\u00e1rio Cambori\u00fa J\u00falio Tedesco<br><strong>Venda de ingressos<\/strong>: Ingresso Nacional<br><strong>Contato (Expocentro):<\/strong><br>47 &#8211; 3228-1700<br>47 &#8211; 3228-1701<br><strong>Expocentro Balne\u00e1rio Cambori\u00fa J\u00falio Tedesco<\/strong><br>Av. Marginal Oeste- Balne\u00e1rio Cambori\u00fa<\/p>\n\n\n\n<p>@expocentrobc<br><a>www.expocentrobc.com.br<\/a><\/p>\n\n\n\n<p><strong>Luciana  Haugg<\/strong><\/p>\n\n\n\n<figure class=\"wp-block-image size-large\"><img width=\"1024\" height=\"682\" src=\"https:\/\/vimagazine.com.br\/wp-content\/uploads\/2022\/08\/Leila-Beuke-e-Ricardo-de-Souza-1024x682.jpeg\" alt=\"\" class=\"wp-image-5432\" srcset=\"https:\/\/vimagazine.com.br\/wp-content\/uploads\/2022\/08\/Leila-Beuke-e-Ricardo-de-Souza-1024x682.jpeg 1024w, https:\/\/vimagazine.com.br\/wp-content\/uploads\/2022\/08\/Leila-Beuke-e-Ricardo-de-Souza-300x200.jpeg 300w, https:\/\/vimagazine.com.br\/wp-content\/uploads\/2022\/08\/Leila-Beuke-e-Ricardo-de-Souza-768x512.jpeg 768w, https:\/\/vimagazine.com.br\/wp-content\/uploads\/2022\/08\/Leila-Beuke-e-Ricardo-de-Souza.jpeg 1280w\" sizes=\"(max-width: 1024px) 100vw, 1024px\" \/><\/figure>\n\n\n\n<figure class=\"wp-block-image size-large\"><img width=\"682\" height=\"1024\" src=\"https:\/\/vimagazine.com.br\/wp-content\/uploads\/2022\/08\/Raissa-Arcanjo-682x1024.jpeg\" alt=\"\" class=\"wp-image-5433\" srcset=\"https:\/\/vimagazine.com.br\/wp-content\/uploads\/2022\/08\/Raissa-Arcanjo-682x1024.jpeg 682w, https:\/\/vimagazine.com.br\/wp-content\/uploads\/2022\/08\/Raissa-Arcanjo-200x300.jpeg 200w, https:\/\/vimagazine.com.br\/wp-content\/uploads\/2022\/08\/Raissa-Arcanjo-768x1152.jpeg 768w, https:\/\/vimagazine.com.br\/wp-content\/uploads\/2022\/08\/Raissa-Arcanjo.jpeg 853w\" sizes=\"(max-width: 682px) 100vw, 682px\" \/><\/figure>\n\n\n\n<figure class=\"wp-block-image size-large\"><img width=\"1024\" height=\"682\" src=\"https:\/\/vimagazine.com.br\/wp-content\/uploads\/2022\/08\/Maria-Ituarte-e-o-filho-Joao-Ignacio-Ituarte-1024x682.jpeg\" alt=\"\" class=\"wp-image-5434\" srcset=\"https:\/\/vimagazine.com.br\/wp-content\/uploads\/2022\/08\/Maria-Ituarte-e-o-filho-Joao-Ignacio-Ituarte-1024x682.jpeg 1024w, https:\/\/vimagazine.com.br\/wp-content\/uploads\/2022\/08\/Maria-Ituarte-e-o-filho-Joao-Ignacio-Ituarte-300x200.jpeg 300w, https:\/\/vimagazine.com.br\/wp-content\/uploads\/2022\/08\/Maria-Ituarte-e-o-filho-Joao-Ignacio-Ituarte-768x512.jpeg 768w, https:\/\/vimagazine.com.br\/wp-content\/uploads\/2022\/08\/Maria-Ituarte-e-o-filho-Joao-Ignacio-Ituarte.jpeg 1280w\" sizes=\"(max-width: 1024px) 100vw, 1024px\" \/><\/figure>\n\n\n\n<figure class=\"wp-block-image size-large\"><img width=\"1024\" height=\"682\" src=\"https:\/\/vimagazine.com.br\/wp-content\/uploads\/2022\/08\/Ze-Ramalho-no-palco-1024x682.jpeg\" alt=\"\" class=\"wp-image-5435\" srcset=\"https:\/\/vimagazine.com.br\/wp-content\/uploads\/2022\/08\/Ze-Ramalho-no-palco-1024x682.jpeg 1024w, https:\/\/vimagazine.com.br\/wp-content\/uploads\/2022\/08\/Ze-Ramalho-no-palco-300x200.jpeg 300w, https:\/\/vimagazine.com.br\/wp-content\/uploads\/2022\/08\/Ze-Ramalho-no-palco-768x512.jpeg 768w, https:\/\/vimagazine.com.br\/wp-content\/uploads\/2022\/08\/Ze-Ramalho-no-palco.jpeg 1280w\" sizes=\"(max-width: 1024px) 100vw, 1024px\" \/><\/figure>\n\n\n\n<figure class=\"wp-block-image size-large\"><img width=\"1024\" height=\"682\" src=\"https:\/\/vimagazine.com.br\/wp-content\/uploads\/2022\/08\/Ze-Ramalho-e-publico-1024x682.jpeg\" alt=\"\" class=\"wp-image-5436\" srcset=\"https:\/\/vimagazine.com.br\/wp-content\/uploads\/2022\/08\/Ze-Ramalho-e-publico-1024x682.jpeg 1024w, https:\/\/vimagazine.com.br\/wp-content\/uploads\/2022\/08\/Ze-Ramalho-e-publico-300x200.jpeg 300w, https:\/\/vimagazine.com.br\/wp-content\/uploads\/2022\/08\/Ze-Ramalho-e-publico-768x512.jpeg 768w, https:\/\/vimagazine.com.br\/wp-content\/uploads\/2022\/08\/Ze-Ramalho-e-publico.jpeg 1280w\" sizes=\"(max-width: 1024px) 100vw, 1024px\" \/><\/figure>\n\n\n\n<figure class=\"wp-block-image size-large\"><img width=\"1024\" height=\"682\" src=\"https:\/\/vimagazine.com.br\/wp-content\/uploads\/2022\/08\/fachada--1024x682.jpeg\" alt=\"\" class=\"wp-image-5437\" srcset=\"https:\/\/vimagazine.com.br\/wp-content\/uploads\/2022\/08\/fachada--1024x682.jpeg 1024w, https:\/\/vimagazine.com.br\/wp-content\/uploads\/2022\/08\/fachada--300x200.jpeg 300w, https:\/\/vimagazine.com.br\/wp-content\/uploads\/2022\/08\/fachada--768x512.jpeg 768w, https:\/\/vimagazine.com.br\/wp-content\/uploads\/2022\/08\/fachada-.jpeg 1280w\" sizes=\"(max-width: 1024px) 100vw, 1024px\" \/><\/figure>\n\n\n\n<figure class=\"wp-block-image size-large\"><img width=\"1024\" height=\"682\" src=\"https:\/\/vimagazine.com.br\/wp-content\/uploads\/2022\/08\/Djalma-Berger-Administrador-do-Expocentro-com-a-esposa-Maria-Teresa-Kretzer-e-o-casal-Heln-Prim-e-Juliano-Campos-1024x682.jpeg\" alt=\"\" class=\"wp-image-5438\" srcset=\"https:\/\/vimagazine.com.br\/wp-content\/uploads\/2022\/08\/Djalma-Berger-Administrador-do-Expocentro-com-a-esposa-Maria-Teresa-Kretzer-e-o-casal-Heln-Prim-e-Juliano-Campos-1024x682.jpeg 1024w, https:\/\/vimagazine.com.br\/wp-content\/uploads\/2022\/08\/Djalma-Berger-Administrador-do-Expocentro-com-a-esposa-Maria-Teresa-Kretzer-e-o-casal-Heln-Prim-e-Juliano-Campos-300x200.jpeg 300w, https:\/\/vimagazine.com.br\/wp-content\/uploads\/2022\/08\/Djalma-Berger-Administrador-do-Expocentro-com-a-esposa-Maria-Teresa-Kretzer-e-o-casal-Heln-Prim-e-Juliano-Campos-768x512.jpeg 768w, https:\/\/vimagazine.com.br\/wp-content\/uploads\/2022\/08\/Djalma-Berger-Administrador-do-Expocentro-com-a-esposa-Maria-Teresa-Kretzer-e-o-casal-Heln-Prim-e-Juliano-Campos.jpeg 1280w\" sizes=\"(max-width: 1024px) 100vw, 1024px\" \/><\/figure>\n\n\n\n<figure class=\"wp-block-image size-large\"><img width=\"1024\" height=\"682\" src=\"https:\/\/vimagazine.com.br\/wp-content\/uploads\/2022\/08\/Djalma-Berger-Administrador-do-Expocentro-com-a-esposa-Maria-Teresa-Kretzer-1024x682.jpeg\" alt=\"\" class=\"wp-image-5439\" srcset=\"https:\/\/vimagazine.com.br\/wp-content\/uploads\/2022\/08\/Djalma-Berger-Administrador-do-Expocentro-com-a-esposa-Maria-Teresa-Kretzer-1024x682.jpeg 1024w, https:\/\/vimagazine.com.br\/wp-content\/uploads\/2022\/08\/Djalma-Berger-Administrador-do-Expocentro-com-a-esposa-Maria-Teresa-Kretzer-300x200.jpeg 300w, https:\/\/vimagazine.com.br\/wp-content\/uploads\/2022\/08\/Djalma-Berger-Administrador-do-Expocentro-com-a-esposa-Maria-Teresa-Kretzer-768x512.jpeg 768w, https:\/\/vimagazine.com.br\/wp-content\/uploads\/2022\/08\/Djalma-Berger-Administrador-do-Expocentro-com-a-esposa-Maria-Teresa-Kretzer.jpeg 1280w\" sizes=\"(max-width: 1024px) 100vw, 1024px\" \/><\/figure>\n","protected":false},"excerpt":{"rendered":"<p>Sucessos como Avohai, Admir\u00e1vel Gado Novo, Ch\u00e3o de Giz, foram algumas das in\u00fameras m\u00fasicas do&#8230;<\/p>\n","protected":false},"author":3,"featured_media":5431,"comment_status":"closed","ping_status":"open","sticky":false,"template":"","format":"standard","meta":{"om_disable_all_campaigns":false,"_monsterinsights_skip_tracking":false,"_monsterinsights_sitenote_active":false,"_monsterinsights_sitenote_note":"","_monsterinsights_sitenote_category":0,"spay_email":""},"categories":[1],"tags":[],"jetpack_featured_media_url":"https:\/\/vimagazine.com.br\/wp-content\/uploads\/2022\/08\/Ze-Ramalho-e1659984904212.jpeg","_links":{"self":[{"href":"https:\/\/vimagazine.com.br\/index.php?rest_route=\/wp\/v2\/posts\/5430"}],"collection":[{"href":"https:\/\/vimagazine.com.br\/index.php?rest_route=\/wp\/v2\/posts"}],"about":[{"href":"https:\/\/vimagazine.com.br\/index.php?rest_route=\/wp\/v2\/types\/post"}],"author":[{"embeddable":true,"href":"https:\/\/vimagazine.com.br\/index.php?rest_route=\/wp\/v2\/users\/3"}],"replies":[{"embeddable":true,"href":"https:\/\/vimagazine.com.br\/index.php?rest_route=%2Fwp%2Fv2%2Fcomments&post=5430"}],"version-history":[{"count":1,"href":"https:\/\/vimagazine.com.br\/index.php?rest_route=\/wp\/v2\/posts\/5430\/revisions"}],"predecessor-version":[{"id":5440,"href":"https:\/\/vimagazine.com.br\/index.php?rest_route=\/wp\/v2\/posts\/5430\/revisions\/5440"}],"wp:featuredmedia":[{"embeddable":true,"href":"https:\/\/vimagazine.com.br\/index.php?rest_route=\/wp\/v2\/media\/5431"}],"wp:attachment":[{"href":"https:\/\/vimagazine.com.br\/index.php?rest_route=%2Fwp%2Fv2%2Fmedia&parent=5430"}],"wp:term":[{"taxonomy":"category","embeddable":true,"href":"https:\/\/vimagazine.com.br\/index.php?rest_route=%2Fwp%2Fv2%2Fcategories&post=5430"},{"taxonomy":"post_tag","embeddable":true,"href":"https:\/\/vimagazine.com.br\/index.php?rest_route=%2Fwp%2Fv2%2Ftags&post=5430"}],"curies":[{"name":"wp","href":"https:\/\/api.w.org\/{rel}","templated":true}]}}