{"id":5441,"date":"2022-08-08T16:04:41","date_gmt":"2022-08-08T19:04:41","guid":{"rendered":"https:\/\/vimagazine.com.br\/?p=5441"},"modified":"2022-08-08T16:04:42","modified_gmt":"2022-08-08T19:04:42","slug":"agosto-e-mes-de-feira-sabor-rural-no-shopping-mueller","status":"publish","type":"post","link":"https:\/\/vimagazine.com.br\/?p=5441","title":{"rendered":"Agosto \u00e9 m\u00eas de Feira Sabor Rural no Shopping Mueller"},"content":{"rendered":"\n<p>De 11 a 14 de agosto a Pra\u00e7a Central do Shopping Mueller receber\u00e1 a Feira Sabor Rural da Epagri. O evento, que valoriza a agricultura familiar ao levar os sabores do campo para a cidade, funcionar\u00e1 das 10h \u00e0s 22h.<\/p>\n\n\n\n<p>Quem passar pelo local ter\u00e1 acesso a produtos diretamente dos fabricantes artesanais. Estar\u00e3o expostos cactos, alimentos como mel, banana passa, melado, geleias de frutas, bolachas, queijo, embutidos, artesanatos de escamas de peixes, fibra de bananeira, p\u00e3es artesanais e palmito.<\/p>\n\n\n\n<p>De iniciativa da Epagri de Joinville, a feira conta com a parceria do Shopping Mueller e munic\u00edpios da regi\u00e3o do litoral Norte Catarinense. Ao todo, nove empreendimentos da agricultura familiar dos munic\u00edpios de Schroeder, Araquari, Corup\u00e1, Jaragu\u00e1 do Sul, S\u00e3o Francisco do Sul e Joinville estar\u00e3o presentes.<\/p>\n\n\n\n<p>Servi\u00e7o<\/p>\n\n\n\n<p>Feira Sabor Rural em Joinville<\/p>\n\n\n\n<p>Quando: 11 a 14 de agosto<\/p>\n\n\n\n<p>Hor\u00e1rio: 10h \u00e0s 22h<\/p>\n\n\n\n<p>Onde: Pra\u00e7a Central do Shopping Mueller<\/p>\n\n\n\n<figure class=\"wp-block-table\"><table><tbody><tr><td><strong>Assessoria de<\/strong>&nbsp;Imprensa<\/td><td>&nbsp;<\/td><td><a href=\"mailto:assessoria@exit.ag\" target=\"_blank\" rel=\"noreferrer noopener\"><strong>assessoria<\/strong>@exit.ag<\/a><\/td><td>&nbsp;<\/td><\/tr><\/tbody><\/table><\/figure>\n\n\n\n<figure class=\"wp-block-image size-large\"><img width=\"1024\" height=\"681\" src=\"https:\/\/vimagazine.com.br\/wp-content\/uploads\/2022\/08\/ak_1763-1-1024x681.jpg\" alt=\"\" class=\"wp-image-5443\" srcset=\"https:\/\/vimagazine.com.br\/wp-content\/uploads\/2022\/08\/ak_1763-1-1024x681.jpg 1024w, https:\/\/vimagazine.com.br\/wp-content\/uploads\/2022\/08\/ak_1763-1-300x200.jpg 300w, https:\/\/vimagazine.com.br\/wp-content\/uploads\/2022\/08\/ak_1763-1-768x511.jpg 768w, https:\/\/vimagazine.com.br\/wp-content\/uploads\/2022\/08\/ak_1763-1-1536x1022.jpg 1536w, https:\/\/vimagazine.com.br\/wp-content\/uploads\/2022\/08\/ak_1763-1.jpg 1920w\" sizes=\"(max-width: 1024px) 100vw, 1024px\" \/><\/figure>\n","protected":false},"excerpt":{"rendered":"<p>De 11 a 14 de agosto a Pra\u00e7a Central do Shopping Mueller receber\u00e1 a Feira&#8230;<\/p>\n","protected":false},"author":3,"featured_media":5442,"comment_status":"closed","ping_status":"open","sticky":false,"template":"","format":"standard","meta":{"om_disable_all_campaigns":false,"_monsterinsights_skip_tracking":false,"_monsterinsights_sitenote_active":false,"_monsterinsights_sitenote_note":"","_monsterinsights_sitenote_category":0,"spay_email":""},"categories":[1],"tags":[],"jetpack_featured_media_url":"https:\/\/vimagazine.com.br\/wp-content\/uploads\/2022\/08\/Feira-Sabor-Rural-e1659985255595.jpg","_links":{"self":[{"href":"https:\/\/vimagazine.com.br\/index.php?rest_route=\/wp\/v2\/posts\/5441"}],"collection":[{"href":"https:\/\/vimagazine.com.br\/index.php?rest_route=\/wp\/v2\/posts"}],"about":[{"href":"https:\/\/vimagazine.com.br\/index.php?rest_route=\/wp\/v2\/types\/post"}],"author":[{"embeddable":true,"href":"https:\/\/vimagazine.com.br\/index.php?rest_route=\/wp\/v2\/users\/3"}],"replies":[{"embeddable":true,"href":"https:\/\/vimagazine.com.br\/index.php?rest_route=%2Fwp%2Fv2%2Fcomments&post=5441"}],"version-history":[{"count":1,"href":"https:\/\/vimagazine.com.br\/index.php?rest_route=\/wp\/v2\/posts\/5441\/revisions"}],"predecessor-version":[{"id":5444,"href":"https:\/\/vimagazine.com.br\/index.php?rest_route=\/wp\/v2\/posts\/5441\/revisions\/5444"}],"wp:featuredmedia":[{"embeddable":true,"href":"https:\/\/vimagazine.com.br\/index.php?rest_route=\/wp\/v2\/media\/5442"}],"wp:attachment":[{"href":"https:\/\/vimagazine.com.br\/index.php?rest_route=%2Fwp%2Fv2%2Fmedia&parent=5441"}],"wp:term":[{"taxonomy":"category","embeddable":true,"href":"https:\/\/vimagazine.com.br\/index.php?rest_route=%2Fwp%2Fv2%2Fcategories&post=5441"},{"taxonomy":"post_tag","embeddable":true,"href":"https:\/\/vimagazine.com.br\/index.php?rest_route=%2Fwp%2Fv2%2Ftags&post=5441"}],"curies":[{"name":"wp","href":"https:\/\/api.w.org\/{rel}","templated":true}]}}