{"id":5445,"date":"2022-08-08T16:10:38","date_gmt":"2022-08-08T19:10:38","guid":{"rendered":"https:\/\/vimagazine.com.br\/?p=5445"},"modified":"2022-08-08T16:10:41","modified_gmt":"2022-08-08T19:10:41","slug":"teresa-kodama-participa-da-mostra-internazionale-darte","status":"publish","type":"post","link":"https:\/\/vimagazine.com.br\/?p=5445","title":{"rendered":"Teresa Kodama participa da Mostra Internazionale D&#8217;Arte"},"content":{"rendered":"\n<p><strong>Teresa Kodama participa da Mostra Internazionale D&#8217;Arte Contempor\u00e2nea intitulada &#8220;Quali Valori? na Italia<\/strong><\/p>\n\n\n\n<p>Teresa Kodama participa da&nbsp;Mostra Internazionale D&#8217;Arte Contempor\u00e2nea intitulada &#8220;Quali Valori?&#8221; a convite do magnifico Curador de Arte Generoso Vella, em Avellino, It\u00e1lia.<\/p>\n\n\n\n<p>A Mostra Internazionale D&#8217;Arte Contempor\u00e2nea intitulada &#8220;Quali Valori?&#8221; do magnifico Curador de Arte Generoso Vella, teve in\u00edcio em 04 de agosto, no Museo Irpino, Ex- Carcere Borbonico, na Piazza Alfredo De Marsico, Avellino.<\/p>\n\n\n\n<p>A Mostra se encerrar\u00e1 no dia 20 de agosto.<\/p>\n\n\n\n<p>Na mostra foi apresentado o livro de&nbsp;Francesco Varricchio no&nbsp;Museo Irpino, Ex- Carcere Borbonico, na Piazza Alfredo De Marsico, Avellino.<\/p>\n\n\n\n<p>O livro trata da disciplina da educa\u00e7\u00e3o pelo educador.&nbsp;<\/p>\n\n\n\n<p>A educa\u00e7\u00e3o inicial de uma pessoa come\u00e7a com a fam\u00edlia, escola e com os amigos.<\/p>\n\n\n\n<p>A Mostra Internazionale conta com 14 Artistas com pinturas e cer\u00e2mica, e 177 Artistas de 26 na\u00e7\u00f5es do mundo pela Arte via correio.<\/p>\n\n\n\n<p>\u00c9 um n\u00famero&nbsp;<em>record<\/em>&nbsp;o que denota reconhecimento por parte de todos ao Curador de Arte Generoso Vella, pelo ex\u00edmio trabalho que realiza em prol da Arte, unindo Artistas de v\u00e1rios pa\u00edses e divulgando Avellino.<\/p>\n\n\n\n<p>Teresa Kodama \u00e9 brasileira e cidad\u00e3 italiana, de Vietri sul Mare, Prov\u00edncia de Salerno.<\/p>\n\n\n\n<p>Ama demais a It\u00e1lia!<\/p>\n\n\n\n<p>Teresa Kodama enviou imagens de duas obras muito significativas para ela intituladas &#8221; Enamorados&#8221; (Teresa e o seu marido Pedro Kodama) e &#8220;M\u00e3e e Filha na Janela&#8221; (a saudosa m\u00e3e Thereza e a Teresa Kodama na janela).<\/p>\n\n\n\n<p>Teresa diz que tem v\u00e1rios valores humanos que emanam de seu cora\u00e7\u00e3o, e quis enaltecer, nesta oportunidade, a familia que tanto ama.<\/p>\n\n\n\n<p>Parabeniza o Curador de Arte Generoso Vella pela iniciativa em realizar esse belo Projeto de Arte que une Artistas de diversos pa\u00edses e com um tema de grande import\u00e2ncia. A arte n\u00e3o tem fronteiras.<\/p>\n\n\n\n<p>Os valores humanos representados por Artistas de diversos pa\u00edses na cidade de Avellino, It\u00e1lia, e levados ao mundo por meio desse grandioso Projeto, \u00e9 fascinante.<\/p>\n\n\n\n<p>Vamos juntos mostrar a todos o fascinante mundo das Artes!<\/p>\n\n\n\n<p>Teresa Kodama entende que &#8220;o projeto do Curador de Arte Generoso Vella \u00e9 lindo e uma \u00f3tima forma de reunir Artistas em fraternidade, denotando respeitabilidade, dignidade e valoriza\u00e7\u00e3o pelo trabalho de todos, dando-lhes a oportunidade de mostrar seus trabalhos e de compartilhar a amizade. A arte nos d\u00e1 a oportunidade de sermos n\u00f3s mesmos, de expressar o que emana de dentro de n\u00f3s, de aprender uns com os outros, de crescer como Artistas e como seres humanos.&#8221;.<\/p>\n\n\n\n<p>Teresa Kodama se sente muito feliz e honrada.<\/p>\n\n\n\n<p>Agradecimentos imensos ao Curador de Arte Generoso Vella, pela oportunidade em apresentar nas suas obras em t\u00e3o importante Mostra Internazionale.<\/p>\n\n\n\n<p>Acessem a p\u00e1gina do Facebook Mail Art Project Generoso Vella &#8211; Avellino\/Italia e vejam o grandioso trabalho realizado..<\/p>\n\n\n\n<p><strong><em>Maria Emilia Genovesi<\/em><\/strong><\/p>\n\n\n\n<p><strong><em>Jornalista MTB 0093041\/SP<\/em><\/strong><\/p>\n\n\n\n<p><strong><em>Assessoria de Imprensa\/ Produtora Cultural<\/em><\/strong><\/p>\n\n\n\n<p><strong><em>@mariaemiliagenovesi<\/em><\/strong><\/p>\n\n\n\n<p><strong><em>@megenovesi<\/em><\/strong><\/p>\n\n\n\n<p><\/p>\n\n\n\n<p><strong><em>Meg Apoio Empresarial e Eventos Ltda\u00a0<\/em><\/strong><\/p>\n\n\n\n<figure class=\"wp-block-image size-large\"><img width=\"717\" height=\"1024\" src=\"https:\/\/vimagazine.com.br\/wp-content\/uploads\/2022\/08\/FB_IMG_1659454784201-717x1024.jpg\" alt=\"\" class=\"wp-image-5447\" srcset=\"https:\/\/vimagazine.com.br\/wp-content\/uploads\/2022\/08\/FB_IMG_1659454784201-717x1024.jpg 717w, https:\/\/vimagazine.com.br\/wp-content\/uploads\/2022\/08\/FB_IMG_1659454784201-210x300.jpg 210w, https:\/\/vimagazine.com.br\/wp-content\/uploads\/2022\/08\/FB_IMG_1659454784201-768x1097.jpg 768w, https:\/\/vimagazine.com.br\/wp-content\/uploads\/2022\/08\/FB_IMG_1659454784201-1075x1536.jpg 1075w, https:\/\/vimagazine.com.br\/wp-content\/uploads\/2022\/08\/FB_IMG_1659454784201-1024x1463.jpg 1024w, https:\/\/vimagazine.com.br\/wp-content\/uploads\/2022\/08\/FB_IMG_1659454784201.jpg 1080w\" sizes=\"(max-width: 717px) 100vw, 717px\" \/><\/figure>\n\n\n\n<figure class=\"wp-block-image size-full\"><img width=\"489\" height=\"684\" src=\"https:\/\/vimagazine.com.br\/wp-content\/uploads\/2022\/08\/IMG-20220624-WA0015.jpg\" alt=\"\" class=\"wp-image-5448\" srcset=\"https:\/\/vimagazine.com.br\/wp-content\/uploads\/2022\/08\/IMG-20220624-WA0015.jpg 489w, https:\/\/vimagazine.com.br\/wp-content\/uploads\/2022\/08\/IMG-20220624-WA0015-214x300.jpg 214w\" sizes=\"(max-width: 489px) 100vw, 489px\" \/><\/figure>\n\n\n\n<figure class=\"wp-block-image size-full\"><img width=\"491\" height=\"679\" src=\"https:\/\/vimagazine.com.br\/wp-content\/uploads\/2022\/08\/IMG-20220624-WA0016.jpg\" alt=\"\" class=\"wp-image-5449\" srcset=\"https:\/\/vimagazine.com.br\/wp-content\/uploads\/2022\/08\/IMG-20220624-WA0016.jpg 491w, https:\/\/vimagazine.com.br\/wp-content\/uploads\/2022\/08\/IMG-20220624-WA0016-217x300.jpg 217w\" sizes=\"(max-width: 491px) 100vw, 491px\" \/><\/figure>\n\n\n\n<figure class=\"wp-block-image\"><img alt=\"\" \/><\/figure>\n","protected":false},"excerpt":{"rendered":"<p>Teresa Kodama participa da Mostra Internazionale D&#8217;Arte Contempor\u00e2nea intitulada &#8220;Quali Valori? na Italia Teresa Kodama&#8230;<\/p>\n","protected":false},"author":3,"featured_media":5446,"comment_status":"closed","ping_status":"open","sticky":false,"template":"","format":"standard","meta":{"om_disable_all_campaigns":false,"_monsterinsights_skip_tracking":false,"_monsterinsights_sitenote_active":false,"_monsterinsights_sitenote_note":"","_monsterinsights_sitenote_category":0,"spay_email":""},"categories":[1],"tags":[],"jetpack_featured_media_url":"https:\/\/vimagazine.com.br\/wp-content\/uploads\/2022\/08\/Screenshot_20220801-202321_Gallery-e1659985640671.jpg","_links":{"self":[{"href":"https:\/\/vimagazine.com.br\/index.php?rest_route=\/wp\/v2\/posts\/5445"}],"collection":[{"href":"https:\/\/vimagazine.com.br\/index.php?rest_route=\/wp\/v2\/posts"}],"about":[{"href":"https:\/\/vimagazine.com.br\/index.php?rest_route=\/wp\/v2\/types\/post"}],"author":[{"embeddable":true,"href":"https:\/\/vimagazine.com.br\/index.php?rest_route=\/wp\/v2\/users\/3"}],"replies":[{"embeddable":true,"href":"https:\/\/vimagazine.com.br\/index.php?rest_route=%2Fwp%2Fv2%2Fcomments&post=5445"}],"version-history":[{"count":1,"href":"https:\/\/vimagazine.com.br\/index.php?rest_route=\/wp\/v2\/posts\/5445\/revisions"}],"predecessor-version":[{"id":5450,"href":"https:\/\/vimagazine.com.br\/index.php?rest_route=\/wp\/v2\/posts\/5445\/revisions\/5450"}],"wp:featuredmedia":[{"embeddable":true,"href":"https:\/\/vimagazine.com.br\/index.php?rest_route=\/wp\/v2\/media\/5446"}],"wp:attachment":[{"href":"https:\/\/vimagazine.com.br\/index.php?rest_route=%2Fwp%2Fv2%2Fmedia&parent=5445"}],"wp:term":[{"taxonomy":"category","embeddable":true,"href":"https:\/\/vimagazine.com.br\/index.php?rest_route=%2Fwp%2Fv2%2Fcategories&post=5445"},{"taxonomy":"post_tag","embeddable":true,"href":"https:\/\/vimagazine.com.br\/index.php?rest_route=%2Fwp%2Fv2%2Ftags&post=5445"}],"curies":[{"name":"wp","href":"https:\/\/api.w.org\/{rel}","templated":true}]}}