{"id":5455,"date":"2022-08-10T09:16:37","date_gmt":"2022-08-10T12:16:37","guid":{"rendered":"https:\/\/vimagazine.com.br\/?p=5455"},"modified":"2022-08-10T09:16:40","modified_gmt":"2022-08-10T12:16:40","slug":"exposicao-marmores-e-metais-segue-na-inoxdecor-galeria-showroom","status":"publish","type":"post","link":"https:\/\/vimagazine.com.br\/?p=5455","title":{"rendered":"EXPOSI\u00c7\u00c3O M\u00c1RMORES E METAIS SEGUE NA INOXDECOR GALERIA &amp; SHOWROOM"},"content":{"rendered":"\n<p><strong>A\u00a0InoxDecor\u00a0inaugurou seu espa\u00e7o expositivo, em junho deste ano, com a exposi\u00e7\u00e3o \u201cM\u00e1rmores e Metais\u201d dos escultores paulistanos Arnaldo das Neves e\u00a0Yago\u00a0Tau\u00e1, pai e filho.<\/strong> <\/p>\n\n\n\n<p>O primeiro, um dos grandes escultores brasileiros. A exposi\u00e7\u00e3o segue at\u00e9 janeiro de 2023, mantendo a ideia principal da galeria e do showroom, que \u00e9 a de se consolidar como espa\u00e7o de fomento e difus\u00e3o da arte contempor\u00e2nea em Santa Catarina. Os programas futuros contemplam exposi\u00e7\u00f5es de artistas consagrados e da nova gera\u00e7\u00e3o, al\u00e9m de mostras de arte, oficinas, palestras e workshops.\u00a0<\/p>\n\n\n\n<p>A exposi\u00e7\u00e3o \u201cM\u00e1rmores e Metais\u201d marca o retorno de Arnaldo das Neves \u00e0s galerias de arte\u00a0depois de um longo per\u00edodo dedicado \u00e0s causas ambientais e a projetos de desenvolvimento sustent\u00e1vel em \u00e1reas cobertas pela Mata Atl\u00e2ntica. Escultor premiado, ele exp\u00f4s nas principais galerias de S\u00e3o Paulo ao lado de Bruno Giorgi, Sonia\u00a0Ebling, Domenico\u00a0Calabrone, entre outros. Suas\u00a0\u00a0obras comp\u00f5em cole\u00e7\u00f5es particulares e acervos de institui\u00e7\u00f5es como Pinacoteca de S\u00e3o Paulo, Museu Brasileiro do Papel, Galeria\u00a0Skultura, Arte Aplicada,\u00a0Fugitsu\u00a0do Brasil, Uni\u00e3o Cultural Brasil Estados Unidos, entre outras. Participou de diversos sal\u00f5es de artes pl\u00e1sticas e recebeu o primeiro lugar no 43\u00ba Sal\u00e3o Paulista de Belas Artes.\u00a0<\/p>\n\n\n\n<figure class=\"wp-block-image size-large\"><img width=\"1024\" height=\"659\" src=\"https:\/\/vimagazine.com.br\/wp-content\/uploads\/2022\/08\/297213910_454656916299422_1950220142188701243_n-1024x659.jpg\" alt=\"\" class=\"wp-image-5458\" srcset=\"https:\/\/vimagazine.com.br\/wp-content\/uploads\/2022\/08\/297213910_454656916299422_1950220142188701243_n-1024x659.jpg 1024w, https:\/\/vimagazine.com.br\/wp-content\/uploads\/2022\/08\/297213910_454656916299422_1950220142188701243_n-300x193.jpg 300w, https:\/\/vimagazine.com.br\/wp-content\/uploads\/2022\/08\/297213910_454656916299422_1950220142188701243_n-768x494.jpg 768w, https:\/\/vimagazine.com.br\/wp-content\/uploads\/2022\/08\/297213910_454656916299422_1950220142188701243_n.jpg 1250w\" sizes=\"(max-width: 1024px) 100vw, 1024px\" \/><\/figure>\n\n\n\n<p>Yago&nbsp;Tau\u00e1 iniciou sua forma\u00e7\u00e3o no ateli\u00ea de seu pai. Sua primeira escultura em m\u00e1rmore \u00e9 de 1986, com apenas 7 anos. Em 2003, iniciou o trabalho com Galerias de Arte de S\u00e3o Paulo. Em 2008 viajou \u00e0 It\u00e1lia para fazer um aperfei\u00e7oamento art\u00edstico a convite do pintor e escultor William&nbsp;Tode, que lhe apresentou o \u201cCubofuturismo\u201d. No mesmo ano, foi selecionado para a primeira edi\u00e7\u00e3o do Pr\u00eamio Roma. Em 2009, participou da Mostra de Arte Moderna \u201cIl&nbsp;Cubofuturismo\u201d. A partir de 2010, iniciou sua trajet\u00f3ria de exposi\u00e7\u00f5es no Brasil e no exterior, individual e em parceria com seu pai. Escultor rigoroso, quase intelectualmente estilizador,&nbsp;Yago&nbsp;Tau\u00e1 n\u00e3o se deixa limitar por teorias nem estilos. Seja no m\u00e1rmore, no granito ou no bronze, suas esculturas t\u00eam ritmo e leveza. Suas formas elegantes e repletas de imagina\u00e7\u00e3o demonstram energia e sensibilidade.&nbsp;<\/p>\n\n\n\n<p>Essa exposi\u00e7\u00e3o traduz a cumplicidade na arte e a parceria ao longo da vida dos artistas Arnaldo das Neves,&nbsp;Yago&nbsp;Tau\u00e1 e Luiz Fernando Vasques, empres\u00e1rio e idealizador da&nbsp;InoxDecor&nbsp;Galeria &amp; Showroom. Composta por 17 esculturas, \u201cM\u00e1rmores &amp;&nbsp;Metais\u201d, alia a sofistica\u00e7\u00e3o do m\u00e1rmore, com a inova\u00e7\u00e3o do inox colorido, exclusividade da marca&nbsp;InoxColor, uma exposi\u00e7\u00e3o ousada, t\u00e9cnica e que agrega o design com a solidez de esculturas in\u00e9ditas, desenvolvida especialmente, para este novo espa\u00e7o das artes catarinense.&nbsp;<\/p>\n\n\n\n<p><strong>SERVI\u00c7O<\/strong>&nbsp;<\/p>\n\n\n\n<p><strong>O Qu\u00ea:<\/strong>&nbsp;Exposi\u00e7\u00e3o: \u201cM\u00e1rmores e Metais\u201d de Arnaldo das Neves e&nbsp;Yago&nbsp;Tau\u00e1&nbsp;<\/p>\n\n\n\n<p><strong>Onde:<\/strong>&nbsp;Rua 284, n\u00ba 287 sala 03 &#8211; Edif\u00edcio Toulon Palace \u2013 Meia Praia \u2013 Itapema SC&nbsp;<\/p>\n\n\n\n<p><strong>Quando:<\/strong>&nbsp;at\u00e9 janeiro de 2023&nbsp;<\/p>\n\n\n\n<p><strong>Funcionamento da Galeria e Show Room:<\/strong>&nbsp;de segunda a sexta-feira das 9h \u00e0s 12h e das 13h30 \u00e0s&nbsp;<\/p>\n\n\n\n<p>18h30&nbsp;<\/p>\n\n\n\n<p><strong>S\u00e1bado:&nbsp;<\/strong>atendimento com agendamento&nbsp;<\/p>\n\n\n\n<p>Visita\u00e7\u00e3o da exposi\u00e7\u00e3o gratuita, no hor\u00e1rio de funcionamento da Galeria e Showroom&nbsp;<\/p>\n\n\n\n<p><strong>MAIS INFORMA\u00c7\u00d5ES<\/strong>&nbsp;<\/p>\n\n\n\n<p><strong>INOXDECOR<\/strong>&nbsp;<\/p>\n\n\n\n<p><strong>Telefone:<\/strong>&nbsp;47 9957 0197 Instagram&nbsp;<\/p>\n\n\n\n<p><strong>Instagram:&nbsp;<\/strong>@<a href=\"http:\/\/inoxdecor.sc\/\" target=\"_blank\" rel=\"noreferrer noopener\">inoxdecor.sc<\/a>&nbsp;&nbsp;<\/p>\n\n\n\n<p><strong>Site:<\/strong>&nbsp;<a href=\"http:\/\/www.inoxcolor.com.br\/\" rel=\"noreferrer noopener\" target=\"_blank\">http:\/\/www.inoxcolor.com.br<\/a>&nbsp;<\/p>\n\n\n\n<p><strong>Dom Comunica &#8211; assessoria de comunica\u00e7\u00e3o<\/strong>\u00a0<\/p>\n\n\n\n<p><strong>E mail:&nbsp;<\/strong><a href=\"mailto:rodrigo@domcomunica.com.br\" rel=\"noreferrer noopener\" target=\"_blank\">rodrigo@domcomunica.com.br<\/a>&nbsp;<\/p>\n\n\n\n<p><strong>Instagram:\u00a0<\/strong>@domcomunica\u00a0<\/p>\n\n\n\n<figure class=\"wp-block-image size-large\"><img width=\"695\" height=\"1024\" src=\"https:\/\/vimagazine.com.br\/wp-content\/uploads\/2022\/08\/296782661_1272927880178335_5698826400347511890_n-695x1024.jpg\" alt=\"\" class=\"wp-image-5457\" srcset=\"https:\/\/vimagazine.com.br\/wp-content\/uploads\/2022\/08\/296782661_1272927880178335_5698826400347511890_n-695x1024.jpg 695w, https:\/\/vimagazine.com.br\/wp-content\/uploads\/2022\/08\/296782661_1272927880178335_5698826400347511890_n-204x300.jpg 204w, https:\/\/vimagazine.com.br\/wp-content\/uploads\/2022\/08\/296782661_1272927880178335_5698826400347511890_n-768x1132.jpg 768w, https:\/\/vimagazine.com.br\/wp-content\/uploads\/2022\/08\/296782661_1272927880178335_5698826400347511890_n.jpg 848w\" sizes=\"(max-width: 695px) 100vw, 695px\" \/><\/figure>\n\n\n\n<figure class=\"wp-block-image size-large\"><img width=\"1024\" height=\"651\" src=\"https:\/\/vimagazine.com.br\/wp-content\/uploads\/2022\/08\/297149748_402317495219803_8358180822181527633_n-1024x651.jpg\" alt=\"\" class=\"wp-image-5459\" srcset=\"https:\/\/vimagazine.com.br\/wp-content\/uploads\/2022\/08\/297149748_402317495219803_8358180822181527633_n-1024x651.jpg 1024w, https:\/\/vimagazine.com.br\/wp-content\/uploads\/2022\/08\/297149748_402317495219803_8358180822181527633_n-300x191.jpg 300w, https:\/\/vimagazine.com.br\/wp-content\/uploads\/2022\/08\/297149748_402317495219803_8358180822181527633_n-768x488.jpg 768w, https:\/\/vimagazine.com.br\/wp-content\/uploads\/2022\/08\/297149748_402317495219803_8358180822181527633_n.jpg 1250w\" sizes=\"(max-width: 1024px) 100vw, 1024px\" \/><\/figure>\n\n\n\n<figure class=\"wp-block-image size-large\"><img width=\"694\" height=\"1024\" src=\"https:\/\/vimagazine.com.br\/wp-content\/uploads\/2022\/08\/296536828_1271431710277430_8096776369870256072_n-694x1024.jpg\" alt=\"\" class=\"wp-image-5460\" srcset=\"https:\/\/vimagazine.com.br\/wp-content\/uploads\/2022\/08\/296536828_1271431710277430_8096776369870256072_n-694x1024.jpg 694w, https:\/\/vimagazine.com.br\/wp-content\/uploads\/2022\/08\/296536828_1271431710277430_8096776369870256072_n-203x300.jpg 203w, https:\/\/vimagazine.com.br\/wp-content\/uploads\/2022\/08\/296536828_1271431710277430_8096776369870256072_n-768x1134.jpg 768w, https:\/\/vimagazine.com.br\/wp-content\/uploads\/2022\/08\/296536828_1271431710277430_8096776369870256072_n-1041x1536.jpg 1041w, https:\/\/vimagazine.com.br\/wp-content\/uploads\/2022\/08\/296536828_1271431710277430_8096776369870256072_n-1024x1511.jpg 1024w, https:\/\/vimagazine.com.br\/wp-content\/uploads\/2022\/08\/296536828_1271431710277430_8096776369870256072_n.jpg 1084w\" sizes=\"(max-width: 694px) 100vw, 694px\" \/><\/figure>\n\n\n\n<figure class=\"wp-block-image\"><img alt=\"\" \/><\/figure>\n","protected":false},"excerpt":{"rendered":"<p>A\u00a0InoxDecor\u00a0inaugurou seu espa\u00e7o expositivo, em junho deste ano, com a exposi\u00e7\u00e3o \u201cM\u00e1rmores e Metais\u201d dos&#8230;<\/p>\n","protected":false},"author":3,"featured_media":5456,"comment_status":"closed","ping_status":"open","sticky":false,"template":"","format":"standard","meta":{"om_disable_all_campaigns":false,"_monsterinsights_skip_tracking":false,"_monsterinsights_sitenote_active":false,"_monsterinsights_sitenote_note":"","_monsterinsights_sitenote_category":0,"spay_email":""},"categories":[1],"tags":[],"jetpack_featured_media_url":"https:\/\/vimagazine.com.br\/wp-content\/uploads\/2022\/08\/296039764_591070036007301_8185436305237880566_n-e1660133278531.jpg","_links":{"self":[{"href":"https:\/\/vimagazine.com.br\/index.php?rest_route=\/wp\/v2\/posts\/5455"}],"collection":[{"href":"https:\/\/vimagazine.com.br\/index.php?rest_route=\/wp\/v2\/posts"}],"about":[{"href":"https:\/\/vimagazine.com.br\/index.php?rest_route=\/wp\/v2\/types\/post"}],"author":[{"embeddable":true,"href":"https:\/\/vimagazine.com.br\/index.php?rest_route=\/wp\/v2\/users\/3"}],"replies":[{"embeddable":true,"href":"https:\/\/vimagazine.com.br\/index.php?rest_route=%2Fwp%2Fv2%2Fcomments&post=5455"}],"version-history":[{"count":1,"href":"https:\/\/vimagazine.com.br\/index.php?rest_route=\/wp\/v2\/posts\/5455\/revisions"}],"predecessor-version":[{"id":5461,"href":"https:\/\/vimagazine.com.br\/index.php?rest_route=\/wp\/v2\/posts\/5455\/revisions\/5461"}],"wp:featuredmedia":[{"embeddable":true,"href":"https:\/\/vimagazine.com.br\/index.php?rest_route=\/wp\/v2\/media\/5456"}],"wp:attachment":[{"href":"https:\/\/vimagazine.com.br\/index.php?rest_route=%2Fwp%2Fv2%2Fmedia&parent=5455"}],"wp:term":[{"taxonomy":"category","embeddable":true,"href":"https:\/\/vimagazine.com.br\/index.php?rest_route=%2Fwp%2Fv2%2Fcategories&post=5455"},{"taxonomy":"post_tag","embeddable":true,"href":"https:\/\/vimagazine.com.br\/index.php?rest_route=%2Fwp%2Fv2%2Ftags&post=5455"}],"curies":[{"name":"wp","href":"https:\/\/api.w.org\/{rel}","templated":true}]}}