{"id":5471,"date":"2022-08-10T12:59:43","date_gmt":"2022-08-10T15:59:43","guid":{"rendered":"https:\/\/vimagazine.com.br\/?p=5471"},"modified":"2022-08-12T21:59:19","modified_gmt":"2022-08-13T00:59:19","slug":"estilista-guilherme-tavares-e-o-ator-sergio-menezes-se-reunem-para-planejar-a-turne-na-europa","status":"publish","type":"post","link":"https:\/\/vimagazine.com.br\/?p=5471","title":{"rendered":"Estilista Guilherme Tavares e o Ator Sergio Menezes re\u00fanem-se para planejar a turn\u00ea na Europa"},"content":{"rendered":"\n<p><\/p>\n\n\n\n<p style=\"font-size:18px\">O estilista Guilherme Tavares e o ator S\u00e9rgio Menezes se encontram no restaurante Armaz\u00e9m Pub Caf\u00e9 para detalhar a turn\u00ea na Europa. Dentre os v\u00e1rios assuntos delineados, deliciaram um delicioso camar\u00e3o no abacaxi gratinado com mozzarella de b\u00fafalo. O encontro do estilista com o ator faz parte do roteiro da turn\u00ea referente a comemora\u00e7\u00e3o aos 25 anos de carreira de Guilherme Tavares.<br><br><\/p>\n\n\n\n<figure class=\"wp-container-2 wp-block-gallery-1 wp-block-gallery columns-2 is-cropped\"><ul class=\"blocks-gallery-grid\"><li class=\"blocks-gallery-item\"><figure><img width=\"215\" height=\"143\" src=\"https:\/\/vimagazine.com.br\/wp-content\/uploads\/2022\/08\/11-11-Sergio-Menezes-e-Guilherme-Tavares-4743x3162-1.jpg\" alt=\"\" data-id=\"5472\" data-full-url=\"https:\/\/vimagazine.com.br\/wp-content\/uploads\/2022\/08\/11-11-Sergio-Menezes-e-Guilherme-Tavares-4743x3162-1.jpg\" data-link=\"https:\/\/vimagazine.com.br\/?attachment_id=5472\" class=\"wp-image-5472\"\/><\/figure><\/li><li class=\"blocks-gallery-item\"><figure><img width=\"600\" height=\"400\" src=\"https:\/\/vimagazine.com.br\/wp-content\/uploads\/2022\/08\/298227871_731036321523064_6323083528282367943_n.jpg\" alt=\"\" data-id=\"5473\" data-full-url=\"https:\/\/vimagazine.com.br\/wp-content\/uploads\/2022\/08\/298227871_731036321523064_6323083528282367943_n.jpg\" data-link=\"https:\/\/vimagazine.com.br\/?attachment_id=5473\" class=\"wp-image-5473\" srcset=\"https:\/\/vimagazine.com.br\/wp-content\/uploads\/2022\/08\/298227871_731036321523064_6323083528282367943_n.jpg 600w, https:\/\/vimagazine.com.br\/wp-content\/uploads\/2022\/08\/298227871_731036321523064_6323083528282367943_n-300x200.jpg 300w\" sizes=\"(max-width: 600px) 100vw, 600px\" \/><\/figure><\/li><\/ul><\/figure>\n","protected":false},"excerpt":{"rendered":"<p>O estilista Guilherme Tavares e o ator S\u00e9rgio Menezes se encontram no restaurante Armaz\u00e9m Pub&#8230;<\/p>\n","protected":false},"author":1,"featured_media":5474,"comment_status":"closed","ping_status":"open","sticky":false,"template":"","format":"standard","meta":{"om_disable_all_campaigns":false,"_monsterinsights_skip_tracking":false,"_monsterinsights_sitenote_active":false,"_monsterinsights_sitenote_note":"","_monsterinsights_sitenote_category":0,"spay_email":""},"categories":[1],"tags":[],"jetpack_featured_media_url":"https:\/\/vimagazine.com.br\/wp-content\/uploads\/2022\/08\/298088270_850350989278659_6410990870295785977_n.jpg","_links":{"self":[{"href":"https:\/\/vimagazine.com.br\/index.php?rest_route=\/wp\/v2\/posts\/5471"}],"collection":[{"href":"https:\/\/vimagazine.com.br\/index.php?rest_route=\/wp\/v2\/posts"}],"about":[{"href":"https:\/\/vimagazine.com.br\/index.php?rest_route=\/wp\/v2\/types\/post"}],"author":[{"embeddable":true,"href":"https:\/\/vimagazine.com.br\/index.php?rest_route=\/wp\/v2\/users\/1"}],"replies":[{"embeddable":true,"href":"https:\/\/vimagazine.com.br\/index.php?rest_route=%2Fwp%2Fv2%2Fcomments&post=5471"}],"version-history":[{"count":3,"href":"https:\/\/vimagazine.com.br\/index.php?rest_route=\/wp\/v2\/posts\/5471\/revisions"}],"predecessor-version":[{"id":5497,"href":"https:\/\/vimagazine.com.br\/index.php?rest_route=\/wp\/v2\/posts\/5471\/revisions\/5497"}],"wp:featuredmedia":[{"embeddable":true,"href":"https:\/\/vimagazine.com.br\/index.php?rest_route=\/wp\/v2\/media\/5474"}],"wp:attachment":[{"href":"https:\/\/vimagazine.com.br\/index.php?rest_route=%2Fwp%2Fv2%2Fmedia&parent=5471"}],"wp:term":[{"taxonomy":"category","embeddable":true,"href":"https:\/\/vimagazine.com.br\/index.php?rest_route=%2Fwp%2Fv2%2Fcategories&post=5471"},{"taxonomy":"post_tag","embeddable":true,"href":"https:\/\/vimagazine.com.br\/index.php?rest_route=%2Fwp%2Fv2%2Ftags&post=5471"}],"curies":[{"name":"wp","href":"https:\/\/api.w.org\/{rel}","templated":true}]}}