{"id":5479,"date":"2022-08-11T17:46:33","date_gmt":"2022-08-11T20:46:33","guid":{"rendered":"https:\/\/vimagazine.com.br\/?p=5479"},"modified":"2022-08-11T17:46:41","modified_gmt":"2022-08-11T20:46:41","slug":"projeto-de-sara-gutty-so-o-amor-mudara-o-mundo","status":"publish","type":"post","link":"https:\/\/vimagazine.com.br\/?p=5479","title":{"rendered":"Projeto de Sara Gutty &#8221; S\u00f3 o amor Mudar\u00e1 o Mundo&#8221;"},"content":{"rendered":"\n<p>Futura advogada e autista,\u00a0<strong>Sara Gutty\u00a0<\/strong>est\u00e1 no quinto per\u00edodo\u00a0do Curso de Direito e diz que enfrenta problemas com a inclus\u00e3o\u00a0social por ser diferente e que est\u00e1 decidida a lutar por um pa\u00eds com mais projetos que minimizem o impacto social\u00a0 que o n\u00e3o acolhimento gera na economia.<\/p>\n\n\n\n<p><br>Criadora do projeto social\u00a0<strong>S\u00f3 o amor Mudar\u00e1 o Mundo<\/strong>, no qual realiza um trabalho de formiguinha na propaga\u00e7\u00e3o de uma nova ideologia, Sara Gutty, pretende\u00a0\u00a0dar um pontap\u00e9 inicial para que os governantes se atente para as quest\u00f5es\u00a0n\u00e3o solucionadas ainda em nossa sociedade, como a fome, a marginaliza\u00e7\u00e3o gerada pela falta de trabalho, a situa\u00e7\u00e3o real que os deficientes enfrentam sobre exclus\u00e3o social, o preconceito existente nas quest\u00f5es pessoais de escolhas de cunho sexual de cada indiv\u00edduo, entre tantas outras falhas que ainda temos em nossa sociedade, na qual ela afirma que a \u00fanica solu\u00e7\u00e3o ser\u00e1 atrav\u00e9s da conscientiza\u00e7\u00e3o sobre aspectos internos que precisamos despertar para um olhar com mais carinho e cuidado dentro de n\u00f3s buscando a cura definitiva para nossas quest\u00f5es de ego que dificultam a uni\u00e3o entre os povos e suas diferen\u00e7as\u00a0pol\u00edticas, religiosas e ideol\u00f3gicas, a desmedida disputa por poder e riquezas que faz com que os seres humanos se distanciam da principal raz\u00e3o de estarmos vivos, seu projeto tamb\u00e9m faz uma cr\u00edtica \u00e0 economia e o foco no lucro em detrimento do bem estar e o resguardo real dos direitos individuais\u00a0garantidos pelo artigo 5\u00b0de nossa constitui\u00e7\u00e3o Brasileira, t\u00e3o negligenciados.<\/p>\n\n\n\n<p><br>Embora n\u00e3o seja um projeto que promete solucionar quaisquer problemas sociais em definitivo, Sara Gutty garante que vai levar essa mensagem para o maior n\u00famero de pessoas\u00a0 e deixar a cargo de cada um fazer o seu papel na constru\u00e7\u00e3o de um mundo melhor.<\/p>\n\n\n\n<p><br>Em entrevista ela diz: &#8221; O autismo faz de mim uma pessoa muito conectada \u00e0s minhas quest\u00f5es internas, as quais procuro vencer a cada dia, a principal falha que vejo entre as pessoas de diferentes linhas de pensamentos, \u00e9 que elas perdem tempo e energia disputando uma raz\u00e3o para uma exist\u00eancia t\u00e3o breve e ef\u00eamera, perdendo em efici\u00eancia ao tentar resolver quest\u00f5es mais emergenciais\u00a0como a fome, a marginaliza\u00e7\u00e3o dos moradores de rua, entre v\u00e1rias lacunas por resolver, que nossa sociedade enfrenta e n\u00e3o pode esperar. <\/p>\n\n\n\n<p>Eu decidi sair nas ruas e fazer a minha parte, entregando panfletos, vendendo \u00e1lcool\u00a0em gel no sinal, e camisetas, todos com a estampa da ideologia do projeto para que a mensagem seja entendida e passada adiante. <\/p>\n\n\n\n<p>Desde crian\u00e7a tenho um chamado Crist\u00e3o que n\u00e3o me deixa recuar covardemente quando eu vejo ruas de ouro sendo pisadas por p\u00e9s descal\u00e7os e m\u00e3os vazias, a f\u00e9 em Jesus s\u00f3 ser\u00e1 validada quando cada um se tornar como Jesus, portanto amar Jesus apenas n\u00e3o basta, dizer que aceitou Jesus n\u00e3o basta, frequentar uma religi\u00e3o n\u00e3o basta. <\/p>\n\n\n\n<p>Jesus era muito mais audacioso pois ele tinha coragem para falar verdades, mesmo eu sabendo de minhas dificuldades e defeitos eu sei que estou tentando da minha forma fazer do mundo um lugar melhor. <\/p>\n\n\n\n<p>Ser\u00e1 que embora voc\u00ea leitor seja imperfeito e precise de ajustes como eu, que seja t\u00e3o deficiente como eu, pois todos temos nossas defici\u00eancias, ser\u00e1 que voc\u00ea aceita a proposta de ao menos tentar mudar? Ser\u00e1 que voc\u00ea teria coragem de abrir m\u00e3o de regalias para auxiliar aqueles que mais necessitam? Se quiser fazer parte do meu projeto \u00e9 simples e f\u00e1cil, tente aplicar e repassar essa mensagem, desejo que cada um fa\u00e7a sua parte, pois se esperarmos perfei\u00e7\u00e3o para falar sobre o amor, vamos continuar fingindo que n\u00e3o necessitamos dele e nem de ningu\u00e9m, portanto n\u00e3o esperemos que o aprendizado chegue definitivamente, vamos aprendendo enquanto caminhamos! E mais uma vez repito, S\u00f3 o Amor mudar\u00e1 o mundo! Esse \u00e9 o meu legado!&#8221;<br>Sara Gutty, ou Sara Augusta cursa o 5\u00b0 per\u00edodo de Direito e promete que lutar\u00e1 acima de tudo pela justi\u00e7a e pela igualdade, e diz que o amor \u00e9 que antecede todas essas outras virtudes sociais!<\/p>\n\n\n\n<p><br>Quer apoiar o projeto ? <\/p>\n\n\n\n<p>Entre em contato: Instagram\u00a0<a href=\"https:\/\/www.blogger.com\/blog\/post\/edit\/1449791760148776921\/7254823997074883642#\" target=\"_blank\" rel=\"noreferrer noopener\">@sooamormudaraomundo<\/a>\u00a0<\/p>\n\n\n\n<p>e converse diretamente com ela, saiba das novidades dos projetos e causas que ela apoia!<\/p>\n\n\n\n<p>Fonte: Sara GuttyPhoto <\/p>\n\n\n\n<p>Imagem: Divulga\u00e7\u00e3o\/ <\/p>\n\n\n\n<p>Assessoria de Imprensa L\u00edvia\u00a0Rosa Santana  <\/p>\n\n\n\n<p>Topssimo Assessoria<\/p>\n","protected":false},"excerpt":{"rendered":"<p>Futura advogada e autista,\u00a0Sara Gutty\u00a0est\u00e1 no quinto per\u00edodo\u00a0do Curso de Direito e diz que enfrenta&#8230;<\/p>\n","protected":false},"author":3,"featured_media":5480,"comment_status":"closed","ping_status":"open","sticky":false,"template":"","format":"standard","meta":{"om_disable_all_campaigns":false,"_monsterinsights_skip_tracking":false,"_monsterinsights_sitenote_active":false,"_monsterinsights_sitenote_note":"","_monsterinsights_sitenote_category":0,"spay_email":""},"categories":[1],"tags":[],"jetpack_featured_media_url":"https:\/\/vimagazine.com.br\/wp-content\/uploads\/2022\/08\/297571326_824647892251587_6376999981343122587_n.jpg","_links":{"self":[{"href":"https:\/\/vimagazine.com.br\/index.php?rest_route=\/wp\/v2\/posts\/5479"}],"collection":[{"href":"https:\/\/vimagazine.com.br\/index.php?rest_route=\/wp\/v2\/posts"}],"about":[{"href":"https:\/\/vimagazine.com.br\/index.php?rest_route=\/wp\/v2\/types\/post"}],"author":[{"embeddable":true,"href":"https:\/\/vimagazine.com.br\/index.php?rest_route=\/wp\/v2\/users\/3"}],"replies":[{"embeddable":true,"href":"https:\/\/vimagazine.com.br\/index.php?rest_route=%2Fwp%2Fv2%2Fcomments&post=5479"}],"version-history":[{"count":1,"href":"https:\/\/vimagazine.com.br\/index.php?rest_route=\/wp\/v2\/posts\/5479\/revisions"}],"predecessor-version":[{"id":5481,"href":"https:\/\/vimagazine.com.br\/index.php?rest_route=\/wp\/v2\/posts\/5479\/revisions\/5481"}],"wp:featuredmedia":[{"embeddable":true,"href":"https:\/\/vimagazine.com.br\/index.php?rest_route=\/wp\/v2\/media\/5480"}],"wp:attachment":[{"href":"https:\/\/vimagazine.com.br\/index.php?rest_route=%2Fwp%2Fv2%2Fmedia&parent=5479"}],"wp:term":[{"taxonomy":"category","embeddable":true,"href":"https:\/\/vimagazine.com.br\/index.php?rest_route=%2Fwp%2Fv2%2Fcategories&post=5479"},{"taxonomy":"post_tag","embeddable":true,"href":"https:\/\/vimagazine.com.br\/index.php?rest_route=%2Fwp%2Fv2%2Ftags&post=5479"}],"curies":[{"name":"wp","href":"https:\/\/api.w.org\/{rel}","templated":true}]}}