{"id":5488,"date":"2022-08-12T19:37:36","date_gmt":"2022-08-12T22:37:36","guid":{"rendered":"https:\/\/vimagazine.com.br\/?p=5488"},"modified":"2022-08-12T19:37:40","modified_gmt":"2022-08-12T22:37:40","slug":"banda-radio-taxi-em-ribeirao-preto","status":"publish","type":"post","link":"https:\/\/vimagazine.com.br\/?p=5488","title":{"rendered":"Banda Radio Taxi em Ribeir\u00e3o Preto"},"content":{"rendered":"\n<p><strong>A banda leva seu repert\u00f3rio de sucessos para Ribeir\u00e3o Preto no pr\u00f3ximo dia 20 de agosto \u2013 no Centro de Eventos Taiwan.<\/strong><\/p>\n\n\n\n<p>O R\u00e1dio T\u00e1xi , traz em sua bagagem hits que marcaram uma gera\u00e7\u00e3o com como: \u201cEva\u201d, \u201cGarota Dourada\u201d, \u201cCoisas de Casal\u201d, \u201c Dentro do Cora\u00e7\u00e3o\u201d , \u201cUm Amor de Ver\u00e3o\u201d\u201d,&nbsp;\u201cSanduiche de Cora\u00e7\u00e3o\u201d, \u201cCom o R\u00e1dio Ligado\u201d, entre outros. Tudo come\u00e7ou no in\u00edcio dos anos 80, formada por ex-integrantes &nbsp;do&nbsp; Tutti Frutti, banda de apoio da Rita Lee e dos Secos &amp; molhados, &nbsp;despontou no cen\u00e1rio brasileiro, &nbsp;com m\u00fasicas marcantes,&nbsp;&nbsp;\u201cGarota Dourada\u201d-&nbsp;&nbsp;foi tema do filme&nbsp;\u201c&nbsp;Menino do Rio\u201d ,&nbsp; seguida de \u201cCoisas de Casal\u201d , tema da novela \u201c Sol de Ver\u00e3o\u201d (Globo) e que&nbsp;&nbsp;no mesmo ano de 1982&nbsp; emplacou \u201cSanduiche de cora\u00e7\u00e3o\u201d na novela \u201cP\u00e3o p\u00e3o, Beijo beijo\u201d (Globo), \u201cVoc\u00ea se esconde\u201d integrou a trilha da novela \u201cRoda de Fogo\u201d(Globo) em 1983 e \u201cEva\u201d , considerado o maior Hit da banda. Em 2003 a m\u00fasica \u201cDentro do Cora\u00e7\u00e3o\u201d, voltou a explodir como trilha sonora do filme \u201c Os Normais\u201d.<\/p>\n\n\n\n<p><strong><u>Em tempo<\/u><\/strong><\/p>\n\n\n\n<p>No \u00faltimo dia 28 de julho, a banda lan\u00e7ou em todas as plataformas digitais a vers\u00e3o da m\u00fasica&nbsp;<strong>\u201cA For\u00e7a da Minha Vida\u201d<\/strong>&nbsp;&#8211; vers\u00e3o de Gel Fernandes\/Willie de Oliveira e Maur\u00edcio Gasperini para a can\u00e7\u00e3o italiana \u201cLa Forza Della Vita\u201d composi\u00e7\u00e3o de&nbsp;Giuseppe Dati e Paolo Vallesi.<\/p>\n\n\n\n<p>Vale conferir!<\/p>\n\n\n\n<figure class=\"wp-block-embed is-type-wp-embed is-provider-feature-fm wp-block-embed-feature-fm\"><div class=\"wp-block-embed__wrapper\">\n<iframe class=\"wp-embedded-content\" sandbox=\"allow-scripts\" security=\"restricted\" title=\"Radio Taxi  &quot;A For\u00e7a da Minha Vida - 2022&quot;\" scrolling=\"no\" width=\"640px\" height=\"1230px\" frameborder=\"no\" src=\"https:\/\/tratore.ffm.to\/aforcadaminhavida?layout=oembed#?secret=cNAaDH25lh\" data-secret=\"cNAaDH25lh\"><\/iframe>\n<\/div><\/figure>\n\n\n\n<p><strong><u>Servi\u00e7o<\/u><\/strong><\/p>\n\n\n\n<p>Dia 20 de Agosto, s\u00e1bado, \u00e0s 21h no Taiwan Centro de Eventos.<\/p>\n\n\n\n<figure class=\"wp-block-embed\"><div class=\"wp-block-embed__wrapper\">\nhttps:\/\/www.guicheweb.com.br\/roupa-nova-40-anos_16403\n<\/div><\/figure>\n\n\n\n<p>Informa\u00e7\u00f5es<br>(16) 4141-3138<br>(16) 99337-6980<\/p>\n\n\n\n<p>Realiza\u00e7\u00e3o: Viva La Vida Shows<\/p>\n\n\n\n<p>\u00a0 \u00a0\u00a0Assessoria de Imprensa\/ Divulga\u00e7\u00e3o TV<br><strong>\u00a0\u00a0Fernanda Lara Rocca\u00a0<\/strong><br>\u00a0\u00a0Instagram:@fernanda.l.rocca<a href=\"http:\/\/twitter.com\/FernandaLara01\" target=\"_blank\" rel=\"noreferrer noopener\">twitter:@FernandaLara01<\/a><a href=\"https:\/\/www.facebook.com\/fernanda.l.rocca\" target=\"_blank\" rel=\"noreferrer noopener\">https:\/\/www.facebook.com\/fernanda.l.rocca<\/a><\/p>\n","protected":false},"excerpt":{"rendered":"<p>A banda leva seu repert\u00f3rio de sucessos para Ribeir\u00e3o Preto no pr\u00f3ximo dia 20 de&#8230;<\/p>\n","protected":false},"author":3,"featured_media":5489,"comment_status":"closed","ping_status":"open","sticky":false,"template":"","format":"standard","meta":{"om_disable_all_campaigns":false,"_monsterinsights_skip_tracking":false,"_monsterinsights_sitenote_active":false,"_monsterinsights_sitenote_note":"","_monsterinsights_sitenote_category":0,"spay_email":""},"categories":[1],"tags":[],"jetpack_featured_media_url":"https:\/\/vimagazine.com.br\/wp-content\/uploads\/2022\/08\/radio-e1660343761158.jpg","_links":{"self":[{"href":"https:\/\/vimagazine.com.br\/index.php?rest_route=\/wp\/v2\/posts\/5488"}],"collection":[{"href":"https:\/\/vimagazine.com.br\/index.php?rest_route=\/wp\/v2\/posts"}],"about":[{"href":"https:\/\/vimagazine.com.br\/index.php?rest_route=\/wp\/v2\/types\/post"}],"author":[{"embeddable":true,"href":"https:\/\/vimagazine.com.br\/index.php?rest_route=\/wp\/v2\/users\/3"}],"replies":[{"embeddable":true,"href":"https:\/\/vimagazine.com.br\/index.php?rest_route=%2Fwp%2Fv2%2Fcomments&post=5488"}],"version-history":[{"count":1,"href":"https:\/\/vimagazine.com.br\/index.php?rest_route=\/wp\/v2\/posts\/5488\/revisions"}],"predecessor-version":[{"id":5490,"href":"https:\/\/vimagazine.com.br\/index.php?rest_route=\/wp\/v2\/posts\/5488\/revisions\/5490"}],"wp:featuredmedia":[{"embeddable":true,"href":"https:\/\/vimagazine.com.br\/index.php?rest_route=\/wp\/v2\/media\/5489"}],"wp:attachment":[{"href":"https:\/\/vimagazine.com.br\/index.php?rest_route=%2Fwp%2Fv2%2Fmedia&parent=5488"}],"wp:term":[{"taxonomy":"category","embeddable":true,"href":"https:\/\/vimagazine.com.br\/index.php?rest_route=%2Fwp%2Fv2%2Fcategories&post=5488"},{"taxonomy":"post_tag","embeddable":true,"href":"https:\/\/vimagazine.com.br\/index.php?rest_route=%2Fwp%2Fv2%2Ftags&post=5488"}],"curies":[{"name":"wp","href":"https:\/\/api.w.org\/{rel}","templated":true}]}}