{"id":5491,"date":"2022-08-12T19:42:28","date_gmt":"2022-08-12T22:42:28","guid":{"rendered":"https:\/\/vimagazine.com.br\/?p=5491"},"modified":"2022-08-12T19:42:29","modified_gmt":"2022-08-12T22:42:29","slug":"joao-luz-integrante-da-voraz-lanca-single-de-projeto-solo","status":"publish","type":"post","link":"https:\/\/vimagazine.com.br\/?p=5491","title":{"rendered":"Jo\u00e3o luz integrante da Voraz lan\u00e7a single de projeto solo"},"content":{"rendered":"\n<p>Depois do lan\u00e7amento de \u201cO Universo pra n\u00f3s dois\u201d, \u201cPode ir\u201d e \u201cBola pra frente\u201d o artista que conta com mais cem mil plays de forma org\u00e2nica lan\u00e7a em todas as plataformas digitais a faixa&nbsp;<strong>\u201cNada Vai Me Parar\u201d<\/strong>, m\u00fasica&nbsp;do seu projeto solo<strong>,&nbsp;<\/strong>&nbsp;buscando atingir ainda mais o p\u00fablico do hip-hop e entrar em suas primeiras playlists editoriais.<\/p>\n\n\n\n<p>Com a ess\u00eancia do \u201cTrap\/Rap\u201d brasileiro, com uma linha vocal marcante e produ\u00e7\u00e3o instrumental com elementos eletr\u00f4nicos, Jo\u00e3o Luz (Integrante da VORAZ) traz em suas composi\u00e7\u00f5es, temas que remetem a f\u00e9 e a persist\u00eancia para realiza\u00e7\u00e3o de sonhos. Quando est\u00e1 compondo o&nbsp; artista visualiza atrav\u00e9s de medita\u00e7\u00e3o os seus objetivos e metas e tenta passar essa energia positiva para a can\u00e7\u00e3o.<\/p>\n\n\n\n<p>Jo\u00e3o Luz integra o time da banda VORAZ onde suas composi\u00e7\u00f5es j\u00e1 ultrapassam 5 milh\u00f5es de execu\u00e7\u00f5es e participando de playlists editoriais como \u201cNa\u00e7\u00e3o Reggae\u201d, \u201cPraiana\u201d, \u201cFesta na praia\u201d. O artista busca destaque tamb\u00e9m em sua carreira solo focado no rap. O single \u00e9 o primeiro lan\u00e7amento de uma s\u00e9rie que o artista preparou para o segundo semestre de 2022. Acreditamos que \u201cNada vai me parar\u201d faz sentido em playlists como : Dose Trap, Creme e Trap Ouro.<\/p>\n\n\n\n<p>Tamb\u00e9m foi elaborado um clipe\/visualizer do artista vivenciando os sonhos que traz na letra da m\u00fasica al\u00e9m de um lyric v\u00eddeo para o lan\u00e7amento.<\/p>\n\n\n\n<p>Vale conferir<\/p>\n\n\n\n<p>Nada Vai me Parar<\/p>\n\n\n\n<figure class=\"wp-block-embed\"><div class=\"wp-block-embed__wrapper\">\nhttps:\/\/bfan.link\/nada-vai-me-parar\n<\/div><\/figure>\n\n\n\n<p>\u00a0 \u00a0\u00a0Assessoria de Imprensa\/ Divulga\u00e7\u00e3o TV<br><strong>\u00a0\u00a0Fernanda Lara Rocca\u00a0<\/strong><br>Instagram:@fernanda.l.rocca<a href=\"http:\/\/twitter.com\/FernandaLara01\" target=\"_blank\" rel=\"noreferrer noopener\">twitter:@FernandaLara01<\/a><a href=\"https:\/\/www.facebook.com\/fernanda.l.rocca\" target=\"_blank\" rel=\"noreferrer noopener\">https:\/\/www.facebook.com\/fernanda.l.rocca<\/a><\/p>\n\n\n\n<figure class=\"wp-block-image size-large\"><img width=\"682\" height=\"1024\" src=\"https:\/\/vimagazine.com.br\/wp-content\/uploads\/2022\/08\/IMG-20220810-WA0070-682x1024.jpg\" alt=\"\" class=\"wp-image-5493\" srcset=\"https:\/\/vimagazine.com.br\/wp-content\/uploads\/2022\/08\/IMG-20220810-WA0070-682x1024.jpg 682w, https:\/\/vimagazine.com.br\/wp-content\/uploads\/2022\/08\/IMG-20220810-WA0070-200x300.jpg 200w, https:\/\/vimagazine.com.br\/wp-content\/uploads\/2022\/08\/IMG-20220810-WA0070-768x1152.jpg 768w, https:\/\/vimagazine.com.br\/wp-content\/uploads\/2022\/08\/IMG-20220810-WA0070.jpg 853w\" sizes=\"(max-width: 682px) 100vw, 682px\" \/><\/figure>\n\n\n\n<figure class=\"wp-block-image size-large\"><img width=\"683\" height=\"1024\" src=\"https:\/\/vimagazine.com.br\/wp-content\/uploads\/2022\/08\/IMG-20220810-WA0076-1-683x1024.jpg\" alt=\"\" class=\"wp-image-5494\" srcset=\"https:\/\/vimagazine.com.br\/wp-content\/uploads\/2022\/08\/IMG-20220810-WA0076-1-683x1024.jpg 683w, https:\/\/vimagazine.com.br\/wp-content\/uploads\/2022\/08\/IMG-20220810-WA0076-1-200x300.jpg 200w, https:\/\/vimagazine.com.br\/wp-content\/uploads\/2022\/08\/IMG-20220810-WA0076-1.jpg 684w\" sizes=\"(max-width: 683px) 100vw, 683px\" \/><\/figure>\n","protected":false},"excerpt":{"rendered":"<p>Depois do lan\u00e7amento de \u201cO Universo pra n\u00f3s dois\u201d, \u201cPode ir\u201d e \u201cBola pra frente\u201d&#8230;<\/p>\n","protected":false},"author":3,"featured_media":5492,"comment_status":"closed","ping_status":"open","sticky":false,"template":"","format":"standard","meta":{"om_disable_all_campaigns":false,"_monsterinsights_skip_tracking":false,"_monsterinsights_sitenote_active":false,"_monsterinsights_sitenote_note":"","_monsterinsights_sitenote_category":0,"spay_email":""},"categories":[1],"tags":[],"jetpack_featured_media_url":"https:\/\/vimagazine.com.br\/wp-content\/uploads\/2022\/08\/IMG-20220810-WA0077-e1660344035639.jpg","_links":{"self":[{"href":"https:\/\/vimagazine.com.br\/index.php?rest_route=\/wp\/v2\/posts\/5491"}],"collection":[{"href":"https:\/\/vimagazine.com.br\/index.php?rest_route=\/wp\/v2\/posts"}],"about":[{"href":"https:\/\/vimagazine.com.br\/index.php?rest_route=\/wp\/v2\/types\/post"}],"author":[{"embeddable":true,"href":"https:\/\/vimagazine.com.br\/index.php?rest_route=\/wp\/v2\/users\/3"}],"replies":[{"embeddable":true,"href":"https:\/\/vimagazine.com.br\/index.php?rest_route=%2Fwp%2Fv2%2Fcomments&post=5491"}],"version-history":[{"count":1,"href":"https:\/\/vimagazine.com.br\/index.php?rest_route=\/wp\/v2\/posts\/5491\/revisions"}],"predecessor-version":[{"id":5495,"href":"https:\/\/vimagazine.com.br\/index.php?rest_route=\/wp\/v2\/posts\/5491\/revisions\/5495"}],"wp:featuredmedia":[{"embeddable":true,"href":"https:\/\/vimagazine.com.br\/index.php?rest_route=\/wp\/v2\/media\/5492"}],"wp:attachment":[{"href":"https:\/\/vimagazine.com.br\/index.php?rest_route=%2Fwp%2Fv2%2Fmedia&parent=5491"}],"wp:term":[{"taxonomy":"category","embeddable":true,"href":"https:\/\/vimagazine.com.br\/index.php?rest_route=%2Fwp%2Fv2%2Fcategories&post=5491"},{"taxonomy":"post_tag","embeddable":true,"href":"https:\/\/vimagazine.com.br\/index.php?rest_route=%2Fwp%2Fv2%2Ftags&post=5491"}],"curies":[{"name":"wp","href":"https:\/\/api.w.org\/{rel}","templated":true}]}}