{"id":5622,"date":"2022-08-16T12:20:47","date_gmt":"2022-08-16T15:20:47","guid":{"rendered":"https:\/\/vimagazine.com.br\/?p=5622"},"modified":"2022-08-16T12:20:51","modified_gmt":"2022-08-16T15:20:51","slug":"dia-lixo-zero-coletivo-de-joinville-fara-intervencao-na-travessa-dr-norberto-bachmann","status":"publish","type":"post","link":"https:\/\/vimagazine.com.br\/?p=5622","title":{"rendered":"Dia Lixo Zero: coletivo de Joinville far\u00e1 interven\u00e7\u00e3o na Travessa Dr. Norberto Bachmann"},"content":{"rendered":"\n<p><strong>A\u00e7\u00e3o tem como objetivo destacar a import\u00e2ncia da reciclagem<\/strong><\/p>\n\n\n\n<p>A lixeira n\u00e3o \u00e9 o fim, mas o in\u00edcio de uma transforma\u00e7\u00e3o social e econ\u00f4mica do seu lixo. \u00c9 ali que inicia uma trajet\u00f3ria de ciclos que v\u00e3o gerar renda, impactar a vida de muitas pessoas e, claro, o meio ambiente. \u00c9 essa hist\u00f3ria que o Coletivo Joinville Lixo Zero vai apresentar em uma interven\u00e7\u00e3o gratuita, no dia 17 de agosto, na Travessa Bachmann, em Joinville, das 7h \u00e0s 18h.<\/p>\n\n\n\n<p>A a\u00e7\u00e3o, que ser\u00e1 realizada para marcar o <strong>Dia do Lixo Zero<\/strong>, tem como objetivo despertar a aten\u00e7\u00e3o das pessoas para a import\u00e2ncia da reciclagem e toda a cadeia que movimenta esse segmento. Afinal, o lixo tamb\u00e9m \u00e9 dinheiro. Prova disso \u00e9 que os 6 fardos de materiais recicl\u00e1veis que ser\u00e3o utilizados na interven\u00e7\u00e3o &#8211;<strong> cerca de 551 kg <\/strong>&#8211; possuem valor comercial de <strong>R$1.323,50.<\/strong> Esse montante, que um dia j\u00e1 foi lixo e hoje se transformou em mercadoria de valor, foi coletado pela Belliville, empresa de reciclagem de Joinville e parceira do Coletivo. <em>\u201cO item que perdeu a utilidade para algu\u00e9m deve se transformar em uma fonte de renda. Contribui para gerar empregos, movimenta a economia da regi\u00e3o e, claro, impacta de forma positiva no meio ambiente\u201d,<\/em> completa Arthur Rancatti, do Coletivo Joinville Lixo Zero.<br>Outro ponto importante \u00e9 o elevado \u00edndice de gera\u00e7\u00e3o de res\u00edduos no pa\u00eds. De acordo a Associa\u00e7\u00e3o Brasileira de Empresas de Limpeza P\u00fablica e Res\u00edduos Especiais (<a href=\"https:\/\/abrelpe.org.br\/\">ABRELPE<\/a>), a produ\u00e7\u00e3o de lixo no Brasil vem aumentando a cada ano. O \u00faltimo registro apontou que s\u00f3 em 2020 foram produzidas 82,5 milh\u00f5es de toneladas de res\u00edduos s\u00f3lidos, um crescimento de 4,4% em rela\u00e7\u00e3o ao ano anterior.<\/p>\n\n\n\n<p>Optar pelo consumo de embalagens que possam ser recicladas e descart\u00e1-las corretamente, \u00e9 uma a\u00e7\u00e3o extremamente importante para fazer girar a engrenagem da sustentabilidade. Arthur Rancatti explica que \u00e9 necess\u00e1rio um olhar atento da popula\u00e7\u00e3o para sua produ\u00e7\u00e3o de lixo domiciliar. <em>\u201cCada pessoa produz, em m\u00e9dia, 1 kg de lixo por dia. Cerca de 40% desses materiais s\u00e3o recicl\u00e1veis, al\u00e9m de virarem mat\u00e9ria-prima para novos processos, servem de recurso para a gera\u00e7\u00e3o de trabalho e renda tanto para cooperativas de reciclagem, quanto para empresas privadas\u201d, <\/em>revela Arthur.<\/p>\n\n\n\n<p>Ele refor\u00e7a ainda a import\u00e2ncia da consci\u00eancia ambiental sobre o papel do lixo na sociedade, que tem se tornado um problema no mundo inteiro por causa do consumo de materiais que n\u00e3o s\u00e3o recicl\u00e1veis ou do descarte incorreto. <em>\u201cPrecisamos ter consci\u00eancia que o lixo que n\u00e3o \u00e9 separado para a coleta seletiva, vai parar no aterro sanit\u00e1rio, que \u00e9 um problema de sa\u00fade p\u00fablica global. Al\u00e9m de causar estragos no meio ambiente, deixa de ser fonte de renda para diversas pessoas. Essa decis\u00e3o est\u00e1 na m\u00e3o de cada pessoa, na hora que ela vai jogar algo fora\u201d, <\/em>pontua<em>.<\/em><\/p>\n\n\n\n<p><em>\u201cEssa a\u00e7\u00e3o fortalece o nosso compromisso assumido com a cidade h\u00e1 18 anos. Nossa proposta \u00e9 reciclar, diminuir os impactos ambientais e a quantidade de res\u00edduos jogados em lugares inadequados. A campanha do Coletivo Joinville Lixo Zero induz o consumo consciente, al\u00e9m de boas pr\u00e1ticas de descarte para o lixo gerado. Esperamos que essa a\u00e7\u00e3o conscientize cada vez mais pessoas para que tenham uma atitude conectada com o verdadeiro significado de Lixo Zero&#8221;, <\/em>conta Byanca Belli, s\u00f3cia da Belliville Sucatas e Transporte de Res\u00edduos Industriais. Para saber mais, <a href=\"https:\/\/www.instagram.com\/joinville.lixozero\/?hl=pt\">acesse o perfil Joinville Lixo Zero no Instagram.<\/a><\/p>\n\n\n\n<p><strong>Servi\u00e7o<\/strong><strong><br><\/strong><strong>O qu\u00ea: <\/strong>Interven\u00e7\u00e3o Dia do Lixo Zero<br><strong>Onde:<\/strong> Travessa Bachmann<br><strong>Quando:<\/strong> 17 de agosto das 7h \u00e0s 18 horas<\/p>\n\n\n\n<p><strong>Gratuito<\/strong><\/p>\n\n\n\n<p><br><strong>Assessoria de Imprensa<\/strong><br>Ta\u00edsa Rodrigues<br><a href=\"mailto:tairodrigues@gmail.com\">tairodrigues@gmail.com<\/a>\u00a0<\/p>\n\n\n\n<figure class=\"wp-block-image\"><img \/><\/figure>\n","protected":false},"excerpt":{"rendered":"<p>A\u00e7\u00e3o tem como objetivo destacar a import\u00e2ncia da reciclagem A lixeira n\u00e3o \u00e9 o fim,&#8230;<\/p>\n","protected":false},"author":3,"featured_media":5623,"comment_status":"closed","ping_status":"open","sticky":false,"template":"","format":"standard","meta":{"om_disable_all_campaigns":false,"_monsterinsights_skip_tracking":false,"_monsterinsights_sitenote_active":false,"_monsterinsights_sitenote_note":"","_monsterinsights_sitenote_category":0,"spay_email":""},"categories":[1],"tags":[],"jetpack_featured_media_url":"https:\/\/vimagazine.com.br\/wp-content\/uploads\/2022\/08\/DSC_0072-e1660663041903.jpg","_links":{"self":[{"href":"https:\/\/vimagazine.com.br\/index.php?rest_route=\/wp\/v2\/posts\/5622"}],"collection":[{"href":"https:\/\/vimagazine.com.br\/index.php?rest_route=\/wp\/v2\/posts"}],"about":[{"href":"https:\/\/vimagazine.com.br\/index.php?rest_route=\/wp\/v2\/types\/post"}],"author":[{"embeddable":true,"href":"https:\/\/vimagazine.com.br\/index.php?rest_route=\/wp\/v2\/users\/3"}],"replies":[{"embeddable":true,"href":"https:\/\/vimagazine.com.br\/index.php?rest_route=%2Fwp%2Fv2%2Fcomments&post=5622"}],"version-history":[{"count":2,"href":"https:\/\/vimagazine.com.br\/index.php?rest_route=\/wp\/v2\/posts\/5622\/revisions"}],"predecessor-version":[{"id":5625,"href":"https:\/\/vimagazine.com.br\/index.php?rest_route=\/wp\/v2\/posts\/5622\/revisions\/5625"}],"wp:featuredmedia":[{"embeddable":true,"href":"https:\/\/vimagazine.com.br\/index.php?rest_route=\/wp\/v2\/media\/5623"}],"wp:attachment":[{"href":"https:\/\/vimagazine.com.br\/index.php?rest_route=%2Fwp%2Fv2%2Fmedia&parent=5622"}],"wp:term":[{"taxonomy":"category","embeddable":true,"href":"https:\/\/vimagazine.com.br\/index.php?rest_route=%2Fwp%2Fv2%2Fcategories&post=5622"},{"taxonomy":"post_tag","embeddable":true,"href":"https:\/\/vimagazine.com.br\/index.php?rest_route=%2Fwp%2Fv2%2Ftags&post=5622"}],"curies":[{"name":"wp","href":"https:\/\/api.w.org\/{rel}","templated":true}]}}