{"id":5657,"date":"2022-08-18T12:30:34","date_gmt":"2022-08-18T15:30:34","guid":{"rendered":"https:\/\/vimagazine.com.br\/?p=5657"},"modified":"2022-08-18T12:30:39","modified_gmt":"2022-08-18T15:30:39","slug":"diretora-de-operacoes-fala-da-importancia-do-programa-ricos","status":"publish","type":"post","link":"https:\/\/vimagazine.com.br\/?p=5657","title":{"rendered":"Diretora de opera\u00e7\u00f5es fala da import\u00e2ncia do Programa Ricos"},"content":{"rendered":"\n<p><\/p>\n\n\n\n<p><strong>Ketlen Farias <\/strong>\u00e9 Diretora de opera\u00e7\u00f5es do \u2018Programa Ricos\u2019 nas regi\u00f5es norte e nordeste do Brasil, possui forma\u00e7\u00e3o em <strong>Coaching<\/strong> e tem forma\u00e7\u00e3o em empreendedorismo pelo Empretec do <strong>Sebrae<\/strong>.<\/p>\n\n\n\n<p><\/p>\n\n\n\n<p>\u00a0\u00a0 Para falar sobre o \u2018<strong>Programa Ricos<\/strong>\u2019 \u2013 forma\u00e7\u00e3o de l\u00edderes de excel\u00eancia, voltado para tornar pessoas aptas a serem empreendedoras de sucesso, e saberem como se manterem bem-sucedidas, que eu entrevistei a diretora de opera\u00e7\u00f5es, <strong>Ketlen Farias<\/strong>. Na oportunidade, a entrevistada fala sobre a import\u00e2ncia de uma das empresas de <strong>Rita Lima<\/strong> e <strong>Igor Oliveira<\/strong> na transforma\u00e7\u00e3o de sua vida entre outras coisas. \u00a0<\/p>\n\n\n\n<p><\/p>\n\n\n\n<figure class=\"wp-block-image size-large\"><img width=\"1024\" height=\"576\" src=\"https:\/\/vimagazine.com.br\/wp-content\/uploads\/2022\/08\/a0ca7132-9112-4240-b698-a79425275c51-1-1024x576.jpg\" alt=\"\" class=\"wp-image-5658\" srcset=\"https:\/\/vimagazine.com.br\/wp-content\/uploads\/2022\/08\/a0ca7132-9112-4240-b698-a79425275c51-1-1024x576.jpg 1024w, https:\/\/vimagazine.com.br\/wp-content\/uploads\/2022\/08\/a0ca7132-9112-4240-b698-a79425275c51-1-300x169.jpg 300w, https:\/\/vimagazine.com.br\/wp-content\/uploads\/2022\/08\/a0ca7132-9112-4240-b698-a79425275c51-1-768x432.jpg 768w, https:\/\/vimagazine.com.br\/wp-content\/uploads\/2022\/08\/a0ca7132-9112-4240-b698-a79425275c51-1.jpg 1280w\" sizes=\"(max-width: 1024px) 100vw, 1024px\" \/><figcaption>Foto: divulga\u00e7\u00e3o <\/figcaption><\/figure>\n\n\n\n<p><\/p>\n\n\n\n<p><strong><em>Quando e como voc\u00ea conheceu o \u2018Programa Ricos\u2019?<\/em><\/strong><\/p>\n\n\n\n<p><\/p>\n\n\n\n<p>\u00a0 <strong>R:<\/strong> Em 2016, quando comecei a trabalhar com <strong>Rita Lima<\/strong> e <strong>Igor Oliveira<\/strong>. N\u00e3o existia o programa ricos, mas desde que foi lan\u00e7ado estou junto com eles e tenho certeza que essa \u00e9 uma parceria muito duradoura, pois desde o primeiro momento, j\u00e1 foi sucesso.<\/p>\n\n\n\n<p><\/p>\n\n\n\n<p><strong><em>Qual a import\u00e2ncia do \u2018Programa Ricos\u2019 na sua vida?<\/em><\/strong><\/p>\n\n\n\n<p><\/p>\n\n\n\n<p><strong>R:<\/strong> \u00a0Todos n\u00f3s precisamos de um direcionamento, de mentores que nos guiem e nos orientem. \u00a0Ent\u00e3o o Programa Ricos tem total import\u00e2ncia, pois durante esses 6 anos que tenho de mercado, conseguimos alavancar nossa vida profissional de uma forma inexplic\u00e1vel.<\/p>\n\n\n\n<p><\/p>\n\n\n\n<p><strong><em>Em que e como especificamente, o \u2018Programa Ricos\u2019, transformou sua vida?<\/em><\/strong><\/p>\n\n\n\n<p><\/p>\n\n\n\n<p>\u00a0 <strong>R:<\/strong> \u00a0Como comecei bem nova, na \u00e9poca tinha 20 anos, o programa Ricos de forma direta me ajudou a ter maturidade profissional e pessoal, entender o mercado, a me capacitar e me adaptar para lidar com pessoas. O Programa Ricos transformou n\u00e3o s\u00f3 a minha vida, como a vida de diversos outros parceiros.<\/p>\n\n\n\n<p><\/p>\n\n\n\n<p><strong><em>H\u00e1 quanto tempo voc\u00ea trabalha com os mentores Rita Lima e Igor Oliveira e o que eles representam para voc\u00ea?<\/em><\/strong><\/p>\n\n\n\n<p><\/p>\n\n\n\n<p>\u00a0<strong>R:<\/strong> Desde 2016, um total de 6 anos. Rita e Igor al\u00e9m de parceiros de neg\u00f3cios, s\u00e3o meus mentores e amigos. Eu sempre falo, que n\u00e3o importa quanto tempo passe, n\u00e3o esque\u00e7a de quem te ajudou a chegar l\u00e1. Eles representam for\u00e7a, resili\u00eancia e al\u00e9m de tudo exemplo, pois \u00e9 um casal que me inspiro pela hist\u00f3ria que possuem e os admiro demais.<\/p>\n\n\n\n<p><\/p>\n\n\n\n<p><strong><em>Como foi chegar ao cargo de diretora de opera\u00e7\u00f5es e quais s\u00e3o as suas principais fun\u00e7\u00f5es?<\/em><\/strong><\/p>\n\n\n\n<p><\/p>\n\n\n\n<p>\u00a0 <strong>R:<\/strong> Foi um longo processo, tive que passar por todos os n\u00edveis. Desde vendedora at\u00e9 chegar ao cargo de diretora. N\u00e3o tive pressa, fui sentindo as etapas, entendendo que a cada n\u00edvel \u00e9 necess\u00e1rio um aprendizado a mais para que voc\u00ea consiga vender a ideia para outras pessoas de que o neg\u00f3cio pode ser pr\u00f3spero e duradouro, realmente pode ser levado como uma carreira profissional de sucesso.<\/p>\n\n\n\n<p><\/p>\n\n\n\n<p>\u00a0 &#8211; \u00a0Hoje como diretora, trabalho na expans\u00e3o do time da regi\u00e3o norte e nordeste do pa\u00eds, sempre com o intuito de alavancar as vendas de cons\u00f3rcios nessas respectivas regi\u00f5es, com treinamentos, mentorias, eventos, capacita\u00e7\u00e3o dos gestores respons\u00e1veis pelos estados dessas regi\u00f5es, para que possamos continuar com esse trabalho impec\u00e1vel, n\u00e3o \u00e9 \u00e0 toa que o time Ricos \u00e9 o melhor do Brasil.<\/p>\n\n\n\n<p><\/p>\n\n\n\n<p><strong><em>Atualmente quem s\u00e3o os representantes do grupo em todo o Brasil?<\/em><\/strong><\/p>\n\n\n\n<p><\/p>\n\n\n\n<p>\u00a0<strong>R:<\/strong>\u00a0 Danny Hebert , Bruna Franco, D\u00e9bora Oliveira, Frank Arag\u00e3o, Daniel Lima, Yasmin C\u00e2ndido, Claudemir Mar\u00e7al , Laura Lallesca, Aline Silva, \u00c1lvaro Rocha e Mayse, Gabriel Duarte, Amanda Karolayne, Lucas Henrique, C\u00e1ssia Lima, Alan Pereira, Raquel Poliana, Jos\u00e9 mathias e Camila Oliveira, Wilison Teixeira, Marcela Farias, \u00cdtala Gomes, B\u00e1rbara Sammy e Daniel Pessoa, Wellington Marcelino, Monica Brasil, Andr\u00e9 Luiz, Ruan Barbosa, Fernando Bispo.<\/p>\n\n\n\n<p><\/p>\n\n\n\n<p><strong><em>Qual o conselho que voc\u00ea d\u00e1 para aqueles que querem participar do \u2018Programa Ricos\u2019?<\/em><\/strong><\/p>\n\n\n\n<p><\/p>\n\n\n\n<p>\u00a0<strong>R:<\/strong> Para voc\u00ea que quer fazer parte desse time incr\u00edvel, tome a decis\u00e3o hoje! Temos uma equipe de gestores estaduais capacitados para te dar todo o suporte necess\u00e1rio e fazer voc\u00ea alavancar seus resultados. O time Ricos tem uma bagagem humana que te faz elevar seus resultados e te faz performar como nunca. Ent\u00e3o se voc\u00ea \u00e9 representante comercial de vendas de cons\u00f3rcio e est\u00e1 \u00e0 procura de uma equipe qualificada para te orientar a ter resultados melhores, n\u00e3o s\u00f3 para voc\u00ea, como para seus clientes, fale comigo ou com nossos gestores autorizados.<\/p>\n\n\n\n<p><\/p>\n\n\n\n<p><strong><em>Quais os benef\u00edcios adquiridos pelo programa de forma\u00e7\u00e3o de l\u00edderes?<\/em><\/strong><\/p>\n\n\n\n<p><strong><em>O programa te oferece:<\/em><\/strong><\/p>\n\n\n\n<p>-Treinamentos on-lines<\/p>\n\n\n\n<p>&#8211; Treinamentos presenciais<\/p>\n\n\n\n<p>&#8211; Imers\u00f5es<\/p>\n\n\n\n<p>&#8211; Mentorias<\/p>\n\n\n\n<p>&#8211; Mister Minds<\/p>\n\n\n\n<p>&#8211; Momentos motivacionais (tv riquinho)<\/p>\n\n\n\n<p>&#8211; Lives<\/p>\n\n\n\n<p>&#8211; Networking de sucesso<\/p>\n\n\n\n<p>&#8211; Encontro de lideres<\/p>\n\n\n\n<p>&#8211; Premia\u00e7\u00f5es<\/p>\n\n\n\n<p><\/p>\n\n\n\n<p><strong><em>Como as pessoas podem fazer para entrar em contato com voc\u00eas?<\/em><\/strong><\/p>\n\n\n\n<p><\/p>\n\n\n\n<p><strong>\u00a0 R:<\/strong> Al\u00e9m de termos uma equipe comercial preparada para selecionar novos parceiro, eu posso ser contactada atrav\u00e9s do meu e-mail <a href=\"mailto:ketlenfarias@outlook.com\">ketlenfarias@outlook.com<\/a>, no meu Instagram <a href=\"https:\/\/www.instagram.com\/_ketlenfarias\/\">@_ketlenfarias<\/a>, ou atrav\u00e9s WhatsApp (84) 99673-8307. Clique tamb\u00e9m no link do nosso <a href=\"https:\/\/www.instagram.com\/programa.ricos\/\">Whatsapp<\/a> que est\u00e1 na Bio do nosso Instagram (<a href=\"https:\/\/www.instagram.com\/programa.ricos\/\">@programa.ricos<\/a>) e nossa equipe entrar\u00e1 em contato. Entre em contato conosco, e fa\u00e7a parte do time que mais cresce no Brasil.<\/p>\n\n\n\n<p><\/p>\n","protected":false},"excerpt":{"rendered":"<p>Ketlen Farias \u00e9 Diretora de opera\u00e7\u00f5es do \u2018Programa Ricos\u2019 nas regi\u00f5es norte e nordeste do&#8230;<\/p>\n","protected":false},"author":2,"featured_media":5659,"comment_status":"closed","ping_status":"open","sticky":false,"template":"","format":"standard","meta":{"om_disable_all_campaigns":false,"_monsterinsights_skip_tracking":false,"_monsterinsights_sitenote_active":false,"_monsterinsights_sitenote_note":"","_monsterinsights_sitenote_category":0,"spay_email":""},"categories":[31],"tags":[143,383,385,384,324],"jetpack_featured_media_url":"https:\/\/vimagazine.com.br\/wp-content\/uploads\/2022\/08\/e4b28b66-c311-4384-a7d6-efb89b759f1a.jpg","_links":{"self":[{"href":"https:\/\/vimagazine.com.br\/index.php?rest_route=\/wp\/v2\/posts\/5657"}],"collection":[{"href":"https:\/\/vimagazine.com.br\/index.php?rest_route=\/wp\/v2\/posts"}],"about":[{"href":"https:\/\/vimagazine.com.br\/index.php?rest_route=\/wp\/v2\/types\/post"}],"author":[{"embeddable":true,"href":"https:\/\/vimagazine.com.br\/index.php?rest_route=\/wp\/v2\/users\/2"}],"replies":[{"embeddable":true,"href":"https:\/\/vimagazine.com.br\/index.php?rest_route=%2Fwp%2Fv2%2Fcomments&post=5657"}],"version-history":[{"count":1,"href":"https:\/\/vimagazine.com.br\/index.php?rest_route=\/wp\/v2\/posts\/5657\/revisions"}],"predecessor-version":[{"id":5660,"href":"https:\/\/vimagazine.com.br\/index.php?rest_route=\/wp\/v2\/posts\/5657\/revisions\/5660"}],"wp:featuredmedia":[{"embeddable":true,"href":"https:\/\/vimagazine.com.br\/index.php?rest_route=\/wp\/v2\/media\/5659"}],"wp:attachment":[{"href":"https:\/\/vimagazine.com.br\/index.php?rest_route=%2Fwp%2Fv2%2Fmedia&parent=5657"}],"wp:term":[{"taxonomy":"category","embeddable":true,"href":"https:\/\/vimagazine.com.br\/index.php?rest_route=%2Fwp%2Fv2%2Fcategories&post=5657"},{"taxonomy":"post_tag","embeddable":true,"href":"https:\/\/vimagazine.com.br\/index.php?rest_route=%2Fwp%2Fv2%2Ftags&post=5657"}],"curies":[{"name":"wp","href":"https:\/\/api.w.org\/{rel}","templated":true}]}}