{"id":5677,"date":"2022-08-19T02:52:15","date_gmt":"2022-08-19T05:52:15","guid":{"rendered":"https:\/\/vimagazine.com.br\/?p=5677"},"modified":"2022-08-19T08:21:41","modified_gmt":"2022-08-19T11:21:41","slug":"hotel-radisson-vila-olimpia-inaugura-suites-inteligentes","status":"publish","type":"post","link":"https:\/\/vimagazine.com.br\/?p=5677","title":{"rendered":"Hotel Radisson Vila Ol\u00edmpia inaugura su\u00edtes inteligentes"},"content":{"rendered":"\n<p><strong>Daniel Matoso<\/strong> \u00e9 Gerente geral do Hotel Radisson &#8211; Vila Ol\u00edmpia<\/p>\n\n\n\n<p>&nbsp; Para falar sobre inova\u00e7\u00e3o e da implementa\u00e7\u00e3o de su\u00edtes inteligentes, eu entrevistei com exclusividade, Daniel Matoso que \u00e9 o gerente geral do Hotel <strong>Radisson Vila Ol\u00edmpia<\/strong>.<\/p>\n\n\n\n<p><\/p>\n\n\n\n<figure class=\"wp-block-image size-large\"><img width=\"1024\" height=\"1024\" src=\"https:\/\/vimagazine.com.br\/wp-content\/uploads\/2022\/08\/744dcd49-cec2-4ab1-9ffc-7c32dc28fe8c-1024x1024.jpg\" alt=\"\" class=\"wp-image-5678\" srcset=\"https:\/\/vimagazine.com.br\/wp-content\/uploads\/2022\/08\/744dcd49-cec2-4ab1-9ffc-7c32dc28fe8c-1024x1024.jpg 1024w, https:\/\/vimagazine.com.br\/wp-content\/uploads\/2022\/08\/744dcd49-cec2-4ab1-9ffc-7c32dc28fe8c-300x300.jpg 300w, https:\/\/vimagazine.com.br\/wp-content\/uploads\/2022\/08\/744dcd49-cec2-4ab1-9ffc-7c32dc28fe8c-150x150.jpg 150w, https:\/\/vimagazine.com.br\/wp-content\/uploads\/2022\/08\/744dcd49-cec2-4ab1-9ffc-7c32dc28fe8c-768x768.jpg 768w, https:\/\/vimagazine.com.br\/wp-content\/uploads\/2022\/08\/744dcd49-cec2-4ab1-9ffc-7c32dc28fe8c-1536x1536.jpg 1536w, https:\/\/vimagazine.com.br\/wp-content\/uploads\/2022\/08\/744dcd49-cec2-4ab1-9ffc-7c32dc28fe8c.jpg 1600w\" sizes=\"(max-width: 1024px) 100vw, 1024px\" \/><figcaption>Foto: divulga\u00e7\u00e3o <\/figcaption><\/figure>\n\n\n\n<p><strong><em>O que s\u00e3o su\u00edtes inteligentes e quais os benef\u00edcios?<\/em><\/strong><\/p>\n\n\n\n<p>&nbsp;<strong>R:<\/strong> S\u00e3o su\u00edtes que trazem uma solu\u00e7\u00e3o de automa\u00e7\u00e3o durante a hospedagem no Hotel Radisson Vila Ol\u00edmpia possibilitando ao h\u00f3spede controlar todos os equipamentos das unidades habitacionais (su\u00edtes) como ar-condicionado, ilumina\u00e7\u00e3o e televisores em um s\u00f3 sistema. A solu\u00e7\u00e3o de automa\u00e7\u00e3o \u00e9 respons\u00e1vel pelo controle de todos os equipamentos das unidades habitacionais (su\u00edtes) como ar-condicionado, ilumina\u00e7\u00e3o, cortinas e televisores em um s\u00f3 sistema. A vasta op\u00e7\u00e3o de interatividade permite adequar o sistema a qualquer perfil de h\u00f3spede. A ideia \u00e9 oferecer aos h\u00f3spedes, mais do que as facilidades j\u00e1 encontradas no mercado atualmente. Queremos proporcionar uma experi\u00eancia diferenciada com mais conforto e comodidade. Para isso, o sistema escolhido foi a assistente virtual da Amazon (Alexa), que fica permanentemente configurada nas su\u00edtes para que o h\u00f3spede possa controlar os itens do quarto por meio do comando de voz.<\/p>\n\n\n\n<p>&nbsp; &#8211; A lista de comandos da Alexa contempla atividades como acender e apagar as luzes, ligar e desligar o ar-condicionado e a televis\u00e3o, assistir o modo cinema numa super tela, relaxar com cromoterapia, abrir e fechar as cortinas e, outras funcionalidades tais como: reprodu\u00e7\u00e3o de m\u00fasicas, defini\u00e7\u00e3o de alarmes, solicita\u00e7\u00e3o de informa\u00e7\u00f5es sobre o cotidiano, como tr\u00e2nsito e resultados de esportes &#8211; tudo em tempo real.<\/p>\n\n\n\n<p><strong><em>Como e onde surgiu a ideia desse formato de hospedagem inteligente?<\/em><\/strong><\/p>\n\n\n\n<p>&nbsp; <strong>R:<\/strong> &nbsp;A inspira\u00e7\u00e3o para os quartos inteligentes no Brasil partiu de experi\u00eancias em hotelaria de luxo fora do pa\u00eds. Ap\u00f3s a viv\u00eancia em um dos hot\u00e9is nos Estados Unidos, sa\u00edmos do cotidiano aonde v\u00edamos apenas automa\u00e7\u00e3o de cortinas, ilumina\u00e7\u00e3o e tv e passamos a automatizar tudo dentro da su\u00edte para causar uma \u00f3tima experi\u00eancia ao h\u00f3spede. \u00c0 vers\u00e3o brasileira das su\u00edtes inteligentes \u2013 que s\u00e3o consideradas um projeto piloto \u2013, foi executada em parceria com a empresa \u201cSmart Room\u201d.<\/p>\n\n\n\n<p><strong><em>&nbsp; &nbsp;Com a implementa\u00e7\u00e3o dessas su\u00edtes com tecnologia, o que muda em rela\u00e7\u00e3o a acessibilidade para pessoas com algum tipo defici\u00eancia f\u00edsica?<\/em><\/strong><\/p>\n\n\n\n<p>&nbsp; &nbsp;<strong>R:<\/strong> &nbsp;Com uso de assistente virtual desenvolvido pela Amazon, j\u00e1 \u00e9 poss\u00edvel controlar ilumina\u00e7\u00e3o, temperatura, cortinas, TV, relaxar com cromoterapia ao final de um dia exaustivo, usar o Chromecast e ter a experi\u00eancia de assistir a sua s\u00e9ria predileta em um cinema particular com uma \u201csuper tela\u201d dispon\u00edvel nessas su\u00edtes, escutar sua playlist favorita, ter o diret\u00f3rio de servi\u00e7os do hotel a sua disposi\u00e7\u00e3o e outras funcionalidades, tudo isso por comando de voz.<\/p>\n\n\n\n<p><strong><em>Como tem sido a procura por esse tipo de acomoda\u00e7\u00e3o no Hotel Radisson Vila Ol\u00edmpia?<\/em><\/strong><\/p>\n\n\n\n<p><strong>&nbsp; R:<\/strong> &nbsp;O telefone n\u00e3o para de tocar e as solicita\u00e7\u00f5es por e-mail n\u00e3o param de chegar. Estamos com Overbooking da categoria de su\u00edtes inteligentes durante todo o m\u00eas de agosto.<\/p>\n\n\n\n<p><strong><em>As su\u00edtes inteligentes s\u00e3o um projeto piloto que vem dando certo. A que voc\u00eas atribuem a todo esse sucesso?<\/em><\/strong><\/p>\n\n\n\n<p>&nbsp;<strong>R:<\/strong> Ao longo da Pandemia, idealizamos o projeto e passamos a executar e customizar todos os cen\u00e1rios poss\u00edveis dentro da su\u00edte, desde a apresenta\u00e7\u00e3o comercial da facilidade que a su\u00edte possui, at\u00e9 mesmo todo o diret\u00f3rio de servi\u00e7os que o hotel oferece. E quando voc\u00ea percebe o passo a passo da apresenta\u00e7\u00e3o e a su\u00edte \u201cse comunicando\u201d com voc\u00ea atrav\u00e9s de um comando de voz, isso faz da hospedagem, uma experi\u00eancia \u00fanica. Quisemos fugir do tradicional da automa\u00e7\u00e3o, aonde costumamos ver apenas a ilumina\u00e7\u00e3o, Tv e cortinas. Realizamos muito mais que isso. A jornada foi toda pensada por um hoteleiro se fazendo passar por um h\u00f3spede exigente.<\/p>\n\n\n\n<p><strong><em>Voc\u00eas pretendem ampliar o n\u00famero de su\u00edtes nesse formato?<\/em><\/strong><\/p>\n\n\n\n<p>&nbsp; <strong>R:<\/strong> &nbsp;Sim. Temos no pipeline a proje\u00e7\u00e3o de mais 10 su\u00edtes at\u00e9 setembro desse ano.<\/p>\n\n\n\n<p><strong><em>Como se deu a parceria do Hotel Radisson com a empresa \u201cSmart Room\u201d para a implementa\u00e7\u00e3o das su\u00edtes inteligentes?<\/em><\/strong><\/p>\n\n\n\n<p>&nbsp; <strong>R:<\/strong> A \u201cSmart Room\u201d \u00e9 um parceiro de longa data. Ap\u00f3s a experi\u00eancia do exterior, falamos sobre o projeto e aproveitamos a Pandemia para explorar uma su\u00edte do Radisson Vila Ol\u00edmpia. Ele tinha o escopo de automa\u00e7\u00e3o e n\u00f3s t\u00ednhamos o desejo da trazer a experi\u00eancia para o nosso h\u00f3spede.<\/p>\n\n\n\n<p><strong><em>Como as pessoas podem saber mais sobre essa novidade e entrar em contato com o Hotel Radisson?<\/em><\/strong><\/p>\n\n\n\n<p>&nbsp; <strong>R:<\/strong> &nbsp;Basta acessar o site &nbsp;<a href=\"https:\/\/www.reserveatlantica.com.br\">https:\/\/www.reserveatlantica.com.br<\/a> e buscar o hotel Radisson Vila Ol\u00edmpia.<\/p>\n","protected":false},"excerpt":{"rendered":"<p>Daniel Matoso \u00e9 Gerente geral do Hotel Radisson &#8211; Vila Ol\u00edmpia &nbsp; Para falar sobre&#8230;<\/p>\n","protected":false},"author":2,"featured_media":5679,"comment_status":"closed","ping_status":"open","sticky":false,"template":"","format":"standard","meta":{"om_disable_all_campaigns":false,"_monsterinsights_skip_tracking":false,"_monsterinsights_sitenote_active":false,"_monsterinsights_sitenote_note":"","_monsterinsights_sitenote_category":0,"spay_email":""},"categories":[31],"tags":[389,386,388],"jetpack_featured_media_url":"https:\/\/vimagazine.com.br\/wp-content\/uploads\/2022\/08\/744dcd49-cec2-4ab1-9ffc-7c32dc28fe8c-1.jpg","_links":{"self":[{"href":"https:\/\/vimagazine.com.br\/index.php?rest_route=\/wp\/v2\/posts\/5677"}],"collection":[{"href":"https:\/\/vimagazine.com.br\/index.php?rest_route=\/wp\/v2\/posts"}],"about":[{"href":"https:\/\/vimagazine.com.br\/index.php?rest_route=\/wp\/v2\/types\/post"}],"author":[{"embeddable":true,"href":"https:\/\/vimagazine.com.br\/index.php?rest_route=\/wp\/v2\/users\/2"}],"replies":[{"embeddable":true,"href":"https:\/\/vimagazine.com.br\/index.php?rest_route=%2Fwp%2Fv2%2Fcomments&post=5677"}],"version-history":[{"count":2,"href":"https:\/\/vimagazine.com.br\/index.php?rest_route=\/wp\/v2\/posts\/5677\/revisions"}],"predecessor-version":[{"id":5681,"href":"https:\/\/vimagazine.com.br\/index.php?rest_route=\/wp\/v2\/posts\/5677\/revisions\/5681"}],"wp:featuredmedia":[{"embeddable":true,"href":"https:\/\/vimagazine.com.br\/index.php?rest_route=\/wp\/v2\/media\/5679"}],"wp:attachment":[{"href":"https:\/\/vimagazine.com.br\/index.php?rest_route=%2Fwp%2Fv2%2Fmedia&parent=5677"}],"wp:term":[{"taxonomy":"category","embeddable":true,"href":"https:\/\/vimagazine.com.br\/index.php?rest_route=%2Fwp%2Fv2%2Fcategories&post=5677"},{"taxonomy":"post_tag","embeddable":true,"href":"https:\/\/vimagazine.com.br\/index.php?rest_route=%2Fwp%2Fv2%2Ftags&post=5677"}],"curies":[{"name":"wp","href":"https:\/\/api.w.org\/{rel}","templated":true}]}}