{"id":5690,"date":"2022-08-22T13:57:33","date_gmt":"2022-08-22T16:57:33","guid":{"rendered":"https:\/\/vimagazine.com.br\/?p=5690"},"modified":"2022-08-22T14:09:05","modified_gmt":"2022-08-22T17:09:05","slug":"agito-em-ipanema-nesse-final-de-semana-com-o-lancamento-da-beach-wear-water-ladies","status":"publish","type":"post","link":"https:\/\/vimagazine.com.br\/?p=5690","title":{"rendered":"Agito em Ipanema nesse Final de semana com o lan\u00e7amento da Beach Wear &#8220;Water Ladies&#8221;"},"content":{"rendered":"\n<p><\/p>\n\n\n\n<p style=\"font-size:18px\">O estilista Hermes Inocencio e seu s\u00f3cio Gilson Rodrigues, donos da descolada marca masculina que leva o nome do estilista, lan\u00e7aram sua marca feminina &#8211;  Beach Wear &#8220;Water Ladies&#8221; &#8211; inaugurando sua primeira loja no cora\u00e7\u00e3o de Ipanema com um concorrido coquetel regado a muito Prosseco, elaborados drinks, acompanhados de um buffet impec\u00e1vel.<\/p>\n\n\n\n<p style=\"font-size:18px\">&nbsp;A loja com designe arrojado e moderno, das luzes em neon ao lustre lind\u00edssimo de cristal, foi um projeto idealizado e desenvolvido pelo diretor criativo das marcas: Hermes Inocencio e Water Ladies. Um Luxo!<\/p>\n\n\n\n<p style=\"font-size:18px\">A festa contou com a presen\u00e7a de famosos e imprensa,&nbsp;como&nbsp;demais convidados. Estiveram abrilhantando a festa que rolou at\u00e9 as 22:00, os atores: Claudia Melo, Marcus Tardin, Stephanie Durval, Cristiane Machado, La\u00eds Oliveira, Angel, Carolina Rateiro Lucas Leal, Esther de Oliveira, La\u00eds Gavazzi, Gutto Fernandes, Ali Sulman. Danilo Menezes Jaelma Izidio, a influencer digital Camila Coutinho e a renomada diretora de cinema e teatro Rayssa de Castro, entre outros. <\/p>\n\n\n\n<p style=\"font-size:18px\">Da imprensa tivemos presen\u00e7as de: Liberado Junior CEO do Grupo Liberado Junior, Andr\u00e9 Lap, CEO e Adelaide Lap, Diretora das revistas Digital Destaque, Mais Bonita, M\u00e1ximus e Extraordin\u00e1ria. Dra. Ana Cristina CEO do Jornal DR1 e seu marido, Marisa Ara\u00fajo do Grupo Absolute Rio, JanSen CEO do Portal Universo Art\u00edstico e Ego Brazil, Rodolfo Abreu da Revista do Villa, Warlen Pontes CEO da TV a Bordo, o colunista Ricky Rocha, o jornalista Alex Ferraz, entre outros, al\u00e9m de convidados queridos que estiveram prestigiando o evento.<\/p>\n\n\n\n<p><strong>Water ladies: Teixeira de Melo, 30.<\/strong><\/p>\n\n\n\n<p><\/p>\n\n\n\n<figure class=\"wp-container-2 wp-block-gallery-1 wp-block-gallery columns-2 is-cropped\"><ul class=\"blocks-gallery-grid\"><li class=\"blocks-gallery-item\"><figure><img width=\"1024\" height=\"683\" src=\"https:\/\/vimagazine.com.br\/wp-content\/uploads\/2022\/08\/Estilista-Hermes-Inocencio-Inaugurando-oficialmente-a-loja-de-sua-marca-Feminina-20220820185052_IMG_5891-1024x683.jpg\" alt=\"\" data-id=\"5691\" data-full-url=\"https:\/\/vimagazine.com.br\/wp-content\/uploads\/2022\/08\/Estilista-Hermes-Inocencio-Inaugurando-oficialmente-a-loja-de-sua-marca-Feminina-20220820185052_IMG_5891.jpg\" data-link=\"https:\/\/vimagazine.com.br\/?attachment_id=5691\" class=\"wp-image-5691\" srcset=\"https:\/\/vimagazine.com.br\/wp-content\/uploads\/2022\/08\/Estilista-Hermes-Inocencio-Inaugurando-oficialmente-a-loja-de-sua-marca-Feminina-20220820185052_IMG_5891-1024x683.jpg 1024w, https:\/\/vimagazine.com.br\/wp-content\/uploads\/2022\/08\/Estilista-Hermes-Inocencio-Inaugurando-oficialmente-a-loja-de-sua-marca-Feminina-20220820185052_IMG_5891-300x200.jpg 300w, https:\/\/vimagazine.com.br\/wp-content\/uploads\/2022\/08\/Estilista-Hermes-Inocencio-Inaugurando-oficialmente-a-loja-de-sua-marca-Feminina-20220820185052_IMG_5891-768x512.jpg 768w, https:\/\/vimagazine.com.br\/wp-content\/uploads\/2022\/08\/Estilista-Hermes-Inocencio-Inaugurando-oficialmente-a-loja-de-sua-marca-Feminina-20220820185052_IMG_5891-1536x1024.jpg 1536w, https:\/\/vimagazine.com.br\/wp-content\/uploads\/2022\/08\/Estilista-Hermes-Inocencio-Inaugurando-oficialmente-a-loja-de-sua-marca-Feminina-20220820185052_IMG_5891.jpg 1920w\" sizes=\"(max-width: 1024px) 100vw, 1024px\" \/><figcaption class=\"blocks-gallery-item__caption\">Estista Hermes Inocencio <\/figcaption><\/figure><\/li><li class=\"blocks-gallery-item\"><figure><img width=\"683\" height=\"1024\" src=\"https:\/\/vimagazine.com.br\/wp-content\/uploads\/2022\/08\/Atriz-Cristiane-Machado-e-o-modelo-e-ator-Ali-Sulman20220820191953_IMG_5988-683x1024.jpg\" alt=\"\" data-id=\"5692\" data-full-url=\"https:\/\/vimagazine.com.br\/wp-content\/uploads\/2022\/08\/Atriz-Cristiane-Machado-e-o-modelo-e-ator-Ali-Sulman20220820191953_IMG_5988.jpg\" data-link=\"https:\/\/vimagazine.com.br\/?attachment_id=5692\" class=\"wp-image-5692\" srcset=\"https:\/\/vimagazine.com.br\/wp-content\/uploads\/2022\/08\/Atriz-Cristiane-Machado-e-o-modelo-e-ator-Ali-Sulman20220820191953_IMG_5988-683x1024.jpg 683w, https:\/\/vimagazine.com.br\/wp-content\/uploads\/2022\/08\/Atriz-Cristiane-Machado-e-o-modelo-e-ator-Ali-Sulman20220820191953_IMG_5988-200x300.jpg 200w, https:\/\/vimagazine.com.br\/wp-content\/uploads\/2022\/08\/Atriz-Cristiane-Machado-e-o-modelo-e-ator-Ali-Sulman20220820191953_IMG_5988-768x1152.jpg 768w, https:\/\/vimagazine.com.br\/wp-content\/uploads\/2022\/08\/Atriz-Cristiane-Machado-e-o-modelo-e-ator-Ali-Sulman20220820191953_IMG_5988-1024x1536.jpg 1024w, https:\/\/vimagazine.com.br\/wp-content\/uploads\/2022\/08\/Atriz-Cristiane-Machado-e-o-modelo-e-ator-Ali-Sulman20220820191953_IMG_5988.jpg 1280w\" sizes=\"(max-width: 683px) 100vw, 683px\" \/><figcaption class=\"blocks-gallery-item__caption\">Atriz Cristiane Machado e o modelo e ator Ali Sulman<\/figcaption><\/figure><\/li><li class=\"blocks-gallery-item\"><figure><img width=\"682\" height=\"1024\" src=\"https:\/\/vimagazine.com.br\/wp-content\/uploads\/2022\/08\/Estilista-Hermes-Inocencio-e-amodelo-Jaelma-Izidio-20220820185311_IMG_5898_2-682x1024.jpg\" alt=\"\" data-id=\"5693\" data-full-url=\"https:\/\/vimagazine.com.br\/wp-content\/uploads\/2022\/08\/Estilista-Hermes-Inocencio-e-amodelo-Jaelma-Izidio-20220820185311_IMG_5898_2.jpg\" data-link=\"https:\/\/vimagazine.com.br\/?attachment_id=5693\" class=\"wp-image-5693\" srcset=\"https:\/\/vimagazine.com.br\/wp-content\/uploads\/2022\/08\/Estilista-Hermes-Inocencio-e-amodelo-Jaelma-Izidio-20220820185311_IMG_5898_2-682x1024.jpg 682w, https:\/\/vimagazine.com.br\/wp-content\/uploads\/2022\/08\/Estilista-Hermes-Inocencio-e-amodelo-Jaelma-Izidio-20220820185311_IMG_5898_2-200x300.jpg 200w, https:\/\/vimagazine.com.br\/wp-content\/uploads\/2022\/08\/Estilista-Hermes-Inocencio-e-amodelo-Jaelma-Izidio-20220820185311_IMG_5898_2-768x1153.jpg 768w, https:\/\/vimagazine.com.br\/wp-content\/uploads\/2022\/08\/Estilista-Hermes-Inocencio-e-amodelo-Jaelma-Izidio-20220820185311_IMG_5898_2-1023x1536.jpg 1023w, https:\/\/vimagazine.com.br\/wp-content\/uploads\/2022\/08\/Estilista-Hermes-Inocencio-e-amodelo-Jaelma-Izidio-20220820185311_IMG_5898_2-1024x1537.jpg 1024w, https:\/\/vimagazine.com.br\/wp-content\/uploads\/2022\/08\/Estilista-Hermes-Inocencio-e-amodelo-Jaelma-Izidio-20220820185311_IMG_5898_2.jpg 1279w\" sizes=\"(max-width: 682px) 100vw, 682px\" \/><figcaption class=\"blocks-gallery-item__caption\">Estilista Hermes Inocencio e a modelo Jaelma Izidio<\/figcaption><\/figure><\/li><li class=\"blocks-gallery-item\"><figure><img width=\"1024\" height=\"682\" src=\"https:\/\/vimagazine.com.br\/wp-content\/uploads\/2022\/08\/Atores-Carolina-Rateiro-Lais-Gavazzi-e-Daniel-Menezes-20220820195947_IMG_6145_2-1024x682.jpg\" alt=\"\" data-id=\"5694\" data-full-url=\"https:\/\/vimagazine.com.br\/wp-content\/uploads\/2022\/08\/Atores-Carolina-Rateiro-Lais-Gavazzi-e-Daniel-Menezes-20220820195947_IMG_6145_2.jpg\" data-link=\"https:\/\/vimagazine.com.br\/?attachment_id=5694\" class=\"wp-image-5694\" srcset=\"https:\/\/vimagazine.com.br\/wp-content\/uploads\/2022\/08\/Atores-Carolina-Rateiro-Lais-Gavazzi-e-Daniel-Menezes-20220820195947_IMG_6145_2-1024x682.jpg 1024w, https:\/\/vimagazine.com.br\/wp-content\/uploads\/2022\/08\/Atores-Carolina-Rateiro-Lais-Gavazzi-e-Daniel-Menezes-20220820195947_IMG_6145_2-300x200.jpg 300w, https:\/\/vimagazine.com.br\/wp-content\/uploads\/2022\/08\/Atores-Carolina-Rateiro-Lais-Gavazzi-e-Daniel-Menezes-20220820195947_IMG_6145_2-768x512.jpg 768w, https:\/\/vimagazine.com.br\/wp-content\/uploads\/2022\/08\/Atores-Carolina-Rateiro-Lais-Gavazzi-e-Daniel-Menezes-20220820195947_IMG_6145_2-1536x1023.jpg 1536w, https:\/\/vimagazine.com.br\/wp-content\/uploads\/2022\/08\/Atores-Carolina-Rateiro-Lais-Gavazzi-e-Daniel-Menezes-20220820195947_IMG_6145_2.jpg 1920w\" sizes=\"(max-width: 1024px) 100vw, 1024px\" \/><figcaption class=\"blocks-gallery-item__caption\">Atores Carolina Rateiro, Lais Gavazzi e Daniel Menezes<\/figcaption><\/figure><\/li><li class=\"blocks-gallery-item\"><figure><img width=\"1024\" height=\"682\" src=\"https:\/\/vimagazine.com.br\/wp-content\/uploads\/2022\/08\/Assessora-Deborah-Goncalves-Assessor-Alex-Ferraz-Estilista-Hermes-Inocencio-e-a-Influencer-Digital-Camila-Coutinho-20220820191201_IMG_5952_2-1024x682.jpg\" alt=\"\" data-id=\"5695\" data-full-url=\"https:\/\/vimagazine.com.br\/wp-content\/uploads\/2022\/08\/Assessora-Deborah-Goncalves-Assessor-Alex-Ferraz-Estilista-Hermes-Inocencio-e-a-Influencer-Digital-Camila-Coutinho-20220820191201_IMG_5952_2.jpg\" data-link=\"https:\/\/vimagazine.com.br\/?attachment_id=5695\" class=\"wp-image-5695\" srcset=\"https:\/\/vimagazine.com.br\/wp-content\/uploads\/2022\/08\/Assessora-Deborah-Goncalves-Assessor-Alex-Ferraz-Estilista-Hermes-Inocencio-e-a-Influencer-Digital-Camila-Coutinho-20220820191201_IMG_5952_2-1024x682.jpg 1024w, https:\/\/vimagazine.com.br\/wp-content\/uploads\/2022\/08\/Assessora-Deborah-Goncalves-Assessor-Alex-Ferraz-Estilista-Hermes-Inocencio-e-a-Influencer-Digital-Camila-Coutinho-20220820191201_IMG_5952_2-300x200.jpg 300w, https:\/\/vimagazine.com.br\/wp-content\/uploads\/2022\/08\/Assessora-Deborah-Goncalves-Assessor-Alex-Ferraz-Estilista-Hermes-Inocencio-e-a-Influencer-Digital-Camila-Coutinho-20220820191201_IMG_5952_2-768x512.jpg 768w, https:\/\/vimagazine.com.br\/wp-content\/uploads\/2022\/08\/Assessora-Deborah-Goncalves-Assessor-Alex-Ferraz-Estilista-Hermes-Inocencio-e-a-Influencer-Digital-Camila-Coutinho-20220820191201_IMG_5952_2-1536x1023.jpg 1536w, https:\/\/vimagazine.com.br\/wp-content\/uploads\/2022\/08\/Assessora-Deborah-Goncalves-Assessor-Alex-Ferraz-Estilista-Hermes-Inocencio-e-a-Influencer-Digital-Camila-Coutinho-20220820191201_IMG_5952_2.jpg 1920w\" sizes=\"(max-width: 1024px) 100vw, 1024px\" \/><figcaption class=\"blocks-gallery-item__caption\">Assessora Deborah Gon\u00e7alves, Assessor Alex Ferraz, Estilista Hermes Inocencio e a Influencer Digital Camila Coutinho<\/figcaption><\/figure><\/li><li class=\"blocks-gallery-item\"><figure><img width=\"1024\" height=\"682\" src=\"https:\/\/vimagazine.com.br\/wp-content\/uploads\/2022\/08\/Estilista-Hermes-Inocencio-e-a-atriz-e-cantora-Esther-de-Oliveira-20220820192659_IMG_6044_2-1024x682.jpg\" alt=\"\" data-id=\"5696\" data-full-url=\"https:\/\/vimagazine.com.br\/wp-content\/uploads\/2022\/08\/Estilista-Hermes-Inocencio-e-a-atriz-e-cantora-Esther-de-Oliveira-20220820192659_IMG_6044_2.jpg\" data-link=\"https:\/\/vimagazine.com.br\/?attachment_id=5696\" class=\"wp-image-5696\" srcset=\"https:\/\/vimagazine.com.br\/wp-content\/uploads\/2022\/08\/Estilista-Hermes-Inocencio-e-a-atriz-e-cantora-Esther-de-Oliveira-20220820192659_IMG_6044_2-1024x682.jpg 1024w, https:\/\/vimagazine.com.br\/wp-content\/uploads\/2022\/08\/Estilista-Hermes-Inocencio-e-a-atriz-e-cantora-Esther-de-Oliveira-20220820192659_IMG_6044_2-300x200.jpg 300w, https:\/\/vimagazine.com.br\/wp-content\/uploads\/2022\/08\/Estilista-Hermes-Inocencio-e-a-atriz-e-cantora-Esther-de-Oliveira-20220820192659_IMG_6044_2-768x512.jpg 768w, https:\/\/vimagazine.com.br\/wp-content\/uploads\/2022\/08\/Estilista-Hermes-Inocencio-e-a-atriz-e-cantora-Esther-de-Oliveira-20220820192659_IMG_6044_2-1536x1023.jpg 1536w, https:\/\/vimagazine.com.br\/wp-content\/uploads\/2022\/08\/Estilista-Hermes-Inocencio-e-a-atriz-e-cantora-Esther-de-Oliveira-20220820192659_IMG_6044_2.jpg 1920w\" sizes=\"(max-width: 1024px) 100vw, 1024px\" \/><figcaption class=\"blocks-gallery-item__caption\">Estilista Hermes Inocencio e a atriz e cantora Esther de Oliveira<\/figcaption><\/figure><\/li><li class=\"blocks-gallery-item\"><figure><img width=\"1024\" height=\"682\" src=\"https:\/\/vimagazine.com.br\/wp-content\/uploads\/2022\/08\/Atriz-Lais-Oliveira-Estilista-Hermes-Inocencio-e-a-atriz-Cristiane-machado-20220820191342_IMG_5958_2-1024x682.jpg\" alt=\"\" data-id=\"5697\" data-full-url=\"https:\/\/vimagazine.com.br\/wp-content\/uploads\/2022\/08\/Atriz-Lais-Oliveira-Estilista-Hermes-Inocencio-e-a-atriz-Cristiane-machado-20220820191342_IMG_5958_2.jpg\" data-link=\"https:\/\/vimagazine.com.br\/?attachment_id=5697\" class=\"wp-image-5697\" srcset=\"https:\/\/vimagazine.com.br\/wp-content\/uploads\/2022\/08\/Atriz-Lais-Oliveira-Estilista-Hermes-Inocencio-e-a-atriz-Cristiane-machado-20220820191342_IMG_5958_2-1024x682.jpg 1024w, https:\/\/vimagazine.com.br\/wp-content\/uploads\/2022\/08\/Atriz-Lais-Oliveira-Estilista-Hermes-Inocencio-e-a-atriz-Cristiane-machado-20220820191342_IMG_5958_2-300x200.jpg 300w, https:\/\/vimagazine.com.br\/wp-content\/uploads\/2022\/08\/Atriz-Lais-Oliveira-Estilista-Hermes-Inocencio-e-a-atriz-Cristiane-machado-20220820191342_IMG_5958_2-768x512.jpg 768w, https:\/\/vimagazine.com.br\/wp-content\/uploads\/2022\/08\/Atriz-Lais-Oliveira-Estilista-Hermes-Inocencio-e-a-atriz-Cristiane-machado-20220820191342_IMG_5958_2-1536x1023.jpg 1536w, https:\/\/vimagazine.com.br\/wp-content\/uploads\/2022\/08\/Atriz-Lais-Oliveira-Estilista-Hermes-Inocencio-e-a-atriz-Cristiane-machado-20220820191342_IMG_5958_2.jpg 1920w\" sizes=\"(max-width: 1024px) 100vw, 1024px\" \/><figcaption class=\"blocks-gallery-item__caption\">Atriz Lais Oliveira, Estilista Hermes Inocencio e a atriz Cristiane Machado<\/figcaption><\/figure><\/li><li class=\"blocks-gallery-item\"><figure><img width=\"1024\" height=\"683\" src=\"https:\/\/vimagazine.com.br\/wp-content\/uploads\/2022\/08\/Estilista-Hermes-IInocencio-e-o-ator-Marcus-Tardin-20220820195349_IMG_6143_2-1024x683.jpg\" alt=\"\" data-id=\"5698\" data-full-url=\"https:\/\/vimagazine.com.br\/wp-content\/uploads\/2022\/08\/Estilista-Hermes-IInocencio-e-o-ator-Marcus-Tardin-20220820195349_IMG_6143_2.jpg\" data-link=\"https:\/\/vimagazine.com.br\/?attachment_id=5698\" class=\"wp-image-5698\" srcset=\"https:\/\/vimagazine.com.br\/wp-content\/uploads\/2022\/08\/Estilista-Hermes-IInocencio-e-o-ator-Marcus-Tardin-20220820195349_IMG_6143_2-1024x683.jpg 1024w, https:\/\/vimagazine.com.br\/wp-content\/uploads\/2022\/08\/Estilista-Hermes-IInocencio-e-o-ator-Marcus-Tardin-20220820195349_IMG_6143_2-300x200.jpg 300w, https:\/\/vimagazine.com.br\/wp-content\/uploads\/2022\/08\/Estilista-Hermes-IInocencio-e-o-ator-Marcus-Tardin-20220820195349_IMG_6143_2-768x512.jpg 768w, https:\/\/vimagazine.com.br\/wp-content\/uploads\/2022\/08\/Estilista-Hermes-IInocencio-e-o-ator-Marcus-Tardin-20220820195349_IMG_6143_2-1536x1024.jpg 1536w, https:\/\/vimagazine.com.br\/wp-content\/uploads\/2022\/08\/Estilista-Hermes-IInocencio-e-o-ator-Marcus-Tardin-20220820195349_IMG_6143_2.jpg 1920w\" sizes=\"(max-width: 1024px) 100vw, 1024px\" \/><figcaption class=\"blocks-gallery-item__caption\">Estilista Hermes IInocencio e o ator Marcus Tardin<\/figcaption><\/figure><\/li><li class=\"blocks-gallery-item\"><figure><img width=\"682\" height=\"1024\" src=\"https:\/\/vimagazine.com.br\/wp-content\/uploads\/2022\/08\/AssessoraDeborah-Goncalves-e-a-atriz-e-embaixadora-da-mulher-contra-a-violiencia-domestica-Cristiane-Machado-20220820190141_IMG_5926_2-682x1024.jpg\" alt=\"\" data-id=\"5699\" data-full-url=\"https:\/\/vimagazine.com.br\/wp-content\/uploads\/2022\/08\/AssessoraDeborah-Goncalves-e-a-atriz-e-embaixadora-da-mulher-contra-a-violiencia-domestica-Cristiane-Machado-20220820190141_IMG_5926_2.jpg\" data-link=\"https:\/\/vimagazine.com.br\/?attachment_id=5699\" class=\"wp-image-5699\" srcset=\"https:\/\/vimagazine.com.br\/wp-content\/uploads\/2022\/08\/AssessoraDeborah-Goncalves-e-a-atriz-e-embaixadora-da-mulher-contra-a-violiencia-domestica-Cristiane-Machado-20220820190141_IMG_5926_2-682x1024.jpg 682w, https:\/\/vimagazine.com.br\/wp-content\/uploads\/2022\/08\/AssessoraDeborah-Goncalves-e-a-atriz-e-embaixadora-da-mulher-contra-a-violiencia-domestica-Cristiane-Machado-20220820190141_IMG_5926_2-200x300.jpg 200w, https:\/\/vimagazine.com.br\/wp-content\/uploads\/2022\/08\/AssessoraDeborah-Goncalves-e-a-atriz-e-embaixadora-da-mulher-contra-a-violiencia-domestica-Cristiane-Machado-20220820190141_IMG_5926_2-768x1153.jpg 768w, https:\/\/vimagazine.com.br\/wp-content\/uploads\/2022\/08\/AssessoraDeborah-Goncalves-e-a-atriz-e-embaixadora-da-mulher-contra-a-violiencia-domestica-Cristiane-Machado-20220820190141_IMG_5926_2-1023x1536.jpg 1023w, https:\/\/vimagazine.com.br\/wp-content\/uploads\/2022\/08\/AssessoraDeborah-Goncalves-e-a-atriz-e-embaixadora-da-mulher-contra-a-violiencia-domestica-Cristiane-Machado-20220820190141_IMG_5926_2-1024x1537.jpg 1024w, https:\/\/vimagazine.com.br\/wp-content\/uploads\/2022\/08\/AssessoraDeborah-Goncalves-e-a-atriz-e-embaixadora-da-mulher-contra-a-violiencia-domestica-Cristiane-Machado-20220820190141_IMG_5926_2.jpg 1279w\" sizes=\"(max-width: 682px) 100vw, 682px\" \/><figcaption class=\"blocks-gallery-item__caption\">AssessoraDeborah Gon\u00e7alves e a atriz e embaixadora da mulher contra a violi\u00eancia dom\u00e9stica Cristiane Machado<\/figcaption><\/figure><\/li><li class=\"blocks-gallery-item\"><figure><img width=\"1024\" height=\"683\" src=\"https:\/\/vimagazine.com.br\/wp-content\/uploads\/2022\/08\/Socio-das-marcas-Gilson-Rodriques-Deborah-Goncalves-Assessoria-de-Imprensa-e-estilista-Hermes-Inocencio-20220820201433_IMG_6193-1024x683.jpg\" alt=\"\" data-id=\"5700\" data-full-url=\"https:\/\/vimagazine.com.br\/wp-content\/uploads\/2022\/08\/Socio-das-marcas-Gilson-Rodriques-Deborah-Goncalves-Assessoria-de-Imprensa-e-estilista-Hermes-Inocencio-20220820201433_IMG_6193.jpg\" data-link=\"https:\/\/vimagazine.com.br\/?attachment_id=5700\" class=\"wp-image-5700\" srcset=\"https:\/\/vimagazine.com.br\/wp-content\/uploads\/2022\/08\/Socio-das-marcas-Gilson-Rodriques-Deborah-Goncalves-Assessoria-de-Imprensa-e-estilista-Hermes-Inocencio-20220820201433_IMG_6193-1024x683.jpg 1024w, https:\/\/vimagazine.com.br\/wp-content\/uploads\/2022\/08\/Socio-das-marcas-Gilson-Rodriques-Deborah-Goncalves-Assessoria-de-Imprensa-e-estilista-Hermes-Inocencio-20220820201433_IMG_6193-300x200.jpg 300w, https:\/\/vimagazine.com.br\/wp-content\/uploads\/2022\/08\/Socio-das-marcas-Gilson-Rodriques-Deborah-Goncalves-Assessoria-de-Imprensa-e-estilista-Hermes-Inocencio-20220820201433_IMG_6193-768x512.jpg 768w, https:\/\/vimagazine.com.br\/wp-content\/uploads\/2022\/08\/Socio-das-marcas-Gilson-Rodriques-Deborah-Goncalves-Assessoria-de-Imprensa-e-estilista-Hermes-Inocencio-20220820201433_IMG_6193-1536x1024.jpg 1536w, https:\/\/vimagazine.com.br\/wp-content\/uploads\/2022\/08\/Socio-das-marcas-Gilson-Rodriques-Deborah-Goncalves-Assessoria-de-Imprensa-e-estilista-Hermes-Inocencio-20220820201433_IMG_6193.jpg 1920w\" sizes=\"(max-width: 1024px) 100vw, 1024px\" \/><figcaption class=\"blocks-gallery-item__caption\">S\u00f3cio das marcas Gilson Rodriques, Deborah Gon\u00e7alves (Assessoria de Imprensa) e estilista Hermes Inocencio<\/figcaption><\/figure><\/li><li class=\"blocks-gallery-item\"><figure><img width=\"1024\" height=\"683\" src=\"https:\/\/vimagazine.com.br\/wp-content\/uploads\/2022\/08\/Ator-Gutto-Fernandes-atriz-Lais-Oliveira-atriz-Cristiane-Machado-estilista-Hermes-Inocnecio-e-o-ator-e-modelo-Sirio-Ali-Sulman-20220820191512_IMG_5968_2-1024x683.jpg\" alt=\"\" data-id=\"5701\" data-full-url=\"https:\/\/vimagazine.com.br\/wp-content\/uploads\/2022\/08\/Ator-Gutto-Fernandes-atriz-Lais-Oliveira-atriz-Cristiane-Machado-estilista-Hermes-Inocnecio-e-o-ator-e-modelo-Sirio-Ali-Sulman-20220820191512_IMG_5968_2.jpg\" data-link=\"https:\/\/vimagazine.com.br\/?attachment_id=5701\" class=\"wp-image-5701\" srcset=\"https:\/\/vimagazine.com.br\/wp-content\/uploads\/2022\/08\/Ator-Gutto-Fernandes-atriz-Lais-Oliveira-atriz-Cristiane-Machado-estilista-Hermes-Inocnecio-e-o-ator-e-modelo-Sirio-Ali-Sulman-20220820191512_IMG_5968_2-1024x683.jpg 1024w, https:\/\/vimagazine.com.br\/wp-content\/uploads\/2022\/08\/Ator-Gutto-Fernandes-atriz-Lais-Oliveira-atriz-Cristiane-Machado-estilista-Hermes-Inocnecio-e-o-ator-e-modelo-Sirio-Ali-Sulman-20220820191512_IMG_5968_2-300x200.jpg 300w, https:\/\/vimagazine.com.br\/wp-content\/uploads\/2022\/08\/Ator-Gutto-Fernandes-atriz-Lais-Oliveira-atriz-Cristiane-Machado-estilista-Hermes-Inocnecio-e-o-ator-e-modelo-Sirio-Ali-Sulman-20220820191512_IMG_5968_2-768x512.jpg 768w, https:\/\/vimagazine.com.br\/wp-content\/uploads\/2022\/08\/Ator-Gutto-Fernandes-atriz-Lais-Oliveira-atriz-Cristiane-Machado-estilista-Hermes-Inocnecio-e-o-ator-e-modelo-Sirio-Ali-Sulman-20220820191512_IMG_5968_2-1536x1024.jpg 1536w, https:\/\/vimagazine.com.br\/wp-content\/uploads\/2022\/08\/Ator-Gutto-Fernandes-atriz-Lais-Oliveira-atriz-Cristiane-Machado-estilista-Hermes-Inocnecio-e-o-ator-e-modelo-Sirio-Ali-Sulman-20220820191512_IMG_5968_2.jpg 1920w\" sizes=\"(max-width: 1024px) 100vw, 1024px\" \/><figcaption class=\"blocks-gallery-item__caption\">Ator Gutto Fernandes, atriz La\u00eds Oliveira, atriz Cristiane Machado, estilista Hermes Inocnecio e o ator e modelo S\u00edrio Ali Sulman<\/figcaption><\/figure><\/li><li class=\"blocks-gallery-item\"><figure><img width=\"1024\" height=\"683\" src=\"https:\/\/vimagazine.com.br\/wp-content\/uploads\/2022\/08\/Estilista-Hermes-Inocencio-e-a-atriz-e-produtora-artistica-Claudia-Melo-20220820200220_IMG_6158_2-1024x683.jpg\" alt=\"\" data-id=\"5702\" data-full-url=\"https:\/\/vimagazine.com.br\/wp-content\/uploads\/2022\/08\/Estilista-Hermes-Inocencio-e-a-atriz-e-produtora-artistica-Claudia-Melo-20220820200220_IMG_6158_2.jpg\" data-link=\"https:\/\/vimagazine.com.br\/?attachment_id=5702\" class=\"wp-image-5702\" srcset=\"https:\/\/vimagazine.com.br\/wp-content\/uploads\/2022\/08\/Estilista-Hermes-Inocencio-e-a-atriz-e-produtora-artistica-Claudia-Melo-20220820200220_IMG_6158_2-1024x683.jpg 1024w, https:\/\/vimagazine.com.br\/wp-content\/uploads\/2022\/08\/Estilista-Hermes-Inocencio-e-a-atriz-e-produtora-artistica-Claudia-Melo-20220820200220_IMG_6158_2-300x200.jpg 300w, https:\/\/vimagazine.com.br\/wp-content\/uploads\/2022\/08\/Estilista-Hermes-Inocencio-e-a-atriz-e-produtora-artistica-Claudia-Melo-20220820200220_IMG_6158_2-768x512.jpg 768w, https:\/\/vimagazine.com.br\/wp-content\/uploads\/2022\/08\/Estilista-Hermes-Inocencio-e-a-atriz-e-produtora-artistica-Claudia-Melo-20220820200220_IMG_6158_2-1536x1024.jpg 1536w, https:\/\/vimagazine.com.br\/wp-content\/uploads\/2022\/08\/Estilista-Hermes-Inocencio-e-a-atriz-e-produtora-artistica-Claudia-Melo-20220820200220_IMG_6158_2.jpg 1920w\" sizes=\"(max-width: 1024px) 100vw, 1024px\" \/><figcaption class=\"blocks-gallery-item__caption\">Estilista Hermes Inocencio e a atriz e produtora art\u00edstica Claudia Melo<\/figcaption><\/figure><\/li><li class=\"blocks-gallery-item\"><figure><img width=\"1024\" height=\"683\" src=\"https:\/\/vimagazine.com.br\/wp-content\/uploads\/2022\/08\/Estilista-Hermes-Inocencio-e-a-atriz-Modelo-e-empresaria-Stephanie-Durval-20220820202111_IMG_6202_2-1024x683.jpg\" alt=\"\" data-id=\"5703\" data-full-url=\"https:\/\/vimagazine.com.br\/wp-content\/uploads\/2022\/08\/Estilista-Hermes-Inocencio-e-a-atriz-Modelo-e-empresaria-Stephanie-Durval-20220820202111_IMG_6202_2.jpg\" data-link=\"https:\/\/vimagazine.com.br\/?attachment_id=5703\" class=\"wp-image-5703\" srcset=\"https:\/\/vimagazine.com.br\/wp-content\/uploads\/2022\/08\/Estilista-Hermes-Inocencio-e-a-atriz-Modelo-e-empresaria-Stephanie-Durval-20220820202111_IMG_6202_2-1024x683.jpg 1024w, https:\/\/vimagazine.com.br\/wp-content\/uploads\/2022\/08\/Estilista-Hermes-Inocencio-e-a-atriz-Modelo-e-empresaria-Stephanie-Durval-20220820202111_IMG_6202_2-300x200.jpg 300w, https:\/\/vimagazine.com.br\/wp-content\/uploads\/2022\/08\/Estilista-Hermes-Inocencio-e-a-atriz-Modelo-e-empresaria-Stephanie-Durval-20220820202111_IMG_6202_2-768x512.jpg 768w, https:\/\/vimagazine.com.br\/wp-content\/uploads\/2022\/08\/Estilista-Hermes-Inocencio-e-a-atriz-Modelo-e-empresaria-Stephanie-Durval-20220820202111_IMG_6202_2-1536x1024.jpg 1536w, https:\/\/vimagazine.com.br\/wp-content\/uploads\/2022\/08\/Estilista-Hermes-Inocencio-e-a-atriz-Modelo-e-empresaria-Stephanie-Durval-20220820202111_IMG_6202_2.jpg 1920w\" sizes=\"(max-width: 1024px) 100vw, 1024px\" \/><figcaption class=\"blocks-gallery-item__caption\">Estilista Hermes Inocencio e a atriz Modelo e empres\u00e1ria Stephanie Durval<\/figcaption><\/figure><\/li><li class=\"blocks-gallery-item\"><figure><img width=\"1024\" height=\"683\" src=\"https:\/\/vimagazine.com.br\/wp-content\/uploads\/2022\/08\/Rayssa-de-Castro-Diretora-de-Cinema-e-Teatro-ator-Gutto-Fernandes-e-a-atriz-Angel-Montteiro-20220820215847_IMG_6295_2-1024x683.jpg\" alt=\"\" data-id=\"5704\" data-full-url=\"https:\/\/vimagazine.com.br\/wp-content\/uploads\/2022\/08\/Rayssa-de-Castro-Diretora-de-Cinema-e-Teatro-ator-Gutto-Fernandes-e-a-atriz-Angel-Montteiro-20220820215847_IMG_6295_2.jpg\" data-link=\"https:\/\/vimagazine.com.br\/?attachment_id=5704\" class=\"wp-image-5704\" srcset=\"https:\/\/vimagazine.com.br\/wp-content\/uploads\/2022\/08\/Rayssa-de-Castro-Diretora-de-Cinema-e-Teatro-ator-Gutto-Fernandes-e-a-atriz-Angel-Montteiro-20220820215847_IMG_6295_2-1024x683.jpg 1024w, https:\/\/vimagazine.com.br\/wp-content\/uploads\/2022\/08\/Rayssa-de-Castro-Diretora-de-Cinema-e-Teatro-ator-Gutto-Fernandes-e-a-atriz-Angel-Montteiro-20220820215847_IMG_6295_2-300x200.jpg 300w, https:\/\/vimagazine.com.br\/wp-content\/uploads\/2022\/08\/Rayssa-de-Castro-Diretora-de-Cinema-e-Teatro-ator-Gutto-Fernandes-e-a-atriz-Angel-Montteiro-20220820215847_IMG_6295_2-768x512.jpg 768w, https:\/\/vimagazine.com.br\/wp-content\/uploads\/2022\/08\/Rayssa-de-Castro-Diretora-de-Cinema-e-Teatro-ator-Gutto-Fernandes-e-a-atriz-Angel-Montteiro-20220820215847_IMG_6295_2-1536x1024.jpg 1536w, https:\/\/vimagazine.com.br\/wp-content\/uploads\/2022\/08\/Rayssa-de-Castro-Diretora-de-Cinema-e-Teatro-ator-Gutto-Fernandes-e-a-atriz-Angel-Montteiro-20220820215847_IMG_6295_2.jpg 1920w\" sizes=\"(max-width: 1024px) 100vw, 1024px\" \/><figcaption class=\"blocks-gallery-item__caption\">Raissa de Castro, Gutto Fernandes, Angel Montteiro<\/figcaption><\/figure><\/li><\/ul><\/figure>\n\n\n\n<p>Fotos: Daniel Pinheiro<\/p>\n\n\n\n<p><strong><em>&nbsp;DG assessoria<\/em><\/strong><\/p>\n","protected":false},"excerpt":{"rendered":"<p>O estilista Hermes Inocencio e seu s\u00f3cio Gilson Rodrigues, donos da descolada marca masculina que&#8230;<\/p>\n","protected":false},"author":1,"featured_media":5705,"comment_status":"closed","ping_status":"open","sticky":false,"template":"","format":"standard","meta":{"om_disable_all_campaigns":false,"_monsterinsights_skip_tracking":false,"_monsterinsights_sitenote_active":false,"_monsterinsights_sitenote_note":"","_monsterinsights_sitenote_category":0,"spay_email":""},"categories":[26],"tags":[],"jetpack_featured_media_url":"https:\/\/vimagazine.com.br\/wp-content\/uploads\/2022\/08\/Water-Ladies-inauguracao-20220820194526_IMG_6123.jpg","_links":{"self":[{"href":"https:\/\/vimagazine.com.br\/index.php?rest_route=\/wp\/v2\/posts\/5690"}],"collection":[{"href":"https:\/\/vimagazine.com.br\/index.php?rest_route=\/wp\/v2\/posts"}],"about":[{"href":"https:\/\/vimagazine.com.br\/index.php?rest_route=\/wp\/v2\/types\/post"}],"author":[{"embeddable":true,"href":"https:\/\/vimagazine.com.br\/index.php?rest_route=\/wp\/v2\/users\/1"}],"replies":[{"embeddable":true,"href":"https:\/\/vimagazine.com.br\/index.php?rest_route=%2Fwp%2Fv2%2Fcomments&post=5690"}],"version-history":[{"count":2,"href":"https:\/\/vimagazine.com.br\/index.php?rest_route=\/wp\/v2\/posts\/5690\/revisions"}],"predecessor-version":[{"id":5707,"href":"https:\/\/vimagazine.com.br\/index.php?rest_route=\/wp\/v2\/posts\/5690\/revisions\/5707"}],"wp:featuredmedia":[{"embeddable":true,"href":"https:\/\/vimagazine.com.br\/index.php?rest_route=\/wp\/v2\/media\/5705"}],"wp:attachment":[{"href":"https:\/\/vimagazine.com.br\/index.php?rest_route=%2Fwp%2Fv2%2Fmedia&parent=5690"}],"wp:term":[{"taxonomy":"category","embeddable":true,"href":"https:\/\/vimagazine.com.br\/index.php?rest_route=%2Fwp%2Fv2%2Fcategories&post=5690"},{"taxonomy":"post_tag","embeddable":true,"href":"https:\/\/vimagazine.com.br\/index.php?rest_route=%2Fwp%2Fv2%2Ftags&post=5690"}],"curies":[{"name":"wp","href":"https:\/\/api.w.org\/{rel}","templated":true}]}}