{"id":5735,"date":"2022-08-23T09:29:15","date_gmt":"2022-08-23T12:29:15","guid":{"rendered":"https:\/\/vimagazine.com.br\/?p=5735"},"modified":"2022-08-23T09:29:17","modified_gmt":"2022-08-23T12:29:17","slug":"escola-tecnica-tupy-leva-visitantes-da-expogestao-a-uma-viagem-no-tempo","status":"publish","type":"post","link":"https:\/\/vimagazine.com.br\/?p=5735","title":{"rendered":"Escola T\u00e9cnica Tupy leva visitantes da Expogest\u00e3o a uma viagem no tempo"},"content":{"rendered":"\n<p><em>Exposi\u00e7\u00e3o fotogr\u00e1fica sobre os mais de 60 anos de hist\u00f3ria da escola ser\u00e1 lan\u00e7ada nesta ter\u00e7a-feira (23\/08) em Joinville, no lounge da UniSociesc no evento&nbsp;<\/em><\/p>\n\n\n\n<p>Contar uma hist\u00f3ria de mais de 60 anos n\u00e3o \u00e9 f\u00e1cil, principalmente se a miss\u00e3o for escolher cerca de 100 fatos em um acervo com mais de 5 mil fotografias. Depois de oito meses de trabalho, muita pesquisa e tratamento das imagens, a Escola T\u00e9cnica Tupy lan\u00e7a em Joinville uma exposi\u00e7\u00e3o fotogr\u00e1fica que levar\u00e1 o p\u00fablico a uma viagem no tempo.&nbsp;<\/p>\n\n\n\n<p>O lan\u00e7amento ser\u00e1 nesta ter\u00e7a-feira, dia 23 de agosto, no lounge da UniSociesc na Expogest\u00e3o, no Centro de Conven\u00e7\u00f5es da Expoville. Durante o evento, visitantes e congressistas poder\u00e3o conferir momentos marcantes da mais tradicional escola t\u00e9cnica de Joinville, hoje refer\u00eancia nacional na forma\u00e7\u00e3o de profissionais em diversas \u00e1reas de conhecimento.&nbsp;<\/p>\n\n\n\n<p>O \u201cT\u00fanel do Tempo\u201d revisita momentos determinantes na trajet\u00f3ria da ETT. Idealizada pelo diretor da Escola T\u00e9cnica Tupy e vice-reitor da UniSociesc, Fl\u00e1vio Sartori, a exposi\u00e7\u00e3o teve pesquisa e curadoria do professor de cinema e audiovisual da UniSociesc, Fabr\u00edcio Porto, da Guarda Filmes, respons\u00e1vel tamb\u00e9m pela produ\u00e7\u00e3o de um document\u00e1rio que ser\u00e1 lan\u00e7ado em setembro. O projeto e desenvolvimento do expositor \u00e9 assinado pelo ex-aluno da UniSociesc, arquiteto Gabriel Zuchi, da Paleta Arquitetura.&nbsp;<\/p>\n\n\n\n<p>L\u00edder de Marketing da ETT, Jo\u00e3o Gabriel Moreira conta que o resultado vai surpreender o p\u00fablico. \u201cForam oito meses de pesquisas, leituras, curadoria e defini\u00e7\u00e3o dos detalhes. Uma imers\u00e3o que confirmou, ainda mais, a riqueza dessa institui\u00e7\u00e3o de ensino que est\u00e1 na mem\u00f3ria e no cora\u00e7\u00e3o de tanta gente. A exposi\u00e7\u00e3o \u00e9 apenas uma fra\u00e7\u00e3o de tudo o que foi vivido em mais de seis d\u00e9cadas, mas, mesmo assim, o resultado \u00e9 incr\u00edvel e emocionante\u201d, avisa.&nbsp;<\/p>\n\n\n\n<p><strong>Boas lembran\u00e7as em riqueza de detalhes&nbsp;<\/strong><\/p>\n\n\n\n<p>O \u201cT\u00fanel do Tempo\u201d da ETT ter\u00e1, al\u00e9m das imagens com legendas, um resumo dos principais fatos para orientar os visitantes no \u201cpercurso\u201d entre as d\u00e9cadas de 1960 e 2000. Da conversa no refeit\u00f3rio da Tupy<strong>&nbsp;<\/strong>entre o ent\u00e3o presidente da empresa, Albano Schmidt, Oswaldo Pereira e oper\u00e1rios da f\u00e1brica &#8211; que deu in\u00edcio \u00e0 escola &#8211; ao atual modelo de ensino, integrado \u00e0 gradua\u00e7\u00e3o no Campus Anita Garibaldi, muitas lembran\u00e7as vir\u00e3o \u00e0 tona.&nbsp;<\/p>\n\n\n\n<p>A mostra re\u00fane mem\u00f3rias como o lan\u00e7amento da pedra fundamental da ETT, o in\u00edcio do primeiro curso de Metalurgia, a abertura da Escola Prim\u00e1ria Tupy, as visitas nacionais e internacionais, os acordos de coopera\u00e7\u00e3o t\u00e9cnica, entre outros momentos.&nbsp;<\/p>\n\n\n\n<p>A tradicional Feira de Ci\u00eancias e Tecnologia Tupy (Feciett), as Olimp\u00edadas da Escola T\u00e9cnica Tupy (Oliett) e a Festa do Fundidor n\u00e3o foram esquecidas, assim como o grande movimento de expans\u00e3o na d\u00e9cada de 1970, a parceria com empres\u00e1rios nos anos 1980, os novos cursos lan\u00e7ados na d\u00e9cada de 1990, a cria\u00e7\u00e3o do Instituto Superior Tupy, a banda da ETT e as amplia\u00e7\u00f5es e moderniza\u00e7\u00f5es da fase atual, tudo pode ser conferido no \u201cT\u00fanel do Tempo\u201d.&nbsp;<\/p>\n\n\n\n<p>Depois da Expogest\u00e3o, a exposi\u00e7\u00e3o itinerante ser\u00e1 exibida no hall de entrada da UniSociesc, no Campus Anita Garibaldi, e em outros locais de Joinville. As datas ser\u00e3o divulgadas nas redes sociais oficiais da UniSociesc e da Escola T\u00e9cnica Tupy.\u00a0<br>Fonte: <strong>Graziela Lindner<\/strong><\/p>\n","protected":false},"excerpt":{"rendered":"<p>Exposi\u00e7\u00e3o fotogr\u00e1fica sobre os mais de 60 anos de hist\u00f3ria da escola ser\u00e1 lan\u00e7ada nesta&#8230;<\/p>\n","protected":false},"author":3,"featured_media":5736,"comment_status":"closed","ping_status":"open","sticky":false,"template":"","format":"standard","meta":{"om_disable_all_campaigns":false,"_monsterinsights_skip_tracking":false,"_monsterinsights_sitenote_active":false,"_monsterinsights_sitenote_note":"","_monsterinsights_sitenote_category":0,"spay_email":""},"categories":[1],"tags":[],"jetpack_featured_media_url":"https:\/\/vimagazine.com.br\/wp-content\/uploads\/2022\/08\/exposicao-ETT-e1661257630655.jpeg","_links":{"self":[{"href":"https:\/\/vimagazine.com.br\/index.php?rest_route=\/wp\/v2\/posts\/5735"}],"collection":[{"href":"https:\/\/vimagazine.com.br\/index.php?rest_route=\/wp\/v2\/posts"}],"about":[{"href":"https:\/\/vimagazine.com.br\/index.php?rest_route=\/wp\/v2\/types\/post"}],"author":[{"embeddable":true,"href":"https:\/\/vimagazine.com.br\/index.php?rest_route=\/wp\/v2\/users\/3"}],"replies":[{"embeddable":true,"href":"https:\/\/vimagazine.com.br\/index.php?rest_route=%2Fwp%2Fv2%2Fcomments&post=5735"}],"version-history":[{"count":1,"href":"https:\/\/vimagazine.com.br\/index.php?rest_route=\/wp\/v2\/posts\/5735\/revisions"}],"predecessor-version":[{"id":5737,"href":"https:\/\/vimagazine.com.br\/index.php?rest_route=\/wp\/v2\/posts\/5735\/revisions\/5737"}],"wp:featuredmedia":[{"embeddable":true,"href":"https:\/\/vimagazine.com.br\/index.php?rest_route=\/wp\/v2\/media\/5736"}],"wp:attachment":[{"href":"https:\/\/vimagazine.com.br\/index.php?rest_route=%2Fwp%2Fv2%2Fmedia&parent=5735"}],"wp:term":[{"taxonomy":"category","embeddable":true,"href":"https:\/\/vimagazine.com.br\/index.php?rest_route=%2Fwp%2Fv2%2Fcategories&post=5735"},{"taxonomy":"post_tag","embeddable":true,"href":"https:\/\/vimagazine.com.br\/index.php?rest_route=%2Fwp%2Fv2%2Ftags&post=5735"}],"curies":[{"name":"wp","href":"https:\/\/api.w.org\/{rel}","templated":true}]}}