{"id":5739,"date":"2022-08-23T16:33:13","date_gmt":"2022-08-23T19:33:13","guid":{"rendered":"https:\/\/vimagazine.com.br\/?p=5739"},"modified":"2022-08-23T16:33:28","modified_gmt":"2022-08-23T19:33:28","slug":"80-alunos-de-escola-joinvilense-vao-ao-festival-de-opera-pela-primeira-vez","status":"publish","type":"post","link":"https:\/\/vimagazine.com.br\/?p=5739","title":{"rendered":"80 alunos de escola joinvilense v\u00e3o ao Festival de \u00d3pera pela primeira vez"},"content":{"rendered":"\n<p><em><strong>Estudantes da Escola de Educa\u00e7\u00e3o B\u00e1sica Jo\u00e3o Martins Veras <br>ir\u00e3o assistir, a convite da Coree International School, a espet\u00e1culo na Harmonia Lyra<\/strong><\/em><\/p>\n\n\n\n<p>Uma oportunidade \u00fanica promete encantar os olhos e surpreender os ouvidos de um grupo de 80 alunos do 2\u00ba e 3\u00ba ano da Escola de Educa\u00e7\u00e3o B\u00e1sica Jo\u00e3o Martins Veras, de Joinville\/SC, no pr\u00f3ximo dia 25. Eles foram convidados pela <a href=\"https:\/\/coreeschool.org.br\/\" target=\"_blank\" rel=\"noreferrer noopener\">Coree International School, a Escola Internacional de Joinville, &nbsp;<\/a>para assistir \u00e0 \u00d3pera Don Pasquale, na Sociedade Harmonia Lyra, de forma gratuita.<\/p>\n\n\n\n<p>Com idade entre 7 e 8 anos, ser\u00e1 a primeira vez que os jovens estudantes v\u00e3o assistir a um espet\u00e1culo como este. Ser\u00e3o apresentadas algumas \u00e1rias &#8211; composi\u00e7\u00f5es musicais &#8211; da \u00f3pera buffa, uma pe\u00e7a dram\u00e1tica musical. A oportunidade foi vista com muita alegria pela diretora da escola, Roberta Rita Cardoso da Silva. <em>\u201cFoi maravilhoso receber o convite, pois vimos a possibilidade de aproximar nossos alunos da m\u00fasica\u201d,<\/em> revelou.<\/p>\n\n\n\n<p>Para Roberta, ser\u00e1 uma experi\u00eancia \u00fanica e j\u00e1 repleta de expectativa para os estudantes, principalmente porque a maioria nunca foi a uma \u00f3pera nem mesmo \u00e0 Sociedade Harmonia Lyra. <em>\u201cEntendo que a cultura, arte, educa\u00e7\u00e3o e esporte s\u00e3o os pilares para criarmos cidad\u00e3os cr\u00edticos e reflexivos. A\u00e7\u00f5es como essa s\u00e3o de suma import\u00e2ncia para nossos alunos. Ficamos muito agradecidos pelo convite da Coree International School.\u201d<\/em><\/p>\n\n\n\n<p>Ser\u00e1 um momento de muitas emo\u00e7\u00f5es e conex\u00f5es, j\u00e1 que os alunos sair\u00e3o de seu ambiente escolar e estar\u00e3o imersos em uma atmosfera tem\u00e1tica, em um espa\u00e7o hist\u00f3rico da cidade&nbsp; e pr\u00f3prio para a apresenta\u00e7\u00e3o de um espet\u00e1culo musical como a \u00f3pera. Eles tamb\u00e9m ter\u00e3o a oportunidade de&nbsp; interagir com os m\u00fasicos e conhecer mais sobre a hist\u00f3ria da obra. Al\u00e9m disso, a integra\u00e7\u00e3o ocorrer\u00e1 entre os alunos das institui\u00e7\u00f5es, j\u00e1 que a Coree ir\u00e1 com cerca de 100 alunos para a \u00f3pera &#8211; um verdadeiro encontro da educa\u00e7\u00e3o e da&nbsp; arte.&nbsp;<\/p>\n\n\n\n<p>O objetivo desta a\u00e7\u00e3o, segundo Elza Giostri, Head Master da Coree International School, \u00e9 promover um momento interativo e did\u00e1tico para que os alunos possam ampliar seu contato com a cultura musical.<\/p>\n\n\n\n<p><em>\u201cAcreditamos que democratizar o acesso \u00e0 cultura \u00e9 uma forma genu\u00edna de promover uma educa\u00e7\u00e3o diferenciada. Proporcionar momentos como este para as escolas vizinhas \u00e9 um compromisso que assumimos para que todos n\u00f3s, educadores, possamos contribuir com a forma\u00e7\u00e3o de cidad\u00e3os preparados para o futuro\u201d,<\/em> explicou.<\/p>\n\n\n\n<p><strong>Servi\u00e7o<\/strong><\/p>\n\n\n\n<p>Alunos da Escola Martins Veras&nbsp; v\u00e3o assistir ao espet\u00e1culo \u00d3pera Don Pasquale<br><strong>Quando: <\/strong>25\/8 \u00e0s 14h30<\/p>\n\n\n\n<p><strong>Onde:<\/strong> Sociedade Harmonia Lyra <em>&#8211; o transporte at\u00e9 o evento ser\u00e1 ofertado pela Coree International School, de forma gratuita.<\/em><\/p>\n\n\n\n<p><strong>Assessoria de Imprensa<\/strong><br>Ta\u00edsa Rodrigues<br><a href=\"mailto:tairodrigues@gmail.com\" target=\"_blank\" rel=\"noreferrer noopener\">tairodrigues@gmail.com<\/a><\/p>\n","protected":false},"excerpt":{"rendered":"<p>Estudantes da Escola de Educa\u00e7\u00e3o B\u00e1sica Jo\u00e3o Martins Veras ir\u00e3o assistir, a convite da Coree&#8230;<\/p>\n","protected":false},"author":3,"featured_media":5740,"comment_status":"closed","ping_status":"open","sticky":false,"template":"","format":"standard","meta":{"om_disable_all_campaigns":false,"_monsterinsights_skip_tracking":false,"_monsterinsights_sitenote_active":false,"_monsterinsights_sitenote_note":"","_monsterinsights_sitenote_category":0,"spay_email":""},"categories":[1],"tags":[],"jetpack_featured_media_url":"https:\/\/vimagazine.com.br\/wp-content\/uploads\/2022\/08\/Opera_Joinville.jpeg","_links":{"self":[{"href":"https:\/\/vimagazine.com.br\/index.php?rest_route=\/wp\/v2\/posts\/5739"}],"collection":[{"href":"https:\/\/vimagazine.com.br\/index.php?rest_route=\/wp\/v2\/posts"}],"about":[{"href":"https:\/\/vimagazine.com.br\/index.php?rest_route=\/wp\/v2\/types\/post"}],"author":[{"embeddable":true,"href":"https:\/\/vimagazine.com.br\/index.php?rest_route=\/wp\/v2\/users\/3"}],"replies":[{"embeddable":true,"href":"https:\/\/vimagazine.com.br\/index.php?rest_route=%2Fwp%2Fv2%2Fcomments&post=5739"}],"version-history":[{"count":2,"href":"https:\/\/vimagazine.com.br\/index.php?rest_route=\/wp\/v2\/posts\/5739\/revisions"}],"predecessor-version":[{"id":5742,"href":"https:\/\/vimagazine.com.br\/index.php?rest_route=\/wp\/v2\/posts\/5739\/revisions\/5742"}],"wp:featuredmedia":[{"embeddable":true,"href":"https:\/\/vimagazine.com.br\/index.php?rest_route=\/wp\/v2\/media\/5740"}],"wp:attachment":[{"href":"https:\/\/vimagazine.com.br\/index.php?rest_route=%2Fwp%2Fv2%2Fmedia&parent=5739"}],"wp:term":[{"taxonomy":"category","embeddable":true,"href":"https:\/\/vimagazine.com.br\/index.php?rest_route=%2Fwp%2Fv2%2Fcategories&post=5739"},{"taxonomy":"post_tag","embeddable":true,"href":"https:\/\/vimagazine.com.br\/index.php?rest_route=%2Fwp%2Fv2%2Ftags&post=5739"}],"curies":[{"name":"wp","href":"https:\/\/api.w.org\/{rel}","templated":true}]}}