{"id":5746,"date":"2022-08-24T15:58:29","date_gmt":"2022-08-24T18:58:29","guid":{"rendered":"https:\/\/vimagazine.com.br\/?p=5746"},"modified":"2022-08-24T16:00:05","modified_gmt":"2022-08-24T19:00:05","slug":"sindexpo-balneario-camboriu-ira-apresentar-as-novidades-do-mercado-do-luxo-e-gestao-de-alto-padrao-em-condominios","status":"publish","type":"post","link":"https:\/\/vimagazine.com.br\/?p=5746","title":{"rendered":"SindExpo Balne\u00e1rio Cambori\u00fa ir\u00e1 apresentar as novidades do mercado do luxo e gest\u00e3o de alto padr\u00e3o em condom\u00ednios"},"content":{"rendered":"\n<p><\/p>\n\n\n\n<p style=\"font-size:18px\">O crescimento do mercado imobili\u00e1rio de luxo e superluxo, principalmente em Balne\u00e1rio Cambori\u00fa, com o metro quadrado mais caro do Pa\u00eds tem atra\u00eddo investidores de todos os lugares. A valoriza\u00e7\u00e3o imobili\u00e1ria da \u201cDubai brasileira\u2019 impressiona, a cidade est\u00e1 no topo do ranking do pre\u00e7o m\u00e9dio do metro quadrado com uma valoriza\u00e7\u00e3o de 22,88% no \u00faltimo ano, atualmente est\u00e1 avaliado em R$ 10,2 mil o m2. E o mercado de artigos de luxo tamb\u00e9m n\u00e3o est\u00e1 atr\u00e1s.&nbsp;O segmento teve um crescimento m\u00e9dio de 51,74% em setembro de 2021 em compara\u00e7\u00e3o com o mesmo per\u00edodo do ano anterior.&nbsp;Segundo levantamento divulgado pela Abrael a receita do mercado de bens de luxo chegou a U$ 5,226 bilh\u00f5es em 2020 e tem proje\u00e7\u00e3o de chagar a um aumento de 3% at\u00e9 2025.<\/p>\n\n\n\n<p style=\"font-size:18px\">Diante de um cen\u00e1rio t\u00e3o favor\u00e1vel a SindExpo22 Balne\u00e1rio Cambori\u00fa pela primeira vez ir\u00e1 apresentar as novidades e os conceitos da gest\u00e3o de alto padr\u00e3o para condom\u00ednios e tamb\u00e9m ir\u00e1 abrir um grande espa\u00e7o para mostrar os produtos e servi\u00e7os de alto luxo como carros, lanchas, decora\u00e7\u00e3o, facilities e muito mais.<\/p>\n\n\n\n<p style=\"font-size:18px\">A 8\u00aa SindExpo22 acontece nos dias 23 e 24 de setembro, no Expocentro Balne\u00e1rio Cambori\u00fa J\u00falio Tedesco. Ser\u00e1 a maior feira de neg\u00f3cios para condom\u00ednios do sul do pa\u00eds e ter\u00e1 uma \u00e1rea dedicada ao alto luxo no espa\u00e7o \u201cVIVER EM ALTO PADR\u00c3O\u201d, onde ser\u00e3o apresentados produtos e servi\u00e7os para suprir a demanda de um p\u00fablico exigente e sedento por novidades como im\u00f3veis, carros, lanchas, decora\u00e7\u00e3o, facilities entre outros artigos. \u201cBalne\u00e1rio Cambori\u00fa \u00e9 um mercado promissor, resolvemos trazer a SindExpo para a cidade por ser um mercado que tem muito a crescer. \u00c9 a primeira feira no Pa\u00eds voltada pa ra o segmento de condom\u00ednios de alto padr\u00e3o. Nas palestras iremos abordar os conceitos de gest\u00e3o para este p\u00fablico e agregamos ainda o mercado de luxo para suprir as necessidades deste setor\u201d, comenta Ana Paula Franco, CEO da Conectta Feiras &amp; Eventos \u2013 detentora da marca SindExpo.<\/p>\n\n\n\n<p style=\"font-size:18px\">Ser\u00e3o dois dias de uma programa\u00e7\u00e3o repleta de conte\u00fados pertinentes e com palestrantes de todo o Brasil, que trar\u00e3o temas inovadores como: \u2018Perrengue chique, \u2018Alta Tecnologia\u2019, \u2018Luxo \u00e9 individualiza\u00e7\u00e3o\u2019, Sa\u00fade mental \u00e9 luxo\u2019 e \u2018Gest\u00e3o de pessoas nos novos tempos\u2019. Dentre os nomes j\u00e1 confirmados est\u00e3o F\u00e1bio Quintanilha (Canal S\u00edndicos de Valor), Elisabeth Vel\u00e1squez (S\u00edndica Profissional e Bacharel em Direito), Vin\u00edcius Farias (CEO da AiCram) e Alb\u00e9lio Dias (Mestre em Administra\u00e7\u00e3o de Empresas). Al\u00e9m da completa programa\u00e7\u00e3o, a SindExpo conta com um es pa\u00e7o onde as empresas expositoras estar\u00e3o demonstrando as inova\u00e7\u00f5es e tecnologias \u00e0 servi\u00e7o dos condom\u00ednios.<\/p>\n\n\n\n<p style=\"font-size:18px\">A Feira de Neg\u00f3cios para condom\u00ednios se consolida como um dos mais importantes espa\u00e7os de inova\u00e7\u00e3o e tecnologia para todo o mercado condominial do Brasil. A edi\u00e7\u00e3o Balne\u00e1rio Cambori\u00fa ser\u00e1 um marco, apresentando pela primeira vez a gest\u00e3o de alto padr\u00e3o e import\u00e2ncia dessa qualifica\u00e7\u00e3o. \u201cOs desafios do novo momento condominial s\u00e3o imensos e englobam desde seguran\u00e7a, lazer, tecnologia, servi\u00e7os qualificados e tantas outras \u00e1reas que interferem na rotina das fam\u00edlias. A qualifica\u00e7\u00e3o profissional \u00e9 essencial nesse mercado\u201d, ressalta Ana Paula.<br>A Feira acontecer\u00e1 das 14h \u00e0s 20h e ter\u00e1 visita\u00e7\u00e3o gratuita, j\u00e1 as palestras come\u00e7am sempre \u00e0s 15h e ser\u00e1 necess\u00e1rio fazer inscri\u00e7\u00e3o no site do&nbsp;<a href=\"https:\/\/mail.hostinger.com\/#NOP\">www.sindexpo.com.br<\/a>, no valor de&nbsp;R$150,00 para um dia e R$ 250,00 para os dois dias&nbsp;de palestras.<\/p>\n\n\n\n<p style=\"font-size:18px\"><strong>NOVIDADE SUSTENT\u00c1VEL<\/strong><br>Na edi\u00e7\u00e3o de Balne\u00e1rio Cambori\u00fa, a SindExpo BC trar\u00e1 uma inova\u00e7\u00e3o, um condom\u00ednio conceito constru\u00eddo para apresentar solu\u00e7\u00f5es sustent\u00e1veis para o setor condominial. Com 580 m<sup>2\u00a0<\/sup>de \u00e1rea constru\u00edda, onde os s\u00edndicos e os visitantes poder\u00e3o conhecer solu\u00e7\u00f5es de produtos e servi\u00e7os, representados em um condom\u00ednio sustent\u00e1vel.<\/p>\n\n\n\n<figure class=\"wp-container-2 wp-block-gallery-1 wp-block-gallery columns-3 is-cropped\"><ul class=\"blocks-gallery-grid\"><li class=\"blocks-gallery-item\"><figure><img width=\"768\" height=\"1024\" src=\"https:\/\/vimagazine.com.br\/wp-content\/uploads\/2022\/08\/Ana-Paula-no-lancamento-da-SindExpo-768x1024.jpg\" alt=\"\" data-id=\"5748\" data-full-url=\"https:\/\/vimagazine.com.br\/wp-content\/uploads\/2022\/08\/Ana-Paula-no-lancamento-da-SindExpo.jpg\" data-link=\"https:\/\/vimagazine.com.br\/?attachment_id=5748\" class=\"wp-image-5748\" srcset=\"https:\/\/vimagazine.com.br\/wp-content\/uploads\/2022\/08\/Ana-Paula-no-lancamento-da-SindExpo-768x1024.jpg 768w, https:\/\/vimagazine.com.br\/wp-content\/uploads\/2022\/08\/Ana-Paula-no-lancamento-da-SindExpo-225x300.jpg 225w, https:\/\/vimagazine.com.br\/wp-content\/uploads\/2022\/08\/Ana-Paula-no-lancamento-da-SindExpo-1152x1536.jpg 1152w, https:\/\/vimagazine.com.br\/wp-content\/uploads\/2022\/08\/Ana-Paula-no-lancamento-da-SindExpo-1024x1365.jpg 1024w, https:\/\/vimagazine.com.br\/wp-content\/uploads\/2022\/08\/Ana-Paula-no-lancamento-da-SindExpo.jpg 1440w\" sizes=\"(max-width: 768px) 100vw, 768px\" \/><\/figure><\/li><li class=\"blocks-gallery-item\"><figure><img width=\"738\" height=\"1024\" src=\"https:\/\/vimagazine.com.br\/wp-content\/uploads\/2022\/08\/Programacao-738x1024.jpeg\" alt=\"\" data-id=\"5749\" data-full-url=\"https:\/\/vimagazine.com.br\/wp-content\/uploads\/2022\/08\/Programacao.jpeg\" data-link=\"https:\/\/vimagazine.com.br\/?attachment_id=5749\" class=\"wp-image-5749\" srcset=\"https:\/\/vimagazine.com.br\/wp-content\/uploads\/2022\/08\/Programacao-738x1024.jpeg 738w, https:\/\/vimagazine.com.br\/wp-content\/uploads\/2022\/08\/Programacao-216x300.jpeg 216w, https:\/\/vimagazine.com.br\/wp-content\/uploads\/2022\/08\/Programacao-768x1066.jpeg 768w, https:\/\/vimagazine.com.br\/wp-content\/uploads\/2022\/08\/Programacao.jpeg 922w\" sizes=\"(max-width: 738px) 100vw, 738px\" \/><\/figure><\/li><li class=\"blocks-gallery-item\"><figure><img width=\"1024\" height=\"768\" src=\"https:\/\/vimagazine.com.br\/wp-content\/uploads\/2022\/08\/SindExpo-e-lancada-1024x768.jpg\" alt=\"\" data-id=\"5750\" data-full-url=\"https:\/\/vimagazine.com.br\/wp-content\/uploads\/2022\/08\/SindExpo-e-lancada.jpg\" data-link=\"https:\/\/vimagazine.com.br\/?attachment_id=5750\" class=\"wp-image-5750\" srcset=\"https:\/\/vimagazine.com.br\/wp-content\/uploads\/2022\/08\/SindExpo-e-lancada-1024x768.jpg 1024w, https:\/\/vimagazine.com.br\/wp-content\/uploads\/2022\/08\/SindExpo-e-lancada-300x225.jpg 300w, https:\/\/vimagazine.com.br\/wp-content\/uploads\/2022\/08\/SindExpo-e-lancada-768x576.jpg 768w, https:\/\/vimagazine.com.br\/wp-content\/uploads\/2022\/08\/SindExpo-e-lancada-1536x1152.jpg 1536w, https:\/\/vimagazine.com.br\/wp-content\/uploads\/2022\/08\/SindExpo-e-lancada.jpg 1920w\" sizes=\"(max-width: 1024px) 100vw, 1024px\" \/><\/figure><\/li><\/ul><\/figure>\n\n\n\n<p><br><strong>SindExpo BC<\/strong><br><strong>Dias 23 e 24 de setembro 2022<\/strong><br><strong>Local<\/strong>: Expocentro<br><strong>Feira:<\/strong>\u00a014h \u00e0s 20h \u2013 visita\u00e7\u00e3o gratuita<br><strong>Palestras:<\/strong>\u00a0a partir das 15h<br><strong>Inscri\u00e7\u00f5es para as palestras:\u00a0<\/strong>no site\u00a0<a href=\"https:\/\/mail.hostinger.com\/#NOP\">www.sindexpo.com.br<\/a><br><strong>Valor:\u00a0<\/strong>R$150,00 para um dia e R$ 250,00 para os dois dias<br><strong>Mais informa\u00e7\u00f5es:\u00a0<\/strong><br>Ana Paula Franco: 48- 99170-1278<\/p>\n","protected":false},"excerpt":{"rendered":"<p>O crescimento do mercado imobili\u00e1rio de luxo e superluxo, principalmente em Balne\u00e1rio Cambori\u00fa, com o&#8230;<\/p>\n","protected":false},"author":1,"featured_media":5747,"comment_status":"closed","ping_status":"open","sticky":false,"template":"","format":"standard","meta":{"om_disable_all_campaigns":false,"_monsterinsights_skip_tracking":false,"_monsterinsights_sitenote_active":false,"_monsterinsights_sitenote_note":"","_monsterinsights_sitenote_category":0,"spay_email":""},"categories":[26,75],"tags":[],"jetpack_featured_media_url":"https:\/\/vimagazine.com.br\/wp-content\/uploads\/2022\/08\/Ana-SindExpo-.jpeg","_links":{"self":[{"href":"https:\/\/vimagazine.com.br\/index.php?rest_route=\/wp\/v2\/posts\/5746"}],"collection":[{"href":"https:\/\/vimagazine.com.br\/index.php?rest_route=\/wp\/v2\/posts"}],"about":[{"href":"https:\/\/vimagazine.com.br\/index.php?rest_route=\/wp\/v2\/types\/post"}],"author":[{"embeddable":true,"href":"https:\/\/vimagazine.com.br\/index.php?rest_route=\/wp\/v2\/users\/1"}],"replies":[{"embeddable":true,"href":"https:\/\/vimagazine.com.br\/index.php?rest_route=%2Fwp%2Fv2%2Fcomments&post=5746"}],"version-history":[{"count":1,"href":"https:\/\/vimagazine.com.br\/index.php?rest_route=\/wp\/v2\/posts\/5746\/revisions"}],"predecessor-version":[{"id":5751,"href":"https:\/\/vimagazine.com.br\/index.php?rest_route=\/wp\/v2\/posts\/5746\/revisions\/5751"}],"wp:featuredmedia":[{"embeddable":true,"href":"https:\/\/vimagazine.com.br\/index.php?rest_route=\/wp\/v2\/media\/5747"}],"wp:attachment":[{"href":"https:\/\/vimagazine.com.br\/index.php?rest_route=%2Fwp%2Fv2%2Fmedia&parent=5746"}],"wp:term":[{"taxonomy":"category","embeddable":true,"href":"https:\/\/vimagazine.com.br\/index.php?rest_route=%2Fwp%2Fv2%2Fcategories&post=5746"},{"taxonomy":"post_tag","embeddable":true,"href":"https:\/\/vimagazine.com.br\/index.php?rest_route=%2Fwp%2Fv2%2Ftags&post=5746"}],"curies":[{"name":"wp","href":"https:\/\/api.w.org\/{rel}","templated":true}]}}